{"id":11710779,"date":"2020-12-18T09:36:00","date_gmt":"2020-12-18T13:36:00","guid":{"rendered":"http:\/\/www.corumbaonline.com.br\/news\/?p=11710779"},"modified":"2020-12-18T09:54:50","modified_gmt":"2020-12-18T13:54:50","slug":"vesperas-de-natal-e-ano-novo-serao-de-ponto-facultativo-na-prefeitura-de-corumba","status":"publish","type":"post","link":"https:\/\/www.corumbaonline.com.br\/news\/vesperas-de-natal-e-ano-novo-serao-de-ponto-facultativo-na-prefeitura-de-corumba\/","title":{"rendered":"V\u00e9speras de Natal e Ano Novo ser\u00e3o de ponto facultativo na Prefeitura de Corumb\u00e1"},"content":{"rendered":"<p>O prefeito Marcelo Iunes decretou ponto facultativo nas reparti\u00e7\u00f5es p\u00fablicas da Prefeitura de Corumb\u00e1 nos dias 24 e 31 de dezembro, v\u00e9speras de Natal e Ano Novo, respectivamente.<\/p>\n<p>Publicado na edi\u00e7\u00e3o desta quinta-feira, 17 de dezembro, do\u00a0<em><strong>DIOCORUMB\u00c1<\/strong><\/em>, o Decreto 2.447 tamb\u00e9m estabelece a presta\u00e7\u00e3o de servi\u00e7o com redu\u00e7\u00e3o de pessoal nos per\u00edodos de 21 a 23 e de 28 a 30 de dezembro.<\/p>\n<p>Durante este per\u00edodo, os titulares das unidades organizar\u00e3o escala para que o servi\u00e7o n\u00e3o seja interrompido e o servidor possa usufruir de um dos per\u00edodos especificados pelo prefeito municipal.<\/p>\n<p>Est\u00e3o exclu\u00eddas da redu\u00e7\u00e3o de contingente as unidades que prestam atendimento direto e cont\u00ednuo aos mun\u00edcipes, em especial: de sa\u00fade e de assist\u00eancia social que prestam atendimento direto aos cidad\u00e3os; a Guarda Municipal; os servi\u00e7os de fiscaliza\u00e7\u00e3o municipal; o setor de suprimentos e servi\u00e7os; as ger\u00eancias administrativas e financeiras; o Grupo de Fiscaliza\u00e7\u00e3o Integrada do Munic\u00edpio de Corumb\u00e1.<\/p>\n<p>O Decreto estabelece ainda que fica delegada compet\u00eancia a Secretaria Municipal de Finan\u00e7as e Gest\u00e3o fixar o hor\u00e1rio de expediente das Ger\u00eancias Administrativas e Financeiras (GAFs) das entidades da Administra\u00e7\u00e3o Direta e Indireta.<\/p>\n<p>O objetivo \u00e9 garantir a execu\u00e7\u00e3o dos procedimentos de encerramento do exerc\u00edcio de 2020 e abertura do exerc\u00edcio de 2021, fiscaliza\u00e7\u00e3o do balan\u00e7o individual e consolidado, cumprimento dos prazos legalmente estabelecidos e demais confer\u00eancias para o ano vindouro, podendo ser estabelecido para estas unidades hor\u00e1rio normal de expediente, sem jornada reduzida.<\/p>\n","protected":false},"excerpt":{"rendered":"<p>O prefeito Marcelo Iunes decretou ponto facultativo nas reparti\u00e7\u00f5es p\u00fablicas da Prefeitura de Corumb\u00e1 nos&#8230;<\/p>\n","protected":false},"author":70,"featured_media":0,"comment_status":"closed","ping_status":"closed","sticky":false,"template":"","format":"standard","meta":{"footnotes":""},"categories":[14],"tags":[],"class_list":["post-11710779","post","type-post","status-publish","format-standard","hentry","category-geral"],"_links":{"self":[{"href":"https:\/\/www.corumbaonline.com.br\/news\/wp-json\/wp\/v2\/posts\/11710779","targetHints":{"allow":["GET"]}}],"collection":[{"href":"https:\/\/www.corumbaonline.com.br\/news\/wp-json\/wp\/v2\/posts"}],"about":[{"href":"https:\/\/www.corumbaonline.com.br\/news\/wp-json\/wp\/v2\/types\/post"}],"author":[{"embeddable":true,"href":"https:\/\/www.corumbaonline.com.br\/news\/wp-json\/wp\/v2\/users\/70"}],"replies":[{"embeddable":true,"href":"https:\/\/www.corumbaonline.com.br\/news\/wp-json\/wp\/v2\/comments?post=11710779"}],"version-history":[{"count":1,"href":"https:\/\/www.corumbaonline.com.br\/news\/wp-json\/wp\/v2\/posts\/11710779\/revisions"}],"predecessor-version":[{"id":11710780,"href":"https:\/\/www.corumbaonline.com.br\/news\/wp-json\/wp\/v2\/posts\/11710779\/revisions\/11710780"}],"wp:attachment":[{"href":"https:\/\/www.corumbaonline.com.br\/news\/wp-json\/wp\/v2\/media?parent=11710779"}],"wp:term":[{"taxonomy":"category","embeddable":true,"href":"https:\/\/www.corumbaonline.com.br\/news\/wp-json\/wp\/v2\/categories?post=11710779"},{"taxonomy":"post_tag","embeddable":true,"href":"https:\/\/www.corumbaonline.com.br\/news\/wp-json\/wp\/v2\/tags?post=11710779"}],"curies":[{"name":"wp","href":"https:\/\/api.w.org\/{rel}","templated":true}]}}