{"id":11710781,"date":"2020-12-18T09:48:00","date_gmt":"2020-12-18T13:48:00","guid":{"rendered":"http:\/\/www.corumbaonline.com.br\/news\/?p=11710781"},"modified":"2020-12-18T09:57:14","modified_gmt":"2020-12-18T13:57:14","slug":"sequelas-da-covid-19-vao-alem-da-fadiga-ressalta-especialista","status":"publish","type":"post","link":"https:\/\/www.corumbaonline.com.br\/news\/sequelas-da-covid-19-vao-alem-da-fadiga-ressalta-especialista\/","title":{"rendered":"Sequelas da Covid-19 v\u00e3o al\u00e9m da fadiga, ressalta especialista"},"content":{"rendered":"<p>Mato Grosso do Sul tem, aproximadamente, 100 mil pessoas recuperadas do coronav\u00edrus, \u00e9 o que mostra o boletim epidemiol\u00f3gico da Secretaria de Estado de Sa\u00fade, do Governo do Estado. Os dados s\u00e3o positivos e revelam um alto indicador da recupera\u00e7\u00e3o da doen\u00e7a, por\u00e9m a Covid-19 tem deixado algumas sequelas na sa\u00fade da popula\u00e7\u00e3o que v\u00e3o al\u00e9m da fadiga.<\/p>\n<figure id=\"attachment_308769\" class=\"wp-caption alignnone\">\n<p><figure id=\"attachment_308769\" aria-describedby=\"caption-attachment-308769\" style=\"width: 300px\" class=\"wp-caption alignnone\"><img loading=\"lazy\" decoding=\"async\" class=\"wp-image-308769 size-medium\" src=\"http:\/\/www.ms.gov.br\/wp-content\/uploads\/sites\/150\/2020\/06\/Live-Coronav%C3%ADrus-Foto-Edemir-Rodrigues-3-300x166.jpg\" alt=\"\" width=\"300\" height=\"166\" \/><figcaption id=\"caption-attachment-308769\" class=\"wp-caption-text\">Infectologista ressalta que estudo das sequelas ainda \u00e9 prematuro pelo tempo de exist\u00eancia da pandemia no mundo<\/figcaption><\/figure><\/figure>\n<figure id=\"attachment_336177\" class=\"wp-caption alignright\">\n<p><figure id=\"attachment_336177\" aria-describedby=\"caption-attachment-336177\" style=\"width: 169px\" class=\"wp-caption alignright\"><img loading=\"lazy\" decoding=\"async\" class=\"wp-image-336177 size-medium\" src=\"http:\/\/www.ms.gov.br\/wp-content\/uploads\/sites\/150\/2020\/12\/cabeleira--169x300.jpeg\" sizes=\"auto, (max-width: 169px) 100vw, 169px\" srcset=\"http:\/\/www.ms.gov.br\/wp-content\/uploads\/sites\/150\/2020\/12\/cabeleira--169x300.jpeg 169w, http:\/\/www.ms.gov.br\/wp-content\/uploads\/sites\/150\/2020\/12\/cabeleira--135x240.jpeg 135w, http:\/\/www.ms.gov.br\/wp-content\/uploads\/sites\/150\/2020\/12\/cabeleira-.jpeg 544w\" alt=\"\" width=\"169\" height=\"300\" \/><figcaption id=\"caption-attachment-336177\" class=\"wp-caption-text\">Cabeleireira Cl\u00e1udia ainda sente a falta de paladar<\/figcaption><\/figure><\/figure>\n<p>Para a infectologista, integrante do COE\/MS, Mariana Croda, que participa de um projeto de pesquisa sobre o assunto, as sequelas podem atingir inclusive pacientes com poucos sintomas ou assintom\u00e1ticos. \u201cA principal\u00a0 \u00e9 a fadiga, esse cansa\u00e7o, que pode durar alguns meses, mas \u00e9 algo persistente. Vale ressaltar que ainda n\u00e3o temos um acompanhamento a longo prazo para definir qual o per\u00edodo que essas sequelas ficam, e se elas s\u00e3o permanentes, ou n\u00e3o\u201d.<\/p>\n<p>Segundo Mariana, h\u00e1 relatos de perda do olfato e paladar por mais de seis meses depois da doen\u00e7a e ainda sem a recupera\u00e7\u00e3o completa desses sintomas. \u201c O v\u00edrus causa manifesta\u00e7\u00f5es neurol\u00f3gicas e isso pode se manifestar de v\u00e1rias formas: dores cr\u00f4nicas, dor de cabe\u00e7a. Estamos vendo tamb\u00e9m outras doen\u00e7as, como as de sa\u00fade mental, que tamb\u00e9m pode estar relacionado: depressivos, epis\u00f3dios de psicose, que tamb\u00e9m est\u00e3o acompanhando a covid\u201d.<\/p>\n<p>Outra linha de estudo aponta para doen\u00e7as de cunho autoimune, no p\u00f3s-covid. \u201cQuando seu corpo come\u00e7a a produzir substancias\u00a0n\u00e3o reconhecendo voc\u00ea como voc\u00ea mesma e ataca alguns locais e isso inclui as dores articulares, as artralgias, que s\u00e3o os problemas nas articula\u00e7\u00f5es, as artrites e algumas outras manifesta\u00e7\u00f5es mais graves\u201d.<\/p>\n<p>A cabeleireira Cl\u00e1udia Macieira de Andrade, de 48 anos, \u00e9 um exemplo de que as marcas da doen\u00e7a podem durar mais do que o esperado. Ela pegou a doen\u00e7a em agosto e, agora, em dezembro, ainda sente alguns sintomas. \u201cAinda n\u00e3o tenho 100% do olfato, tive que entrar com rem\u00e9dio para o sistema nervoso calmante e ainda tomo. Meu ciclo menstrual foi interrompido por dois meses\u201d, comenta.<\/p>\n<p><strong>Reabilita\u00e7\u00e3o<\/strong>\u00a0\u2013 Mariana Croda ressalta que os casos mais graves ainda passam por uma outra quest\u00e3o, a reabilita\u00e7\u00e3o. \u201cNos pacientes que ficam na UTI, entra a reabilita\u00e7\u00e3o referente \u00e0 doen\u00e7a pulmonar, que pode tamb\u00e9m ser permanente, causando fibrose pulmonar\u201d.<\/p>\n","protected":false},"excerpt":{"rendered":"<p>Mato Grosso do Sul tem, aproximadamente, 100 mil pessoas recuperadas do coronav\u00edrus, \u00e9 o que&#8230;<\/p>\n","protected":false},"author":13,"featured_media":11710782,"comment_status":"closed","ping_status":"closed","sticky":false,"template":"","format":"standard","meta":{"footnotes":""},"categories":[116,8,21],"tags":[],"class_list":["post-11710781","post","type-post","status-publish","format-standard","has-post-thumbnail","hentry","category-coronavirus","category-destaque","category-saude"],"_links":{"self":[{"href":"https:\/\/www.corumbaonline.com.br\/news\/wp-json\/wp\/v2\/posts\/11710781","targetHints":{"allow":["GET"]}}],"collection":[{"href":"https:\/\/www.corumbaonline.com.br\/news\/wp-json\/wp\/v2\/posts"}],"about":[{"href":"https:\/\/www.corumbaonline.com.br\/news\/wp-json\/wp\/v2\/types\/post"}],"author":[{"embeddable":true,"href":"https:\/\/www.corumbaonline.com.br\/news\/wp-json\/wp\/v2\/users\/13"}],"replies":[{"embeddable":true,"href":"https:\/\/www.corumbaonline.com.br\/news\/wp-json\/wp\/v2\/comments?post=11710781"}],"version-history":[{"count":1,"href":"https:\/\/www.corumbaonline.com.br\/news\/wp-json\/wp\/v2\/posts\/11710781\/revisions"}],"predecessor-version":[{"id":11710783,"href":"https:\/\/www.corumbaonline.com.br\/news\/wp-json\/wp\/v2\/posts\/11710781\/revisions\/11710783"}],"wp:featuredmedia":[{"embeddable":true,"href":"https:\/\/www.corumbaonline.com.br\/news\/wp-json\/wp\/v2\/media\/11710782"}],"wp:attachment":[{"href":"https:\/\/www.corumbaonline.com.br\/news\/wp-json\/wp\/v2\/media?parent=11710781"}],"wp:term":[{"taxonomy":"category","embeddable":true,"href":"https:\/\/www.corumbaonline.com.br\/news\/wp-json\/wp\/v2\/categories?post=11710781"},{"taxonomy":"post_tag","embeddable":true,"href":"https:\/\/www.corumbaonline.com.br\/news\/wp-json\/wp\/v2\/tags?post=11710781"}],"curies":[{"name":"wp","href":"https:\/\/api.w.org\/{rel}","templated":true}]}}