{"id":11710830,"date":"2020-12-21T11:23:00","date_gmt":"2020-12-21T15:23:00","guid":{"rendered":"http:\/\/www.corumbaonline.com.br\/news\/?p=11710830"},"modified":"2020-12-21T16:28:36","modified_gmt":"2020-12-21T20:28:36","slug":"alms-mesa-diretora-tomara-posse-para-novo-bienio","status":"publish","type":"post","link":"https:\/\/www.corumbaonline.com.br\/news\/alms-mesa-diretora-tomara-posse-para-novo-bienio\/","title":{"rendered":"ALMS: Mesa Diretora tomar\u00e1 posse para novo bi\u00eanio"},"content":{"rendered":"<p>A solenidade de posse da nova Mesa Diretora da Assembleia Legislativa de Mato Grosso do Sul (ALEMS), eleita no \u00faltimo dia 10 de dezembro\u00a0para comandar\u00a0a Casa de Leis durante\u00a0a 3\u00aa e 4\u00aa Sess\u00f5es\u00a0Legislativas da 11\u00aa Legislatura (<ins><a href=\"https:\/\/al.ms.gov.br\/Noticias\/101832\/mesa-diretora-da-alems-e-reconduzida-a-novo-mandato\" target=\"_blank\" rel=\"noopener noreferrer\">saiba mais clicando aqui<\/a><\/ins>), ser\u00e1 realizada no dia 1\u00ba de janeiro de 2021, \u00e0s 15h, na sala de reuni\u00f5es da Presid\u00eancia, em solenidade semipresencial, obedecendo aos protocolos de biosseguran\u00e7a necess\u00e1rios para evitar o cont\u00e1gio da Covid-19.<\/p>\n<p>Integram a Mesa Diretora eleita os deputados: Paulo Corr\u00eaa (PSDB), como presidente; Eduardo Rocha (MDB), 1\u00ba vice-presidente; Neno Razuk (PTB), 2\u00ba vice-presidente; Ant\u00f4nio Vaz (Republicanos), 3\u00ba vice-presidente; Z\u00e9 Teixeira (DEM), 1\u00ba secret\u00e1rio; Herculano Borges (Solidariedade), 2\u00ba secret\u00e1rio; Pedro Kemp (PT), 3\u00ba secret\u00e1rio.<\/p>\n<p>O presidente Paulo Corr\u00eaa comunicou os parlamentares sobre o evento\u00a0durante a \u00faltima sess\u00e3o realizada em 2020. \u201cGostaria de convidar os senhores deputados para a posse da Mesa Diretora reconduzida, no dia 1\u00ba de janeiro, \u00e0s 15h, na sala da presid\u00eancia. Destaco que os chefes dos outros Poderes est\u00e3o convidados para a posse, assim como sempre participamos das cerim\u00f4nias de posse deles\u201d, informou.<\/p>\n<p>Compete \u00e0 Mesa Diretora da ALEMS a dire\u00e7\u00e3o dos trabalhos legislativos e dos servi\u00e7os administrativos da Casa de Leis. Todos os parlamentares, por meio de vota\u00e7\u00e3o nominal e aberta, votaram nos componentes da Mesa Diretora, e os eleitos cumprem, ent\u00e3o, mandato de dois anos, com a recondu\u00e7\u00e3o permitida.<\/p>\n<p>A solenidade ser\u00e1 transmitida,\u00a0ao vivo, pelo canal 9 da Claro Net TV,\u00a0<a href=\"https:\/\/al.ms.gov.br\/TvAssembleia\">TV ALEMS<\/a>,\u00a0<a href=\"https:\/\/www.youtube.com\/c\/assembleialegislativadems\">Youtube<\/a>,\u00a0<a href=\"https:\/\/www.facebook.com\/assembleiams\">Facebook<\/a>,\u00a0<a href=\"https:\/\/al.ms.gov.br\/RadioAssembleia\/Audios?idMenu=601\">R\u00e1dio ALEMS<\/a>, e aplicativo Assembleia MS (<a href=\"https:\/\/play.google.com\/store\/apps\/details?id=br.com.app.gpu1553513.gpu40f07c507865e03ef66422c7404ba120&amp;hl=pt_BR\">Android<\/a>\/<a href=\"https:\/\/apps.apple.com\/br\/app\/assembleia-legislativa-do-ms\/id1185708415\">iOS<\/a>).\u00a0A Assembleia Legislativa de Mato Grosso do Sul\u00a0continua fechada ao p\u00fablico devido \u00e0s medidas de biosseguran\u00e7a implementadas para evitar a propaga\u00e7\u00e3o e\u00a0cont\u00e1gio da Covid-19.<\/p>\n<p><strong>Retorno<\/strong><\/p>\n<p>Conforme previs\u00e3o regimental contida\u00a0<a href=\"https:\/\/al.ms.gov.br\/upload\/Pdf\/2017_10_30_09_28_06_regimento_interno_27_10_2017.pdf\" target=\"_blank\" rel=\"noopener noreferrer\"><ins>no cap\u00edtulo III do Regimento Interno da Assembleia Legislativa<\/ins><\/a>, a 3\u00aa sess\u00e3o legislativa ser\u00e1 iniciada\u00a0\u00e0s 9h do dia 2 de fevereiro, ter\u00e7a-feira, durante sess\u00e3o solene.<\/p>\n","protected":false},"excerpt":{"rendered":"<p>A solenidade de posse da nova Mesa Diretora da Assembleia Legislativa de Mato Grosso do&#8230;<\/p>\n","protected":false},"author":12,"featured_media":11710831,"comment_status":"closed","ping_status":"closed","sticky":false,"template":"","format":"standard","meta":{"footnotes":""},"categories":[19],"tags":[],"class_list":["post-11710830","post","type-post","status-publish","format-standard","has-post-thumbnail","hentry","category-politica"],"_links":{"self":[{"href":"https:\/\/www.corumbaonline.com.br\/news\/wp-json\/wp\/v2\/posts\/11710830","targetHints":{"allow":["GET"]}}],"collection":[{"href":"https:\/\/www.corumbaonline.com.br\/news\/wp-json\/wp\/v2\/posts"}],"about":[{"href":"https:\/\/www.corumbaonline.com.br\/news\/wp-json\/wp\/v2\/types\/post"}],"author":[{"embeddable":true,"href":"https:\/\/www.corumbaonline.com.br\/news\/wp-json\/wp\/v2\/users\/12"}],"replies":[{"embeddable":true,"href":"https:\/\/www.corumbaonline.com.br\/news\/wp-json\/wp\/v2\/comments?post=11710830"}],"version-history":[{"count":1,"href":"https:\/\/www.corumbaonline.com.br\/news\/wp-json\/wp\/v2\/posts\/11710830\/revisions"}],"predecessor-version":[{"id":11710832,"href":"https:\/\/www.corumbaonline.com.br\/news\/wp-json\/wp\/v2\/posts\/11710830\/revisions\/11710832"}],"wp:featuredmedia":[{"embeddable":true,"href":"https:\/\/www.corumbaonline.com.br\/news\/wp-json\/wp\/v2\/media\/11710831"}],"wp:attachment":[{"href":"https:\/\/www.corumbaonline.com.br\/news\/wp-json\/wp\/v2\/media?parent=11710830"}],"wp:term":[{"taxonomy":"category","embeddable":true,"href":"https:\/\/www.corumbaonline.com.br\/news\/wp-json\/wp\/v2\/categories?post=11710830"},{"taxonomy":"post_tag","embeddable":true,"href":"https:\/\/www.corumbaonline.com.br\/news\/wp-json\/wp\/v2\/tags?post=11710830"}],"curies":[{"name":"wp","href":"https:\/\/api.w.org\/{rel}","templated":true}]}}