{"id":11710833,"date":"2020-12-21T11:37:00","date_gmt":"2020-12-21T15:37:00","guid":{"rendered":"http:\/\/www.corumbaonline.com.br\/news\/?p=11710833"},"modified":"2020-12-21T16:34:14","modified_gmt":"2020-12-21T20:34:14","slug":"com-mais-26-obitos-sobe-para-2-077-o-numero-de-vidas-perdidas-para-a-covid-em-ms","status":"publish","type":"post","link":"https:\/\/www.corumbaonline.com.br\/news\/com-mais-26-obitos-sobe-para-2-077-o-numero-de-vidas-perdidas-para-a-covid-em-ms\/","title":{"rendered":"Com mais 26 \u00f3bitos, sobe para 2.077 o n\u00famero de vidas perdidas para a Covid em MS"},"content":{"rendered":"<p>Mato Grosso do Sul registrou mais 26 \u00f3bitos em decorr\u00eancia do novo coronav\u00edrus. Com a atualiza\u00e7\u00e3o apresentada nesta segunda-feira (11) sobe para 2.077 o n\u00famero de pacientes que perderam a batalha para a doen\u00e7a. A m\u00e9dia m\u00f3vel indica que na \u00faltima semana foram registrados 18,3 \u00f3bitos por dia.<\/p>\n<p>Dos \u00f3bitos registrados hoje, 15 s\u00e3o de Campo Grande, 4 de Dourados e 2 de Aquidauana. Os munic\u00edpios de Aral Moreira, Bataypor\u00e3, Bonito, Dois Irm\u00e3os do Buriti e Maracaju registraram uma morte cada.<\/p>\n<p>Com a proximidade das festas de natal e ano novo, o secret\u00e1rio de sa\u00fade Geraldo Resende alertou para o cen\u00e1rio que se agrava diariamente no Estado.<\/p>\n<p><img loading=\"lazy\" decoding=\"async\" class=\"size-medium wp-image-336696 alignleft\" src=\"http:\/\/www.ms.gov.br\/wp-content\/uploads\/sites\/150\/2020\/12\/cenario_covid_geral_21_dezembro-300x224.jpg\" sizes=\"auto, (max-width: 300px) 100vw, 300px\" srcset=\"http:\/\/www.ms.gov.br\/wp-content\/uploads\/sites\/150\/2020\/12\/cenario_covid_geral_21_dezembro-300x224.jpg 300w, http:\/\/www.ms.gov.br\/wp-content\/uploads\/sites\/150\/2020\/12\/cenario_covid_geral_21_dezembro-322x240.jpg 322w, http:\/\/www.ms.gov.br\/wp-content\/uploads\/sites\/150\/2020\/12\/cenario_covid_geral_21_dezembro.jpg 652w\" alt=\"\" width=\"300\" height=\"224\" \/><\/p>\n<p>\u201cFa\u00e7am as confraterniza\u00e7\u00f5es s\u00f3 com pessoas que residem na sua casa. N\u00e3o recebam ningu\u00e9m de fora. Porque ao faz\u00ea-lo corremos o risco de em janeiro sermos as pessoas que precisam de um leito hospitalar. Estamos em um patamar elevado de \u00f3bitos. No s\u00e1bado tivemos 23, no domingo 19 e hoje anunciamos 26 \u00f3bitos. Chegamos a 2077 \u00f3bitos no Mato Grosso do Sul\u201d, lamentou prestando solidariedade \u00e0s fam\u00edlias.<\/p>\n<p>Os casos confirmados da doen\u00e7a tamb\u00e9m continuam em eleva\u00e7\u00e3o. O novo boletim epidemiol\u00f3gico registrou mais 726 sul-mato-grossenses infectados de ontem para hoje, totalizando 122.187 positivados desde o in\u00edcio da pandemia. Nos \u00faltimos 7 dias foram confirmados uma m\u00e9dia de 1.172 casos di\u00e1rios da doen\u00e7a.<\/p>\n<p>Al\u00e9m dos 13.851 casos ativos da doen\u00e7a, vale ressaltar que 6.306 casos aguardam a libera\u00e7\u00e3o de resultados no sistema pelos munic\u00edpios, e outros 3.812 amostras est\u00e3o em an\u00e1lise pelo Lacen e laborat\u00f3rios parceiros.<\/p>\n<p>O n\u00famero de pacientes internados est\u00e1 em 658, sendo 362 em leitos cl\u00ednicos e outros 296 em leitos de UTI. A taxa de ocupa\u00e7\u00e3o de leitos global por macrorregi\u00e3o \u00e9 de 111% em Campo Grande, 90% em Dourados, 65% em Tr\u00eas Lagoas e 66% em Corumb\u00e1.<\/p>\n<p><img loading=\"lazy\" decoding=\"async\" class=\"alignnone wp-image-336694 size-full\" src=\"http:\/\/www.ms.gov.br\/wp-content\/uploads\/sites\/150\/2020\/12\/cenario_internacoes_21_dezembro.png\" sizes=\"auto, (max-width: 762px) 100vw, 762px\" srcset=\"http:\/\/www.ms.gov.br\/wp-content\/uploads\/sites\/150\/2020\/12\/cenario_internacoes_21_dezembro.png 762w, http:\/\/www.ms.gov.br\/wp-content\/uploads\/sites\/150\/2020\/12\/cenario_internacoes_21_dezembro-300x236.png 300w, http:\/\/www.ms.gov.br\/wp-content\/uploads\/sites\/150\/2020\/12\/cenario_internacoes_21_dezembro-305x240.png 305w\" alt=\"\" width=\"762\" height=\"599\" \/><\/p>\n<p>Confira\u00a0<strong><a href=\"http:\/\/www.ms.gov.br\/wp-content\/uploads\/sites\/150\/2020\/12\/Boletim-Epidemiol%C3%B3gico-COVID-19-2020.12.21.pdf\">aqui<\/a><\/strong>\u00a0o Boletim Covid desta segunda-feira, 21 de dezembro.<\/p>\n","protected":false},"excerpt":{"rendered":"<p>Mato Grosso do Sul registrou mais 26 \u00f3bitos em decorr\u00eancia do novo coronav\u00edrus. Com a&#8230;<\/p>\n","protected":false},"author":13,"featured_media":11710834,"comment_status":"closed","ping_status":"closed","sticky":false,"template":"","format":"standard","meta":{"footnotes":""},"categories":[116,8,21],"tags":[],"class_list":["post-11710833","post","type-post","status-publish","format-standard","has-post-thumbnail","hentry","category-coronavirus","category-destaque","category-saude"],"_links":{"self":[{"href":"https:\/\/www.corumbaonline.com.br\/news\/wp-json\/wp\/v2\/posts\/11710833","targetHints":{"allow":["GET"]}}],"collection":[{"href":"https:\/\/www.corumbaonline.com.br\/news\/wp-json\/wp\/v2\/posts"}],"about":[{"href":"https:\/\/www.corumbaonline.com.br\/news\/wp-json\/wp\/v2\/types\/post"}],"author":[{"embeddable":true,"href":"https:\/\/www.corumbaonline.com.br\/news\/wp-json\/wp\/v2\/users\/13"}],"replies":[{"embeddable":true,"href":"https:\/\/www.corumbaonline.com.br\/news\/wp-json\/wp\/v2\/comments?post=11710833"}],"version-history":[{"count":1,"href":"https:\/\/www.corumbaonline.com.br\/news\/wp-json\/wp\/v2\/posts\/11710833\/revisions"}],"predecessor-version":[{"id":11710835,"href":"https:\/\/www.corumbaonline.com.br\/news\/wp-json\/wp\/v2\/posts\/11710833\/revisions\/11710835"}],"wp:featuredmedia":[{"embeddable":true,"href":"https:\/\/www.corumbaonline.com.br\/news\/wp-json\/wp\/v2\/media\/11710834"}],"wp:attachment":[{"href":"https:\/\/www.corumbaonline.com.br\/news\/wp-json\/wp\/v2\/media?parent=11710833"}],"wp:term":[{"taxonomy":"category","embeddable":true,"href":"https:\/\/www.corumbaonline.com.br\/news\/wp-json\/wp\/v2\/categories?post=11710833"},{"taxonomy":"post_tag","embeddable":true,"href":"https:\/\/www.corumbaonline.com.br\/news\/wp-json\/wp\/v2\/tags?post=11710833"}],"curies":[{"name":"wp","href":"https:\/\/api.w.org\/{rel}","templated":true}]}}