{"id":11710836,"date":"2020-12-21T11:52:00","date_gmt":"2020-12-21T15:52:00","guid":{"rendered":"http:\/\/www.corumbaonline.com.br\/news\/?p=11710836"},"modified":"2020-12-21T16:39:40","modified_gmt":"2020-12-21T20:39:40","slug":"corumba-recurso-destinado-para-decoracao-de-natal-e-usado-no-combate-a-covid-19","status":"publish","type":"post","link":"https:\/\/www.corumbaonline.com.br\/news\/corumba-recurso-destinado-para-decoracao-de-natal-e-usado-no-combate-a-covid-19\/","title":{"rendered":"Corumb\u00e1: recurso destinado para decora\u00e7\u00e3o de Natal \u00e9 usado no combate \u00e0 Covid-19"},"content":{"rendered":"<p>A Prefeitura de Corumb\u00e1 decidiu utilizar o recurso destinado \u00e0 decora\u00e7\u00e3o natalina para o combate \u00e0 Covid-19. Segundo o prefeito Marcelo Iunes, a medida refor\u00e7a as a\u00e7\u00f5es que eventualmente precisem ser realizadas na Sa\u00fade.<\/p>\n<p>\u201cA gente entende a import\u00e2ncia da decora\u00e7\u00e3o natalina, da simbologia, da tradi\u00e7\u00e3o e tamb\u00e9m o que isso representa para o com\u00e9rcio local. Mas n\u00e3o podemos esquecer que estamos vivendo um ano totalmente at\u00edpico, onde infelizmente j\u00e1 perdemos muitas vidas para esse v\u00edrus\u201d, afirmou o prefeito.<\/p>\n<p>\u201cAl\u00e9m disso, decorar o Jardim da Independ\u00eancia com os enfeites de Natal atrairia muitas fam\u00edlias, principalmente crian\u00e7as e idosos. Ent\u00e3o, na pr\u00e1tica, estamos tentando evitar a aglomera\u00e7\u00e3o de pessoas, sobretudo as que est\u00e3o no grupo de risco da Covid-19\u201d, completou Marcelo Iunes.<\/p>\n<p>De acordo com o diretor-presidente da Funda\u00e7\u00e3o da Cultura e do Patrim\u00f4nio Hist\u00f3rico, Joilson Silva da Cruz, a Prefeitura investiria R$ 140 mil, em recursos pr\u00f3prios, na decora\u00e7\u00e3o do Jardim e de trechos das ruas Frei Mariano, Delamare e da avenida General Rondon.<\/p>\n<p>O secret\u00e1rio municipal de Governo, C\u00e1ssio Augusto da Costa Marques, observou que a decis\u00e3o vai ao encontro da postura adotada pelo chefe do Executivo Municipal. \u201cMesmo reeleito, o prefeito Marcelo vai concluir todos os compromissos assumidos ainda neste mandato\u201d, pontuou. \u201cIsso incluiu investimentos na Sa\u00fade, como a compra de medicamentos e insumos\u201d, completou o secret\u00e1rio.<\/p>\n","protected":false},"excerpt":{"rendered":"<p>A Prefeitura de Corumb\u00e1 decidiu utilizar o recurso destinado \u00e0 decora\u00e7\u00e3o natalina para o combate&#8230;<\/p>\n","protected":false},"author":70,"featured_media":0,"comment_status":"closed","ping_status":"closed","sticky":false,"template":"","format":"standard","meta":{"footnotes":""},"categories":[116,21],"tags":[],"class_list":["post-11710836","post","type-post","status-publish","format-standard","hentry","category-coronavirus","category-saude"],"_links":{"self":[{"href":"https:\/\/www.corumbaonline.com.br\/news\/wp-json\/wp\/v2\/posts\/11710836","targetHints":{"allow":["GET"]}}],"collection":[{"href":"https:\/\/www.corumbaonline.com.br\/news\/wp-json\/wp\/v2\/posts"}],"about":[{"href":"https:\/\/www.corumbaonline.com.br\/news\/wp-json\/wp\/v2\/types\/post"}],"author":[{"embeddable":true,"href":"https:\/\/www.corumbaonline.com.br\/news\/wp-json\/wp\/v2\/users\/70"}],"replies":[{"embeddable":true,"href":"https:\/\/www.corumbaonline.com.br\/news\/wp-json\/wp\/v2\/comments?post=11710836"}],"version-history":[{"count":1,"href":"https:\/\/www.corumbaonline.com.br\/news\/wp-json\/wp\/v2\/posts\/11710836\/revisions"}],"predecessor-version":[{"id":11710837,"href":"https:\/\/www.corumbaonline.com.br\/news\/wp-json\/wp\/v2\/posts\/11710836\/revisions\/11710837"}],"wp:attachment":[{"href":"https:\/\/www.corumbaonline.com.br\/news\/wp-json\/wp\/v2\/media?parent=11710836"}],"wp:term":[{"taxonomy":"category","embeddable":true,"href":"https:\/\/www.corumbaonline.com.br\/news\/wp-json\/wp\/v2\/categories?post=11710836"},{"taxonomy":"post_tag","embeddable":true,"href":"https:\/\/www.corumbaonline.com.br\/news\/wp-json\/wp\/v2\/tags?post=11710836"}],"curies":[{"name":"wp","href":"https:\/\/api.w.org\/{rel}","templated":true}]}}