{"id":11710847,"date":"2020-12-23T09:18:00","date_gmt":"2020-12-23T13:18:00","guid":{"rendered":"http:\/\/www.corumbaonline.com.br\/news\/?p=11710847"},"modified":"2020-12-23T12:05:24","modified_gmt":"2020-12-23T16:05:24","slug":"camara-aprova-projeto-de-lei-para-dar-suporte-as-acoes-de-combate-a-covid-19","status":"publish","type":"post","link":"https:\/\/www.corumbaonline.com.br\/news\/camara-aprova-projeto-de-lei-para-dar-suporte-as-acoes-de-combate-a-covid-19\/","title":{"rendered":"C\u00e2mara aprova projeto de lei para dar suporte \u00e0s a\u00e7\u00f5es de combate \u00e0 Covid-19"},"content":{"rendered":"<p>A C\u00e2mara Municipal de Vereadores aprovou durante sess\u00f5es extraordin\u00e1rias realizadas ontem, ter\u00e7a-feira, 22 de dezembro, um Projeto de Lei encaminhado pelo Poder Executivo, como forma de dar suporte \u00e0s a\u00e7\u00f5es de preven\u00e7\u00e3o e combate \u00e0 pandemia da Covid-19.<\/p>\n<p>Dessa forma, o Poder Executivo fica autorizado a abrir cr\u00e9dito adicional especial referente ao Or\u00e7amento 2020, no valor de R$ 1.972.000,00, em favor do Fundo Municipal de Sa\u00fade, como forma de dar suporte \u00e0 Associa\u00e7\u00e3o Beneficente de Corumb\u00e1 (ABC), conforme Portaria 3.483, de 17 de dezembro de 2020, do Minist\u00e9rio da Sa\u00fade, que prorrogou a habilita\u00e7\u00e3o de leitos de UTI para Covid-19.<\/p>\n<p>A decis\u00e3o prev\u00ea recurso financeiro do Bloco de Manuten\u00e7\u00e3o e Servi\u00e7os P\u00fablicos de Sa\u00fade (Grupo Coronav\u00edrus), e Corumb\u00e1 foi contemplada com o valor de R$ 672 mil referente a 60 dias de habilita\u00e7\u00e3o dos leitos de UTI adulto tipo II, e, conforme repasse da Secretaria Estadual de Sa\u00fade destinado \u00e0s a\u00e7\u00f5es de combate \u00e0 doen\u00e7a, no valor de R$ 1,3 milh\u00e3o, totalizam R$ 1,972 milh\u00e3o.<\/p>\n<p>Ainda na ter\u00e7a-feira, os vereadores aprovaram tamb\u00e9m um Projeto de Lei que autoriza o Poder Executivo a abrir cr\u00e9dito adicional especial no Or\u00e7amento Programa de 2021, visando a cria\u00e7\u00e3o de novos elementos de despesa em atividades j\u00e1 existentes, tendo em vista a necessidade de transpar\u00eancia com as despesas p\u00fablicas que n\u00e3o foram previstas na Lei Or\u00e7ament\u00e1ria Anual 2021, objetivando melhor aplica\u00e7\u00e3o de recursos p\u00fablicos em prol da popula\u00e7\u00e3o corumbaense, limitadas a 30% da despesa fixada.<\/p>\n<p>As duas sess\u00f5es contaram com as presen\u00e7as dos vereadores Roberto Fa\u00e7anha, presidente; Tadeu Vieira e Ga\u00facho da Pr\u00f3-Art, primeiro e segundo vice-presidentes; Manoel Rodrigues, segundo secret\u00e1rio; Haroldo Cavassa; Jo\u00e3o M\u00e1rio; Mohamad Abdallah; Gabriel Alves de Oliveira; Yussef Salla; Andr\u00e9 da Farm\u00e1cia e Luciano Costa.<\/p>\n","protected":false},"excerpt":{"rendered":"<p>A C\u00e2mara Municipal de Vereadores aprovou durante sess\u00f5es extraordin\u00e1rias realizadas ontem, ter\u00e7a-feira, 22 de dezembro,&#8230;<\/p>\n","protected":false},"author":9,"featured_media":11710848,"comment_status":"closed","ping_status":"closed","sticky":false,"template":"","format":"standard","meta":{"footnotes":""},"categories":[116,8,19,21],"tags":[],"class_list":["post-11710847","post","type-post","status-publish","format-standard","has-post-thumbnail","hentry","category-coronavirus","category-destaque","category-politica","category-saude"],"_links":{"self":[{"href":"https:\/\/www.corumbaonline.com.br\/news\/wp-json\/wp\/v2\/posts\/11710847","targetHints":{"allow":["GET"]}}],"collection":[{"href":"https:\/\/www.corumbaonline.com.br\/news\/wp-json\/wp\/v2\/posts"}],"about":[{"href":"https:\/\/www.corumbaonline.com.br\/news\/wp-json\/wp\/v2\/types\/post"}],"author":[{"embeddable":true,"href":"https:\/\/www.corumbaonline.com.br\/news\/wp-json\/wp\/v2\/users\/9"}],"replies":[{"embeddable":true,"href":"https:\/\/www.corumbaonline.com.br\/news\/wp-json\/wp\/v2\/comments?post=11710847"}],"version-history":[{"count":1,"href":"https:\/\/www.corumbaonline.com.br\/news\/wp-json\/wp\/v2\/posts\/11710847\/revisions"}],"predecessor-version":[{"id":11710849,"href":"https:\/\/www.corumbaonline.com.br\/news\/wp-json\/wp\/v2\/posts\/11710847\/revisions\/11710849"}],"wp:featuredmedia":[{"embeddable":true,"href":"https:\/\/www.corumbaonline.com.br\/news\/wp-json\/wp\/v2\/media\/11710848"}],"wp:attachment":[{"href":"https:\/\/www.corumbaonline.com.br\/news\/wp-json\/wp\/v2\/media?parent=11710847"}],"wp:term":[{"taxonomy":"category","embeddable":true,"href":"https:\/\/www.corumbaonline.com.br\/news\/wp-json\/wp\/v2\/categories?post=11710847"},{"taxonomy":"post_tag","embeddable":true,"href":"https:\/\/www.corumbaonline.com.br\/news\/wp-json\/wp\/v2\/tags?post=11710847"}],"curies":[{"name":"wp","href":"https:\/\/api.w.org\/{rel}","templated":true}]}}