{"id":11710850,"date":"2020-12-23T09:31:00","date_gmt":"2020-12-23T13:31:00","guid":{"rendered":"http:\/\/www.corumbaonline.com.br\/news\/?p=11710850"},"modified":"2020-12-23T11:34:54","modified_gmt":"2020-12-23T15:34:54","slug":"feriado-de-natal-confira-o-que-abre-e-fecha-no-governo-de-ms","status":"publish","type":"post","link":"https:\/\/www.corumbaonline.com.br\/news\/feriado-de-natal-confira-o-que-abre-e-fecha-no-governo-de-ms\/","title":{"rendered":"Feriado de Natal: confira o que abre e fecha no Governo de MS"},"content":{"rendered":"<p>Natal significa nascimento. Marcada pela celebra\u00e7\u00e3o do dia em que nasceu o Menino Jesus, a data de 25 de dezembro \u00e9 feriado em v\u00e1rios lugares do mundo. Aqui no Brasil, os festejos come\u00e7am na v\u00e9spera, dia 24, quando muitas fam\u00edlias se re\u00fanem para comer, trocar presentes e comemorar.<\/p>\n<p>Decreto do governador Reinaldo Azambuja,\u00a0<a href=\"http:\/\/www.ms.gov.br\/2020-governo-divulga-dias-de-feriado-e-de-ponto-facultativo-em-ms\/\" target=\"_blank\" rel=\"noopener noreferrer\"><strong>publicado no Di\u00e1rio Oficial do Estado (DOE-MS) em janeiro deste ano<\/strong><\/a>, declarou ponto facultativo nesta quinta-feira, 24 de dezembro, em raz\u00e3o do feriado crist\u00e3o, celebrado em 25 de dezembro.<\/p>\n<p>Desta forma, o Poder Executivo fica sem atendimento ao p\u00fablico durante quatro dias &#8211; de 24 a 27 de dezembro. As atividades voltam ao normal na segunda-feira, dia 28 de dezembro.<\/p>\n<p>As folgas no servi\u00e7o p\u00fablico n\u00e3o se aplicam aos servi\u00e7os considerados essenciais, que n\u00e3o podem ser interrompidos. Ou seja, atendimentos relacionados \u00e0 sa\u00fade e \u00e0 seguran\u00e7a p\u00fablica continuam mesmo no feriado.<\/p>\n<p>Confira abaixo como fica a presta\u00e7\u00e3o de servi\u00e7o neste fim de semana de Natal.<\/p>\n<p><b>Hemosul<\/b><\/p>\n<p>O Hemosul Coordenador de Campo Grande, que fica na Avenida Fernando Corr\u00eaa da Costa, fecha na quinta (24) e na sexta-feira (25). O atendimento retorna no s\u00e1bado (26), das 7h \u00e0s 12h, e volta a ser fechado no domingo (27). Na segunda-feira (28) o servi\u00e7o ser\u00e1 normal, das 7h \u00e0s 17h.<\/p>\n<p>Em todas as unidades do interior o atendimento ser\u00e1 suspendo nos quatro dias de feriado prolongado. A exce\u00e7\u00e3o \u00e9 em Tr\u00eas Lagoas, que abrir\u00e1 no s\u00e1bado (26), das 7h \u00e0s 12h, e fechar\u00e1 nos outros dias de folga.<\/p>\n<p><b>Agenfa<\/b><\/p>\n<p>As Ag\u00eancias Fazend\u00e1rias de Campo Grande e do interior n\u00e3o ir\u00e3o abrir durante o feriado prolongado, portanto, emiss\u00f5es de guias para pagamentos dever\u00e3o ser realizadas pelo site da Secretaria de Estado de Fazenda (Sefaz). O atendimento volta ao normal na segunda-feira (28).<\/p>\n<p><b>Detran<\/b><\/p>\n<p>O Departamento Estadual de Tr\u00e2nsito (Detran-MS) tamb\u00e9m n\u00e3o ter\u00e1 atendimento ao p\u00fablico no feriado prolongado. Os trabalhos retornam ao normal no in\u00edcio da outra semana. D\u00favidas da popula\u00e7\u00e3o podem ser esclarecidas pelos telefones 154, na Capital, e (67) 3368-0500 no interior.<\/p>\n<p><b>Atendimento F\u00e1cil<\/b><\/p>\n<p>Com o feriado prolongado de Natal, as unidades do F\u00e1cil \u2013 Atendimento ao Cidad\u00e3o permanecem fechadas nesta quinta (24) e sexta-feira (25), voltando a funcionar somente na segunda-feira (28).<\/p>\n","protected":false},"excerpt":{"rendered":"<p>Natal significa nascimento. Marcada pela celebra\u00e7\u00e3o do dia em que nasceu o Menino Jesus, a&#8230;<\/p>\n","protected":false},"author":13,"featured_media":0,"comment_status":"closed","ping_status":"closed","sticky":false,"template":"","format":"standard","meta":{"footnotes":""},"categories":[14],"tags":[],"class_list":["post-11710850","post","type-post","status-publish","format-standard","hentry","category-geral"],"_links":{"self":[{"href":"https:\/\/www.corumbaonline.com.br\/news\/wp-json\/wp\/v2\/posts\/11710850","targetHints":{"allow":["GET"]}}],"collection":[{"href":"https:\/\/www.corumbaonline.com.br\/news\/wp-json\/wp\/v2\/posts"}],"about":[{"href":"https:\/\/www.corumbaonline.com.br\/news\/wp-json\/wp\/v2\/types\/post"}],"author":[{"embeddable":true,"href":"https:\/\/www.corumbaonline.com.br\/news\/wp-json\/wp\/v2\/users\/13"}],"replies":[{"embeddable":true,"href":"https:\/\/www.corumbaonline.com.br\/news\/wp-json\/wp\/v2\/comments?post=11710850"}],"version-history":[{"count":1,"href":"https:\/\/www.corumbaonline.com.br\/news\/wp-json\/wp\/v2\/posts\/11710850\/revisions"}],"predecessor-version":[{"id":11710851,"href":"https:\/\/www.corumbaonline.com.br\/news\/wp-json\/wp\/v2\/posts\/11710850\/revisions\/11710851"}],"wp:attachment":[{"href":"https:\/\/www.corumbaonline.com.br\/news\/wp-json\/wp\/v2\/media?parent=11710850"}],"wp:term":[{"taxonomy":"category","embeddable":true,"href":"https:\/\/www.corumbaonline.com.br\/news\/wp-json\/wp\/v2\/categories?post=11710850"},{"taxonomy":"post_tag","embeddable":true,"href":"https:\/\/www.corumbaonline.com.br\/news\/wp-json\/wp\/v2\/tags?post=11710850"}],"curies":[{"name":"wp","href":"https:\/\/api.w.org\/{rel}","templated":true}]}}