{"id":11710852,"date":"2020-12-23T09:47:00","date_gmt":"2020-12-23T13:47:00","guid":{"rendered":"http:\/\/www.corumbaonline.com.br\/news\/?p=11710852"},"modified":"2020-12-23T11:42:13","modified_gmt":"2020-12-23T15:42:13","slug":"ifms-prorroga-suspensao-das-atividades-presenciais-ate-28-de-fevereiro","status":"publish","type":"post","link":"https:\/\/www.corumbaonline.com.br\/news\/ifms-prorroga-suspensao-das-atividades-presenciais-ate-28-de-fevereiro\/","title":{"rendered":"IFMS prorroga suspens\u00e3o das atividades presenciais at\u00e9 28 de fevereiro"},"content":{"rendered":"<p dir=\"ltr\">O Instituto Federal de Mato Grosso do Sul (IFMS) prorrogou at\u00e9 28 de fevereiro de 2021 a suspens\u00e3o das atividades presenciais. A decis\u00e3o 391\/2020 foi assinada nesta ter\u00e7a-feira, 22, pela reitora, Elaine Cassiano.<\/p>\n<p dir=\"ltr\">\u201cAinda n\u00e3o temos seguran\u00e7a para que as atividades retornem a normalidade, portanto, neste momento, mantivemos a suspens\u00e3o, preservando nossa comunidade\u201d, explica a reitora.<\/p>\n<p dir=\"ltr\">A decis\u00e3o de prorrogar a suspens\u00e3o foi tomada com base em recomenda\u00e7\u00f5es da Comiss\u00e3o de Organiza\u00e7\u00e3o de Campanhas de Conscientiza\u00e7\u00e3o dos Riscos e Medidas de Preven\u00e7\u00e3o contra o Coronav\u00edrus.<\/p>\n<p dir=\"ltr\">Est\u00e1 mantida a possibilidade de que os gestores autorizem a execu\u00e7\u00e3o de atividades presenciais para atender a necessidades letivas e administrativas que n\u00e3o possam ser executadas remotamente.<\/p>\n<p dir=\"ltr\">No entanto, \u00e9 necess\u00e1rio seguir as condi\u00e7\u00f5es de biosseguran\u00e7a previstas nas \u201cDiretrizes para Atividades Presenciais durante a Pandemia\u201d,\u00a0 documento que norteia quais atividades podem ser retomadas, mediante a avalia\u00e7\u00e3o da situa\u00e7\u00e3o da pandemia no munic\u00edpio em que estiver a unidade do IFMS.<\/p>\n<p dir=\"ltr\">S\u00e3o exemplos de atividades que precisam ser executadas presencialmente as aulas pr\u00e1ticas de laborat\u00f3rio e as atividades de fiscaliza\u00e7\u00e3o de obras e contratos, dentre outras.<\/p>\n<p dir=\"ltr\"><strong>Hist\u00f3rico da suspens\u00e3o &#8211;<\/strong>\u00a0A<a href=\"http:\/\/www.ifms.edu.br:9000\/lists\/lt.php?tid=KxlWAAEKUFNQBEsGAAADTlBTUVpOAFpbBxtdUwAHVgVbXVQKVQofVQBYA1RWUF1OXQALUk4NCwtQG1oEVwtPUAABBQUECgUHUwNWH1ICAwYCUlcDTghaXAYbDFZQBk8JVlZUH1AKVgBWAgNWVAIABw\" target=\"_blank\" rel=\"noopener noreferrer\">\u00a0\u00faltima decis\u00e3o sobre suspens\u00e3o<\/a>\u00a0foi tomada em 20 de setembro, determinando a prorroga\u00e7\u00e3o da suspens\u00e3o das atividades de ensino e administrativas presenciais at\u00e9 31 de dezembro e estabelecendo diretrizes para aulas pr\u00e1ticas presenciais.<\/p>\n<p dir=\"ltr\">Desde de 18 de mar\u00e7o, os campi do IFMS e a reitoria n\u00e3o realizam atividades presenciais. A Comiss\u00e3o de Organiza\u00e7\u00e3o de Campanhas de Conscientiza\u00e7\u00e3o dos Riscos e Medidas de Preven\u00e7\u00e3o contra o Coronav\u00edrus realiza periodicamente reuni\u00f5es para orientar sobre as medidas a serem tomadas no enfrentamento \u00e0 pandemia.<\/p>\n<p dir=\"ltr\">Covid-19\u00a0&#8211; As a\u00e7\u00f5es do Instituto Federal, as formas de preven\u00e7\u00e3o \u00e0 Covid-19, os documentos institucionais referentes \u00e0 situa\u00e7\u00e3o e a outras informa\u00e7\u00f5es sobre a pandemia est\u00e3o dispon\u00edveis<a href=\"http:\/\/www.ifms.edu.br:9000\/lists\/lt.php?tid=KxkAC1BdAQdQVUtVUQIDTlAHV1BOWwsABxteXwoLBghTAAdWAVsfVQBYA1RWUF1OXQALUk4NCwtQG1oEVwtPUAABBQUECgUHUwNWH1ICAwYCUlcDTghaXAYbDFZQBk8JVlZUH1AKVgBWAgNWVAIABw\" target=\"_blank\" rel=\"noopener noreferrer\">\u00a0na p\u00e1gina IFMS contra o coronav\u00edrus<\/a>.<\/p>\n<p dir=\"ltr\">Al\u00e9m de podcasts com dicas de como lidar com o isolamento e o trabalho remoto, est\u00e3o dispon\u00edveis as formas de contato e os hor\u00e1rios de atendimento dos campi e da reitoria durante o per\u00edodo de atividades n\u00e3o presenciais.<\/p>\n","protected":false},"excerpt":{"rendered":"<p>O Instituto Federal de Mato Grosso do Sul (IFMS) prorrogou at\u00e9 28 de fevereiro de&#8230;<\/p>\n","protected":false},"author":9,"featured_media":0,"comment_status":"closed","ping_status":"closed","sticky":false,"template":"","format":"standard","meta":{"footnotes":""},"categories":[10],"tags":[],"class_list":["post-11710852","post","type-post","status-publish","format-standard","hentry","category-educacao"],"_links":{"self":[{"href":"https:\/\/www.corumbaonline.com.br\/news\/wp-json\/wp\/v2\/posts\/11710852","targetHints":{"allow":["GET"]}}],"collection":[{"href":"https:\/\/www.corumbaonline.com.br\/news\/wp-json\/wp\/v2\/posts"}],"about":[{"href":"https:\/\/www.corumbaonline.com.br\/news\/wp-json\/wp\/v2\/types\/post"}],"author":[{"embeddable":true,"href":"https:\/\/www.corumbaonline.com.br\/news\/wp-json\/wp\/v2\/users\/9"}],"replies":[{"embeddable":true,"href":"https:\/\/www.corumbaonline.com.br\/news\/wp-json\/wp\/v2\/comments?post=11710852"}],"version-history":[{"count":1,"href":"https:\/\/www.corumbaonline.com.br\/news\/wp-json\/wp\/v2\/posts\/11710852\/revisions"}],"predecessor-version":[{"id":11710853,"href":"https:\/\/www.corumbaonline.com.br\/news\/wp-json\/wp\/v2\/posts\/11710852\/revisions\/11710853"}],"wp:attachment":[{"href":"https:\/\/www.corumbaonline.com.br\/news\/wp-json\/wp\/v2\/media?parent=11710852"}],"wp:term":[{"taxonomy":"category","embeddable":true,"href":"https:\/\/www.corumbaonline.com.br\/news\/wp-json\/wp\/v2\/categories?post=11710852"},{"taxonomy":"post_tag","embeddable":true,"href":"https:\/\/www.corumbaonline.com.br\/news\/wp-json\/wp\/v2\/tags?post=11710852"}],"curies":[{"name":"wp","href":"https:\/\/api.w.org\/{rel}","templated":true}]}}