{"id":11710865,"date":"2020-12-23T11:20:00","date_gmt":"2020-12-23T15:20:00","guid":{"rendered":"http:\/\/www.corumbaonline.com.br\/news\/?p=11710865"},"modified":"2020-12-23T12:08:54","modified_gmt":"2020-12-23T16:08:54","slug":"covid-segue-critica-e-ms-registra-1-652-novos-casos-e-mais-22-mortes-pela-doenca","status":"publish","type":"post","link":"https:\/\/www.corumbaonline.com.br\/news\/covid-segue-critica-e-ms-registra-1-652-novos-casos-e-mais-22-mortes-pela-doenca\/","title":{"rendered":"Covid segue cr\u00edtica e MS registra 1.652 novos casos e mais 22 mortes pela doen\u00e7a"},"content":{"rendered":"<p>O boletim epidemiol\u00f3gico da Covid-19 atualizado desta quarta-feira (23) confirmou 1.652 novos casos da doen\u00e7a em Mato Grosso do Sul. O total de infectados desde o in\u00edcio da pandemia passa a ser de 125.181.<\/p>\n<p>Dos novos casos os munic\u00edpios com mais confirma\u00e7\u00f5es s\u00e3o: Campo Grande (+601), Dourados (+228), Tr\u00eas Lagoas (+73), Maracaju (+66) e Aquidauana (+46). A m\u00e9dia di\u00e1ria de novos casos na \u00faltima semana \u00e9 de 1.224.<\/p>\n<p><img loading=\"lazy\" decoding=\"async\" class=\"wp-image-336957 size-full aligncenter\" src=\"http:\/\/www.ms.gov.br\/wp-content\/uploads\/sites\/150\/2020\/12\/cenario_covid_23_dezembro.png\" sizes=\"auto, (max-width: 631px) 100vw, 631px\" srcset=\"http:\/\/www.ms.gov.br\/wp-content\/uploads\/sites\/150\/2020\/12\/cenario_covid_23_dezembro.png 631w, http:\/\/www.ms.gov.br\/wp-content\/uploads\/sites\/150\/2020\/12\/cenario_covid_23_dezembro-300x229.png 300w, http:\/\/www.ms.gov.br\/wp-content\/uploads\/sites\/150\/2020\/12\/cenario_covid_23_dezembro-314x240.png 314w\" alt=\"\" width=\"631\" height=\"482\" \/><\/p>\n<p>O secret\u00e1rio de sa\u00fade, Geraldo Resende acredita que o m\u00eas de dezembro ser\u00e1 o m\u00eas mais cr\u00edtico da doen\u00e7a. \u201cN\u00f3s ultrapassamos hoje a marca de 125 mil casos da doen\u00e7a. Nossa m\u00e9dia m\u00f3vel dos \u00faltimos 7 dias ultrapassa 1,2 mil. S\u00e3o n\u00fameros muito expressivos, a maior m\u00e9dia m\u00f3vel que j\u00e1 tivemos. E vamos ter possivelmente o m\u00eas de dezembro o m\u00eas de mais casos da Covid-19 em Mato Grosso do Sul\u201d, destaca.<\/p>\n<p>Dos 15.426 casos ativos da doen\u00e7a 14.763 est\u00e3o em isolamento domiciliar, e outros 663 est\u00e3o hospitalizados, sendo 370 em leitos cl\u00ednicos e 293 em leitos de UTI. A taxa de ocupa\u00e7\u00e3o global leitos SUS por macrorregi\u00e3o \u00e9 de 111% em Campo Grande, 81% em Dourados, 53% em Tr\u00eas Lagoas, e 59% em Corumb\u00e1.<\/p>\n<p>A Secretaria de Estado de Sa\u00fade (SES) registrou hoje mais 22 mortes por complica\u00e7\u00f5es da doen\u00e7a que j\u00e1 vitimou 2.130 sul-mato-grossenses. Com idades entre 42 a 90 anos, os pacientes que vieram a \u00f3bito s\u00e3o de: Campo Grande (7), Navira\u00ed (2), Itaquirai, Dourados, Anast\u00e1cio, Tr\u00eas Lagoas, Amambai, Parana\u00edba, Corumb\u00e1, Porto Murtinho, Bonito, Ant\u00f4nio Jo\u00e3o, Bandeirantes, Rio Verde e Dourados. Nos \u00faltimos 7 dias cerca de 21,7 pessoas perderam a batalha para a doen\u00e7a.<\/p>\n<div id=\"gallery-1\" class=\"gallery galleryid-336951 gallery-columns-2 gallery-size-medium\">\n<figure class=\"gallery-item\">\n<div class=\"gallery-icon landscape\"><a href=\"http:\/\/www.ms.gov.br\/covid-segue-critica-e-ms-registra-1-652-novos-casos-e-mais-22-mortes-pela-doenca\/obitos_macroregiao\/\"><img loading=\"lazy\" decoding=\"async\" class=\"attachment-medium size-medium\" src=\"http:\/\/www.ms.gov.br\/wp-content\/uploads\/sites\/150\/2020\/12\/obitos_macroregiao-300x209.jpg\" sizes=\"auto, (max-width: 300px) 100vw, 300px\" srcset=\"http:\/\/www.ms.gov.br\/wp-content\/uploads\/sites\/150\/2020\/12\/obitos_macroregiao-300x209.jpg 300w, http:\/\/www.ms.gov.br\/wp-content\/uploads\/sites\/150\/2020\/12\/obitos_macroregiao-345x240.jpg 345w, http:\/\/www.ms.gov.br\/wp-content\/uploads\/sites\/150\/2020\/12\/obitos_macroregiao.jpg 631w\" alt=\"\" width=\"300\" height=\"209\" \/><\/a><\/div>\n<\/figure>\n<figure class=\"gallery-item\">\n<div class=\"gallery-icon landscape\"><a href=\"http:\/\/www.ms.gov.br\/covid-segue-critica-e-ms-registra-1-652-novos-casos-e-mais-22-mortes-pela-doenca\/evolucao-de-casos-e-media-movel\/\"><img loading=\"lazy\" decoding=\"async\" class=\"attachment-medium size-medium\" src=\"http:\/\/www.ms.gov.br\/wp-content\/uploads\/sites\/150\/2020\/12\/evolu%C3%A7%C3%A3o-de-casos-e-media-movel-300x218.jpg\" sizes=\"auto, (max-width: 300px) 100vw, 300px\" srcset=\"http:\/\/www.ms.gov.br\/wp-content\/uploads\/sites\/150\/2020\/12\/evolu\u00e7\u00e3o-de-casos-e-media-movel-300x218.jpg 300w, http:\/\/www.ms.gov.br\/wp-content\/uploads\/sites\/150\/2020\/12\/evolu\u00e7\u00e3o-de-casos-e-media-movel-330x240.jpg 330w, http:\/\/www.ms.gov.br\/wp-content\/uploads\/sites\/150\/2020\/12\/evolu\u00e7\u00e3o-de-casos-e-media-movel.jpg 630w\" alt=\"\" width=\"300\" height=\"218\" \/><\/a><\/div>\n<\/figure>\n<\/div>\n<p>Com o elevado n\u00famero de casos sem libera\u00e7\u00e3o pelos mun\u00edcios, a secretaria adjunta da SES, Christine Maymone fez o alerta. \u201cEstamos trabalhando 24 horas no Lacen. Estamos correndo contra o tempo. Entregando no m\u00ednimo de tempo poss\u00edvel que conseguimos. Temos 3.812 amostras ainda em processamento. Mas, no entanto, temos 6.436 casos sem encerramento pelos mun\u00edcios que precisam ser encerrados para informa\u00e7\u00e3o chegar mais fidedigna a popula\u00e7\u00e3o\u201d, destacou.<\/p>\n<p>Confira\u00a0<strong><a href=\"http:\/\/www.ms.gov.br\/wp-content\/uploads\/sites\/150\/2020\/12\/Boletim-Epidemiol%C3%B3gico-COVID-19-2020.12.23.pdf\">aqui<\/a><\/strong> o detalhamento do boletim Covid desta quarta-feira, 23 de dezembro.<\/p>\n","protected":false},"excerpt":{"rendered":"<p>O boletim epidemiol\u00f3gico da Covid-19 atualizado desta quarta-feira (23) confirmou 1.652 novos casos da doen\u00e7a&#8230;<\/p>\n","protected":false},"author":13,"featured_media":11710866,"comment_status":"closed","ping_status":"closed","sticky":false,"template":"","format":"standard","meta":{"footnotes":""},"categories":[116,8,21],"tags":[],"class_list":["post-11710865","post","type-post","status-publish","format-standard","has-post-thumbnail","hentry","category-coronavirus","category-destaque","category-saude"],"_links":{"self":[{"href":"https:\/\/www.corumbaonline.com.br\/news\/wp-json\/wp\/v2\/posts\/11710865","targetHints":{"allow":["GET"]}}],"collection":[{"href":"https:\/\/www.corumbaonline.com.br\/news\/wp-json\/wp\/v2\/posts"}],"about":[{"href":"https:\/\/www.corumbaonline.com.br\/news\/wp-json\/wp\/v2\/types\/post"}],"author":[{"embeddable":true,"href":"https:\/\/www.corumbaonline.com.br\/news\/wp-json\/wp\/v2\/users\/13"}],"replies":[{"embeddable":true,"href":"https:\/\/www.corumbaonline.com.br\/news\/wp-json\/wp\/v2\/comments?post=11710865"}],"version-history":[{"count":1,"href":"https:\/\/www.corumbaonline.com.br\/news\/wp-json\/wp\/v2\/posts\/11710865\/revisions"}],"predecessor-version":[{"id":11710867,"href":"https:\/\/www.corumbaonline.com.br\/news\/wp-json\/wp\/v2\/posts\/11710865\/revisions\/11710867"}],"wp:featuredmedia":[{"embeddable":true,"href":"https:\/\/www.corumbaonline.com.br\/news\/wp-json\/wp\/v2\/media\/11710866"}],"wp:attachment":[{"href":"https:\/\/www.corumbaonline.com.br\/news\/wp-json\/wp\/v2\/media?parent=11710865"}],"wp:term":[{"taxonomy":"category","embeddable":true,"href":"https:\/\/www.corumbaonline.com.br\/news\/wp-json\/wp\/v2\/categories?post=11710865"},{"taxonomy":"post_tag","embeddable":true,"href":"https:\/\/www.corumbaonline.com.br\/news\/wp-json\/wp\/v2\/tags?post=11710865"}],"curies":[{"name":"wp","href":"https:\/\/api.w.org\/{rel}","templated":true}]}}