{"id":11710877,"date":"2020-12-25T09:00:00","date_gmt":"2020-12-25T13:00:00","guid":{"rendered":"http:\/\/www.corumbaonline.com.br\/news\/?p=11710877"},"modified":"2020-12-25T09:53:46","modified_gmt":"2020-12-25T13:53:46","slug":"apos-deboche-bolsonaro-se-solidariza-com-quem-perdeu-entes","status":"publish","type":"post","link":"https:\/\/www.corumbaonline.com.br\/news\/apos-deboche-bolsonaro-se-solidariza-com-quem-perdeu-entes\/","title":{"rendered":"Ap\u00f3s deboche, Bolsonaro se solidariza com quem perdeu entes"},"content":{"rendered":"<p>Ap\u00f3s chamar o novo coronav\u00edrus de &#8220;gripezinha&#8221; e minimizar os impactos da doen\u00e7a ao longo do ano, o presidente Jair Bolsonaro gravou um pronunciamento na v\u00e9spera do Natal se solidarizando com as fam\u00edlias que perderam entes queridos neste ano.<\/p>\n<p class=\"text\">No discurso, gravado ao lado da primeira-dama, Michelle Bolsonaro, o chefe do Planalto procurou dizer que o governo federal agiu em duas frentes, na economia e na sa\u00fade, para salvar vidas e empregos. O pronunciamento foi transmitido em uma cadeia nacional de r\u00e1dio e TV, nesta quarta-feira, 24.<\/p>\n<div class=\"ad-video-inread\" data-google-query-id=\"CITosdKj6e0CFcoDuQYdcn8L2A\">\n<p class=\"text\">&#8220;Nessa ocasi\u00e3o, solidarizo-me, particularmente, com as fam\u00edlias que perderam seus entes queridos neste ano&#8230; Externo meus sentimentos, pedindo a Deus que conforte os cora\u00e7\u00f5es de todos&#8221;, afirmou Bolsonaro. O presidente tamb\u00e9m expressou agradecimento e reconhecimento aos profissionais de sa\u00fade, &#8220;que continuaram exercendo suas atribui\u00e7\u00f5es.&#8221;<\/p>\n<p class=\"text\">O Brasil registrou at\u00e9 este dia 24 190.032 mortes causadas pela covid-19 desde o in\u00edcio da pandemia, em meio a 7.424.430 casos confirmados. Os dados s\u00e3o reunidos pelo cons\u00f3rcio de ve\u00edculos de comunica\u00e7\u00e3o a partir dos registros das secretarias estaduais de Sa\u00fade. O cons\u00f3rcio \u00e9 formado pelo\u00a0<strong>Estad\u00e3o<\/strong>, G1, O Globo, Extra, Folha e UOL.<\/p>\n<p>Em rela\u00e7\u00e3o \u00e0s a\u00e7\u00f5es do governo na crise, Bolsonaro destacou o pagamento do aux\u00edlio emergencial, o financiamento a micro e pequenas empresas e a medida que compensou parte da redu\u00e7\u00e3o de sal\u00e1rios em empresas. Tamb\u00e9m citou os recursos financeiros repassados a Estados e munic\u00edpios. &#8220;Nossos esfor\u00e7os sempre tiveram como foco principal a preserva\u00e7\u00e3o da vida e de empregos, pois sa\u00fade e economia caminham juntas, lado a lado.&#8221;<\/p>\n<\/div>\n","protected":false},"excerpt":{"rendered":"<p>Ap\u00f3s chamar o novo coronav\u00edrus de &#8220;gripezinha&#8221; e minimizar os impactos da doen\u00e7a ao longo&#8230;<\/p>\n","protected":false},"author":11,"featured_media":11710878,"comment_status":"closed","ping_status":"closed","sticky":false,"template":"","format":"standard","meta":{"footnotes":""},"categories":[116,19,21],"tags":[],"class_list":["post-11710877","post","type-post","status-publish","format-standard","has-post-thumbnail","hentry","category-coronavirus","category-politica","category-saude"],"_links":{"self":[{"href":"https:\/\/www.corumbaonline.com.br\/news\/wp-json\/wp\/v2\/posts\/11710877","targetHints":{"allow":["GET"]}}],"collection":[{"href":"https:\/\/www.corumbaonline.com.br\/news\/wp-json\/wp\/v2\/posts"}],"about":[{"href":"https:\/\/www.corumbaonline.com.br\/news\/wp-json\/wp\/v2\/types\/post"}],"author":[{"embeddable":true,"href":"https:\/\/www.corumbaonline.com.br\/news\/wp-json\/wp\/v2\/users\/11"}],"replies":[{"embeddable":true,"href":"https:\/\/www.corumbaonline.com.br\/news\/wp-json\/wp\/v2\/comments?post=11710877"}],"version-history":[{"count":1,"href":"https:\/\/www.corumbaonline.com.br\/news\/wp-json\/wp\/v2\/posts\/11710877\/revisions"}],"predecessor-version":[{"id":11710879,"href":"https:\/\/www.corumbaonline.com.br\/news\/wp-json\/wp\/v2\/posts\/11710877\/revisions\/11710879"}],"wp:featuredmedia":[{"embeddable":true,"href":"https:\/\/www.corumbaonline.com.br\/news\/wp-json\/wp\/v2\/media\/11710878"}],"wp:attachment":[{"href":"https:\/\/www.corumbaonline.com.br\/news\/wp-json\/wp\/v2\/media?parent=11710877"}],"wp:term":[{"taxonomy":"category","embeddable":true,"href":"https:\/\/www.corumbaonline.com.br\/news\/wp-json\/wp\/v2\/categories?post=11710877"},{"taxonomy":"post_tag","embeddable":true,"href":"https:\/\/www.corumbaonline.com.br\/news\/wp-json\/wp\/v2\/tags?post=11710877"}],"curies":[{"name":"wp","href":"https:\/\/api.w.org\/{rel}","templated":true}]}}