{"id":11710880,"date":"2020-12-25T09:24:00","date_gmt":"2020-12-25T13:24:00","guid":{"rendered":"http:\/\/www.corumbaonline.com.br\/news\/?p=11710880"},"modified":"2020-12-25T09:57:02","modified_gmt":"2020-12-25T13:57:02","slug":"o-governo-faz-a-sua-parte-mas-a-populacao-precisa-cooperar","status":"publish","type":"post","link":"https:\/\/www.corumbaonline.com.br\/news\/o-governo-faz-a-sua-parte-mas-a-populacao-precisa-cooperar\/","title":{"rendered":"\u201cO Governo faz a sua parte, mas a popula\u00e7\u00e3o precisa cooperar\u201d"},"content":{"rendered":"<p>Desde o dia 16 de mar\u00e7o, eles passaram a fazer parte da vida e do dia a dia dos sul-mato-grossenses. Num dos per\u00edodos mais dif\u00edceis j\u00e1 vividos na \u00e1rea da sa\u00fade em todo o mundo, s\u00e3o eles que informam a popula\u00e7\u00e3o de forma clara e transparente os n\u00fameros da Covid-19 e as a\u00e7\u00f5es que est\u00e3o sendo tomadas pela Secretaria Estadual de Sa\u00fade do MS \u2013 SES.<\/p>\n<p>Estamos falando do secret\u00e1rio da pasta, Dr. Geraldo Resende, e da adjunta, Dra. Christinne Maymone, em suas famosas lives. Duas personalidades que se complementam, sobretudo na hora de falar diretamente com a popula\u00e7\u00e3o atrav\u00e9s das c\u00e2meras.<\/p>\n<p>Ele em tom incisivo e ela mais conciliadora, ambos cumprindo com toda dignidade a miss\u00e3o de transmitir seguran\u00e7a \u00e0 milhares de pessoas que acompanham os Boletins Covid-19.<\/p>\n<p>N\u00e3o obstante os n\u00fameros, o cen\u00e1rio preocupante, a superlota\u00e7\u00e3o dos hospitais e o vis\u00edvel descumprimento das normas sanit\u00e1rias por parte da popula\u00e7\u00e3o, eles v\u00e3o em frente, enfrentando o que talvez seja a batalha mais dif\u00edcil de suas carreiras na \u00e1rea da sa\u00fade.<\/p>\n<figure id=\"attachment_318884\" class=\"wp-caption aligncenter\"><img loading=\"lazy\" decoding=\"async\" class=\"wp-image-318884 size-large\" src=\"http:\/\/www.ms.gov.br\/wp-content\/uploads\/sites\/150\/2020\/08\/Live-do-Coronav%C3%ADrus-do-dia-19-08-20-Foto-Edemir-Rodrigues-1-1024x567.jpg\" sizes=\"auto, (max-width: 1024px) 100vw, 1024px\" srcset=\"http:\/\/www.ms.gov.br\/wp-content\/uploads\/sites\/150\/2020\/08\/Live-do-Coronav\u00edrus-do-dia-19-08-20-Foto-Edemir-Rodrigues-1-1024x567.jpg 1024w, http:\/\/www.ms.gov.br\/wp-content\/uploads\/sites\/150\/2020\/08\/Live-do-Coronav\u00edrus-do-dia-19-08-20-Foto-Edemir-Rodrigues-1-300x166.jpg 300w, http:\/\/www.ms.gov.br\/wp-content\/uploads\/sites\/150\/2020\/08\/Live-do-Coronav\u00edrus-do-dia-19-08-20-Foto-Edemir-Rodrigues-1-768x425.jpg 768w, http:\/\/www.ms.gov.br\/wp-content\/uploads\/sites\/150\/2020\/08\/Live-do-Coronav\u00edrus-do-dia-19-08-20-Foto-Edemir-Rodrigues-1-350x194.jpg 350w\" alt=\"\" width=\"1024\" height=\"567\" \/><figcaption class=\"wp-caption-text\">Dra.\u00a0Christinne Maymone, secret\u00e1ria-adjunta da SES<\/figcaption><\/figure>\n<p><strong>Desabafo durante\u00a0<em>live<\/em>\u00a0recente demonstra grau de preocupa\u00e7\u00e3o<\/strong><\/p>\n<p>Na transmiss\u00e3o da \u00faltima segunda-feira, in\u00edcio da 52\u00aa semana da Pandemia no Estado, com n\u00fameros de cont\u00e1gio nos alt\u00edssimos patamares de 1,15% e taxa de mortalidade em 1,7%, o secret\u00e1rio fez um desabafo: \u201cas pessoas n\u00e3o valorizam a vida. Nem a delas nem a dos outros\u201d, e ainda soltou um palavr\u00e3o imitando o que ele diz ser a rea\u00e7\u00e3o dos jovens diante desta crise sem precedentes.<\/p>\n<p>\u201cEst\u00e3o matando nossos velhinhos\u201d, diz Dr. Geraldo, que j\u00e1 perdeu v\u00e1rios amigos, colegas, parentes internados e ainda tem uma imensa preocupa\u00e7\u00e3o: a m\u00e3e de 95 anos, dona Hermenegilda, que mora em Dourados. Com os abra\u00e7os interrompidos, para protege-la de eventual contamina\u00e7\u00e3o, ele conta como s\u00e3o os momentos de visita tendo que manter o distanciamento. \u201cQuando vou v\u00ea-la fico de longe escutando ela chorar\u201d, revela.<\/p>\n<p>Indignado com o que ele chama de \u201cdesobedi\u00eancia e descompromisso\u201d de quem n\u00e3o segue as regras de distanciamento, m\u00e1scaras e cuidados essenciais, o secret\u00e1rio diz que est\u00e1 faltando empatia \u00e0s pessoas. \u201cO Governo do Estado est\u00e1 cumprindo o seu papel mas a popula\u00e7\u00e3o n\u00e3o ajuda\u201d, reclama.<\/p>\n<p>A epidemia, segundo ele, ainda \u00e9 muito desconhecida e pegou o mundo inteiro sem saber claramente como lidar com ela. O avan\u00e7o exponencial da segunda onda, por exemplo, de acordo com Dr. Geraldo, \u00e9 algo at\u00edpico, para o ver\u00e3o onde as doen\u00e7as respirat\u00f3rias costumam se arrefecer. \u201cEssa \u00e9 uma \u00e9poca onde os casos de Dengue e Chikungunya aumentam\u201d, explica.<\/p>\n<p>Com a mudan\u00e7a de cen\u00e1rio e o agravamento do n\u00famero de casos da Covid-19, o secret\u00e1rio teme o colapso da rede de hospitais. \u201cN\u00e3o temos leitos, n\u00e3o temos fisioterapeutas suficientes, precisamos contar com a consci\u00eancia da popula\u00e7\u00e3o\u201d, apela.<\/p>\n","protected":false},"excerpt":{"rendered":"<p>Desde o dia 16 de mar\u00e7o, eles passaram a fazer parte da vida e do&#8230;<\/p>\n","protected":false},"author":13,"featured_media":11710881,"comment_status":"closed","ping_status":"closed","sticky":false,"template":"","format":"standard","meta":{"footnotes":""},"categories":[116,8,21],"tags":[],"class_list":["post-11710880","post","type-post","status-publish","format-standard","has-post-thumbnail","hentry","category-coronavirus","category-destaque","category-saude"],"_links":{"self":[{"href":"https:\/\/www.corumbaonline.com.br\/news\/wp-json\/wp\/v2\/posts\/11710880","targetHints":{"allow":["GET"]}}],"collection":[{"href":"https:\/\/www.corumbaonline.com.br\/news\/wp-json\/wp\/v2\/posts"}],"about":[{"href":"https:\/\/www.corumbaonline.com.br\/news\/wp-json\/wp\/v2\/types\/post"}],"author":[{"embeddable":true,"href":"https:\/\/www.corumbaonline.com.br\/news\/wp-json\/wp\/v2\/users\/13"}],"replies":[{"embeddable":true,"href":"https:\/\/www.corumbaonline.com.br\/news\/wp-json\/wp\/v2\/comments?post=11710880"}],"version-history":[{"count":1,"href":"https:\/\/www.corumbaonline.com.br\/news\/wp-json\/wp\/v2\/posts\/11710880\/revisions"}],"predecessor-version":[{"id":11710882,"href":"https:\/\/www.corumbaonline.com.br\/news\/wp-json\/wp\/v2\/posts\/11710880\/revisions\/11710882"}],"wp:featuredmedia":[{"embeddable":true,"href":"https:\/\/www.corumbaonline.com.br\/news\/wp-json\/wp\/v2\/media\/11710881"}],"wp:attachment":[{"href":"https:\/\/www.corumbaonline.com.br\/news\/wp-json\/wp\/v2\/media?parent=11710880"}],"wp:term":[{"taxonomy":"category","embeddable":true,"href":"https:\/\/www.corumbaonline.com.br\/news\/wp-json\/wp\/v2\/categories?post=11710880"},{"taxonomy":"post_tag","embeddable":true,"href":"https:\/\/www.corumbaonline.com.br\/news\/wp-json\/wp\/v2\/tags?post=11710880"}],"curies":[{"name":"wp","href":"https:\/\/api.w.org\/{rel}","templated":true}]}}