{"id":11710891,"date":"2020-12-26T08:35:00","date_gmt":"2020-12-26T12:35:00","guid":{"rendered":"http:\/\/www.corumbaonline.com.br\/news\/?p=11710891"},"modified":"2020-12-26T09:10:12","modified_gmt":"2020-12-26T13:10:12","slug":"bolsonaro-assina-decreto-que-cria-sua-primeira-estatal","status":"publish","type":"post","link":"https:\/\/www.corumbaonline.com.br\/news\/bolsonaro-assina-decreto-que-cria-sua-primeira-estatal\/","title":{"rendered":"Bolsonaro assina decreto que cria sua primeira estatal"},"content":{"rendered":"<p>O presidente\u00a0<strong>Jair Bolsonaro<\/strong>\u00a0assinou, na v\u00e9spera do\u00a0<strong>Natal<\/strong>, decreto de cria\u00e7\u00e3o da primeira estatal do seu governo, a\u00a0<strong>NAV Brasil Servi\u00e7os de Navega\u00e7\u00e3o A\u00e9rea<\/strong>, respons\u00e1vel pelo controle do espa\u00e7o a\u00e9reo do Pa\u00eds. \u00c9 a primeira empresa p\u00fablica criada pela Uni\u00e3o desde 2013, quando a ex-presidente Dilma Rousseff criou a\u00a0<strong>Ag\u00eancia Brasileira Gestora de Fundos Garantidores e Garantias (ABGF)<\/strong>.<\/p>\n<p>O decreto foi publicado em edi\u00e7\u00e3o extra do Di\u00e1rio Oficial da Uni\u00e3o (DOU) na quinta-feira, 24. A norma formaliza a cria\u00e7\u00e3o da estatal, que j\u00e1 havia sido aprovada pelo Congresso. Em novembro de 2019, Bolsonaro sancionou a lei que permitia a cria\u00e7\u00e3o da empresa. Ligada ao Minist\u00e9rio da Defesa, a\u00a0<strong>NAV Brasil\u00a0<\/strong>foi institu\u00edda por meio de medida provis\u00f3ria editada no governo Michel Temer, no fim de 20<\/p>\n<p class=\"text\">A cria\u00e7\u00e3o da estatal representa uma vit\u00f3ria da ala militar do governo frente a uma equipe econ\u00f4mica de vi\u00e9s privatizante.<\/p>\n<p class=\"text\">O ministro da Economia,\u00a0<strong>Paulo Guedes<\/strong>, j\u00e1 admitiu estar frustrado com o andamento das privatiza\u00e7\u00f5es nos dois primeiros anos do governo. &#8220;Houve alguma hesita\u00e7\u00e3o de minist\u00e9rios (na privatiza\u00e7\u00e3o de estatais), no nosso pr\u00f3prio minist\u00e9rio houve falhas&#8221;, afirmou Guedes, no m\u00eas passado, sem citar quais seriam essas falhas ou quais empresas esbarraram nas resist\u00eancias de outros \u00f3rg\u00e3os do governo. Ele apenas admitiu que jogou &#8220;quase dois anos na defesa&#8221;, sem atacar a frente das privatiza\u00e7\u00f5es.<\/p>\n<h2>O que \u00e9 a NAV?<\/h2>\n<p class=\"text\">A\u00a0<strong>NAV\u00a0<\/strong>resulta da cis\u00e3o da<strong>\u00a0Infraero<\/strong>, que administra aeroportos p\u00fablicos como Congonhas (SP) e Santos Dumont (RJ), e ficar\u00e1 com as receitas das tarifas de navega\u00e7\u00e3o a\u00e9rea. Ela ser\u00e1 vinculada ao Minist\u00e9rio da Defesa, por meio do Comando da Aeron\u00e1utica, e herdar\u00e1 cerca de 2 mil empregados da Infraero que j\u00e1 atuam na \u00e1rea de controle de tr\u00e1fego a\u00e9reo. Mas as transfer\u00eancias de empregados podem superar esse n\u00famero.<\/p>\n<p class=\"text\">&#8220;A cria\u00e7\u00e3o da NAV Brasil S.A. refor\u00e7a a relev\u00e2ncia dos servi\u00e7os de navega\u00e7\u00e3o a\u00e9rea, otimizando a organiza\u00e7\u00e3o do setor de transportes a\u00e9reos. Cumpre ressalvar, contudo, que a medida n\u00e3o representa aumento da participa\u00e7\u00e3o estatal na economia, pois a cria\u00e7\u00e3o da nova entidade decorre de cis\u00e3o da atual Infraero. Trata-se de mera especializa\u00e7\u00e3o, racionaliza\u00e7\u00e3o e ganho de efici\u00eancia&#8221;, informou a Secretaria-Geral da Presid\u00eancia, em nota.<\/p>\n<p class=\"text\">Em maio do ano passado,\u00a0<strong>Bolsonaro\u00a0<\/strong>chegou a revogar a MP de Temer que criava a estatal. A proposta estava trancando a pauta de vota\u00e7\u00f5es, mas depois foi retomada e aprovada em tramita\u00e7\u00e3o rel\u00e2mpago. No Senado, a MP da NAV foi relatada por senador Fl\u00e1vio Bolsonaro (PSL-RJ), o &#8220;filho 01&#8221; do presidente.<\/p>\n","protected":false},"excerpt":{"rendered":"<p>O presidente\u00a0Jair Bolsonaro\u00a0assinou, na v\u00e9spera do\u00a0Natal, decreto de cria\u00e7\u00e3o da primeira estatal do seu governo,&#8230;<\/p>\n","protected":false},"author":11,"featured_media":0,"comment_status":"closed","ping_status":"closed","sticky":false,"template":"","format":"standard","meta":{"footnotes":""},"categories":[19],"tags":[],"class_list":["post-11710891","post","type-post","status-publish","format-standard","hentry","category-politica"],"_links":{"self":[{"href":"https:\/\/www.corumbaonline.com.br\/news\/wp-json\/wp\/v2\/posts\/11710891","targetHints":{"allow":["GET"]}}],"collection":[{"href":"https:\/\/www.corumbaonline.com.br\/news\/wp-json\/wp\/v2\/posts"}],"about":[{"href":"https:\/\/www.corumbaonline.com.br\/news\/wp-json\/wp\/v2\/types\/post"}],"author":[{"embeddable":true,"href":"https:\/\/www.corumbaonline.com.br\/news\/wp-json\/wp\/v2\/users\/11"}],"replies":[{"embeddable":true,"href":"https:\/\/www.corumbaonline.com.br\/news\/wp-json\/wp\/v2\/comments?post=11710891"}],"version-history":[{"count":1,"href":"https:\/\/www.corumbaonline.com.br\/news\/wp-json\/wp\/v2\/posts\/11710891\/revisions"}],"predecessor-version":[{"id":11710892,"href":"https:\/\/www.corumbaonline.com.br\/news\/wp-json\/wp\/v2\/posts\/11710891\/revisions\/11710892"}],"wp:attachment":[{"href":"https:\/\/www.corumbaonline.com.br\/news\/wp-json\/wp\/v2\/media?parent=11710891"}],"wp:term":[{"taxonomy":"category","embeddable":true,"href":"https:\/\/www.corumbaonline.com.br\/news\/wp-json\/wp\/v2\/categories?post=11710891"},{"taxonomy":"post_tag","embeddable":true,"href":"https:\/\/www.corumbaonline.com.br\/news\/wp-json\/wp\/v2\/tags?post=11710891"}],"curies":[{"name":"wp","href":"https:\/\/api.w.org\/{rel}","templated":true}]}}