{"id":11710915,"date":"2020-12-28T09:25:00","date_gmt":"2020-12-28T13:25:00","guid":{"rendered":"http:\/\/www.corumbaonline.com.br\/news\/?p=11710915"},"modified":"2020-12-28T10:25:45","modified_gmt":"2020-12-28T14:25:45","slug":"ifms-abertas-326-vagas-para-cursos-gratuitos-de-idiomas","status":"publish","type":"post","link":"https:\/\/www.corumbaonline.com.br\/news\/ifms-abertas-326-vagas-para-cursos-gratuitos-de-idiomas\/","title":{"rendered":"IFMS: abertas 326 vagas para cursos gratuitos de idiomas"},"content":{"rendered":"<p>O Instituto Federal de Mato Grosso do Sul (IFMS) est\u00e1 com processo seletivo aberto para o 1\u00ba semestre letivo de 2021, nos cursos de Forma\u00e7\u00e3o Inicial e Continuada (FIC), em Espanhol, Ingl\u00eas e Libras, ofertados por meio do Centro de Idiomas (Cenid) da institui\u00e7\u00e3o.<\/p>\n<p>S\u00e3o oferecidas 326\u00a0vagas em Aquidauana, Campo Grande, Corumb\u00e1, Coxim, Dourados, Jardim, Ponta Por\u00e3 e Tr\u00eas Lagoas, para turmas em andamento. Os cursos acontecem nas etapas B\u00e1sico e Intermedi\u00e1rio em seis n\u00edveis. Em atendimento ao plano de internacionaliza\u00e7\u00e3o do IFMS, no m\u00ednimo 75% das vagas s\u00e3o reservadas a estudantes e servidores do Instituto.<\/p>\n<p>As inscri\u00e7\u00f5es v\u00e3o de 28 de dezembro a 24 de janeiro e devem ser feitas na\u00a0<a class=\"external-link\" title=\"\" href=\"http:\/\/selecao.ifms.edu.br\/login\" target=\"_blank\" rel=\"noopener noreferrer\">P\u00e1gina do Candidato<\/a>. Para concorrer, o candidato dever\u00e1 possuir Ensino Fundamental I completo (5\u00ba ano).<\/p>\n<p>Aquele que n\u00e3o tiver acesso \u00e0 internet poder\u00e1 solicitar a utiliza\u00e7\u00e3o de computador do Instituto para efetuar a inscri\u00e7\u00e3o. Para isso, \u00e9 necess\u00e1rio fazer o agendamento do dia e hor\u00e1rio, enviando\u00a0<em>e-mail<\/em>\u00a0para a Central de Relacionamento (Cerel) do campus, conforme o Anexo I do edital de abertura, publicado na\u00a0<a class=\"external-link\" title=\"\" href=\"http:\/\/selecao.ifms.edu.br\/perfil\/estudantes\/edital-069-2020-fic-cenid-2021-1\" target=\"_blank\" rel=\"noopener noreferrer\">Central de Sele\u00e7\u00e3o<\/a>.<\/p>\n<p>Em fun\u00e7\u00e3o da pandemia da Covid-19, para o atendimento presencial ser\u00e1 obrigat\u00f3rio o uso de m\u00e1scara e haver\u00e1 limite m\u00e1ximo de pessoas na sala, de modo a garantir o distanciamento social.<\/p>\n<p><strong>Nivelamento<\/strong>\u00a0\u2013 Os inscritos passar\u00e3o por uma prova de nivelamento, que ocorrer\u00e1\u00a0<em>online,<\/em>\u00a0para avaliar\u00a0as habilidades de comunica\u00e7\u00e3o escrita e auditiva (Espanhol e Ingl\u00eas), bem como a compreens\u00e3o visual e gramatical (Libras), para comprova\u00e7\u00e3o do conhecimento exigido para ingresso no n\u00edvel desejado. O nivelamento ser\u00e1 realizado entre 1 e 5 de fevereiro.<\/p>\n<p>O preenchimento das vagas nas turmas em andamento est\u00e1 condicionado \u00e0 aprova\u00e7\u00e3o na prova de nivelamento e sele\u00e7\u00e3o por meio de sorteio eletr\u00f4nico, marcado para o dia 22 do mesmo m\u00eas.<\/p>\n<p><strong>Aulas<\/strong>\u00a0\u2013\u00a0Em virtude da pandemia, as aulas ser\u00e3o na modalidade n\u00e3o presencial &#8211; enquanto durar a suspens\u00e3o das atividades presenciais no IFMS -,\u00a0nos dias e hor\u00e1rios informados abaixo, com in\u00edcio no dia 8 de mar\u00e7o. O estudante que n\u00e3o comparecer \u00e0s duas primeiras aulas, n\u00e3o acessar o ambiente virtual ou n\u00e3o iniciar as atividades remotas conforme orienta\u00e7\u00e3o enviada pela coordena\u00e7\u00e3o ser\u00e1 considerado desistente e o IFMS destinar\u00e1 sua vaga ao pr\u00f3ximo candidato da lista de espera.<\/p>\n<p>Os cursos buscam fomentar o processo de internacionaliza\u00e7\u00e3o do IFMS, conduzindo o estudante \u00e0 capacita\u00e7\u00e3o, ao aperfei\u00e7oamento e ao conhecimento de uma l\u00edngua adicional. O certificado de curso FIC ter\u00e1 validade nacional e certificar\u00e1 o n\u00edvel de compet\u00eancia lingu\u00edstica na conclus\u00e3o de cada etapa do curso.<\/p>\n<p><strong>Vagas e cursos ofertados<br \/>\n<\/strong><\/p>\n<table class=\"plain\">\n<tbody>\n<tr>\n<td><strong>Campus<\/strong><\/td>\n<td><strong>Curso<\/strong><\/td>\n<td><strong>Aulas<\/strong><\/td>\n<td><strong>Total de vagas<\/strong><\/td>\n<\/tr>\n<tr>\n<td rowspan=\"4\">Aquidauana<\/td>\n<td>Espanhol b\u00e1sico III<\/td>\n<td>Ter\u00e7a e quarta-feira, das 18h \u00e0s 19h30<\/td>\n<td>10<\/td>\n<\/tr>\n<tr>\n<td>Ingl\u00eas b\u00e1sico III<\/td>\n<td>Ter\u00e7a-feira, das 18h \u00e0s 21h<\/td>\n<td>10<\/td>\n<\/tr>\n<tr>\n<td>Ingl\u00eas intermedi\u00e1rio IV<\/td>\n<td>Ter\u00e7a-feira, das 19h \u00e0s 22h<\/td>\n<td>10<\/td>\n<\/tr>\n<tr>\n<td>Libras b\u00e1sico III<\/td>\n<td>Quinta-feira, das 19h \u00e0s 22h<\/td>\n<td>10<\/td>\n<\/tr>\n<tr>\n<td rowspan=\"16\">Campo Grande<\/td>\n<td>Espanhol b\u00e1sico III<\/td>\n<td>Ter\u00e7a e quinta, das 18h50 \u00e0s 19h35<\/td>\n<td>03<\/td>\n<\/tr>\n<tr>\n<td>Espanhol intermedi\u00e1rio IV<\/td>\n<td>Segundas e quartas, das 16h30 \u00e0s 18h<\/td>\n<td>04<\/td>\n<\/tr>\n<tr>\n<td>Espanhol intermedi\u00e1rio V<\/td>\n<td>Quarta-feira, das 13h \u00e0s 16h10<\/td>\n<td>05<\/td>\n<\/tr>\n<tr>\n<td>Espanhol intermedi\u00e1rio V<\/td>\n<td>Ter\u00e7a-feira, das 7h50 \u00e0s 11h<\/td>\n<td>06<\/td>\n<\/tr>\n<tr>\n<td>Espanhol intermedi\u00e1rio VI<\/td>\n<td>S\u00e1bados, das 8h30 \u00e0s 11h30<\/td>\n<td>06<\/td>\n<\/tr>\n<tr>\n<td>Ingl\u00eas b\u00e1sico III<\/td>\n<td>Segundas e quartas, das 10h20 \u00e0s 11h<\/td>\n<td>02<\/td>\n<\/tr>\n<tr>\n<td>Ingl\u00eas intermedi\u00e1rio IV<\/td>\n<td>Ter\u00e7as e quintas, das 8h30-10h20<\/td>\n<td>04<\/td>\n<\/tr>\n<tr>\n<td>Ingl\u00eas intermedi\u00e1rio IV<\/td>\n<td>Ter\u00e7as e quintas, das 14h30 \u00e0s 16h<\/td>\n<td>04<\/td>\n<\/tr>\n<tr>\n<td>Ingl\u00eas intermedi\u00e1rio V<\/td>\n<td>Ter\u00e7as e quintas, das 13h \u00e0s 14h30<\/td>\n<td>04<\/td>\n<\/tr>\n<tr>\n<td>Ingl\u00eas intermedi\u00e1rio V<\/td>\n<td>S\u00e1bados, das 8h30 \u00e0s 11h30<\/td>\n<td>07<\/td>\n<\/tr>\n<tr>\n<td>Ingl\u00eas intermedi\u00e1rio V<\/td>\n<td>Segundas e quartas, das 8h30 \u00e0s 10h<\/td>\n<td>17<\/td>\n<\/tr>\n<tr>\n<td>Libras b\u00e1sico III<\/td>\n<td>Quinta-feira , das 18h30 \u00e0s 21h30<\/td>\n<td>02<\/td>\n<\/tr>\n<tr>\n<td>Libras intermedi\u00e1rio IV<\/td>\n<td>Quarta-feira, das 18h50 \u00e0s 21h05<\/td>\n<td>04<\/td>\n<\/tr>\n<tr>\n<td>Libras intermedi\u00e1rio IV<\/td>\n<td>Ter\u00e7a-feira, das 13h45 \u00e0s 17h05<\/td>\n<td>12<\/td>\n<\/tr>\n<tr>\n<td>Libras intermedi\u00e1rio V<\/td>\n<td>Quinta-feira, das 7h30 \u00e0s 10h30<\/td>\n<td>08<\/td>\n<\/tr>\n<tr>\n<td>Libras intermedi\u00e1rio VI<\/td>\n<td>S\u00e1bado, das 08h30 \u00e0s 11h30<\/td>\n<td>06<\/td>\n<\/tr>\n<tr>\n<td rowspan=\"6\">Corumb\u00e1<\/td>\n<td>Espanhol b\u00e1sico I<\/td>\n<td>Ter\u00e7as-feiras e quintas-feiras, das 15h30 \u00e0s 17h<\/td>\n<td>20<\/td>\n<\/tr>\n<tr>\n<td>Espanhol b\u00e1sico III<\/td>\n<td>Quartas-feiras e sextas-feiras , das 19h \u00e0s 20h30<\/td>\n<td>03<\/td>\n<\/tr>\n<tr>\n<td>Espanhol intermedi\u00e1rio V<\/td>\n<td>Ter\u00e7as-feiras e quintas-feiras, das 19h \u00e0s 20h30<\/td>\n<td>05<\/td>\n<\/tr>\n<tr>\n<td>Ingl\u00eas b\u00e1sico II<\/td>\n<td>Quartas-feiras e sextas-feiras, das 19h \u00e0s 20h30<\/td>\n<td>10<\/td>\n<\/tr>\n<tr>\n<td>Ingl\u00eas intermedi\u00e1rio VI<\/td>\n<td>Segundas-feiras e quartas-feiras, das 07h45 \u00e0s 09h15<\/td>\n<td>10<\/td>\n<\/tr>\n<tr>\n<td>Ingl\u00eas intermedi\u00e1rio VI<\/td>\n<td>Quartas-feiras e sextas-feiras, das 15h30 \u00e0s 17h<\/td>\n<td>06<\/td>\n<\/tr>\n<tr>\n<td rowspan=\"5\">Coxim<\/td>\n<td>Espanhol intermedi\u00e1rio I<\/td>\n<td>Quintas-feiras, das 13h45 \u00e0s 16h55<\/td>\n<td>08<\/td>\n<\/tr>\n<tr>\n<td>Espanhol intermedi\u00e1rio III<\/td>\n<td>Quartas-feiras, das 13h45 \u00e0s 16h55<\/td>\n<td>14<\/td>\n<\/tr>\n<tr>\n<td>Ingl\u00eas b\u00e1sico III<\/td>\n<td>Ter\u00e7as e quintas-feiras, das 19h \u00e0s 20:30<\/td>\n<td>09<\/td>\n<\/tr>\n<tr>\n<td>Ingl\u00eas b\u00e1sico III<\/td>\n<td>Ter\u00e7as e quintas-feiras, das 09:00 \u00e0s 10:30<\/td>\n<td>17<\/td>\n<\/tr>\n<tr>\n<td>Ingl\u00eas intermedi\u00e1rio I<\/td>\n<td>Ter\u00e7as e quintas-feiras, das 19:00 \u00e0s 20:30<\/td>\n<td>14<\/td>\n<\/tr>\n<tr>\n<td rowspan=\"4\">Dourados<\/td>\n<td>Espanhol b\u00e1sico III<\/td>\n<td>Segunda-feira, das 19h \u00e0s 22h<\/td>\n<td>10<\/td>\n<\/tr>\n<tr>\n<td>Espanhol intermedi\u00e1rio IV<\/td>\n<td>Ter\u00e7a-feira, das 19h \u00e0s 22h<\/td>\n<td>10<\/td>\n<\/tr>\n<tr>\n<td>Ingl\u00eas b\u00e1sico III<\/td>\n<td>Segunda-feira, das 19h \u00e0s 22h<\/td>\n<td>13<\/td>\n<\/tr>\n<tr>\n<td>Ingl\u00eas intermedi\u00e1rio IV<\/td>\n<td>Quarta-feira. das 19h \u00e0s 22h<\/td>\n<td>12<\/td>\n<\/tr>\n<tr>\n<td rowspan=\"3\">Jardim<\/td>\n<td>Ingl\u00eas b\u00e1sico III<\/td>\n<td>Segundas e quartas-feiras, das 13h45 \u00e0s 15h15<\/td>\n<td>12<\/td>\n<\/tr>\n<tr>\n<td>Ingl\u00eas b\u00e1sico III<\/td>\n<td>Segundas e quartas-feiras, das 18h30 \u00e0s 20h<\/td>\n<td>06<\/td>\n<\/tr>\n<tr>\n<td>Espanhol b\u00e1sico III<\/td>\n<td>Ter\u00e7as e quintas-feiras, das 19h15 \u00e0s 20h45<\/td>\n<td>10<\/td>\n<\/tr>\n<tr>\n<td>Ponta Por\u00e3<\/td>\n<td>Espanhol b\u00e1sico II<\/td>\n<td>Ter\u00e7as-feiras, das 18h30 \u00e0s 20h30<\/td>\n<td>10<\/td>\n<\/tr>\n<tr>\n<td>Tr\u00eas Lagoas<\/td>\n<td>Ingl\u00eas intermedi\u00e1rio VI<\/td>\n<td>Ter\u00e7as e quartas-feiras, das 16h15 \u00e0s 17h45<\/td>\n<td>13<\/td>\n<\/tr>\n<\/tbody>\n<\/table>\n","protected":false},"excerpt":{"rendered":"<p>O Instituto Federal de Mato Grosso do Sul (IFMS) est\u00e1 com processo seletivo aberto para&#8230;<\/p>\n","protected":false},"author":9,"featured_media":0,"comment_status":"closed","ping_status":"closed","sticky":false,"template":"","format":"standard","meta":{"footnotes":""},"categories":[10],"tags":[],"class_list":["post-11710915","post","type-post","status-publish","format-standard","hentry","category-educacao"],"_links":{"self":[{"href":"https:\/\/www.corumbaonline.com.br\/news\/wp-json\/wp\/v2\/posts\/11710915","targetHints":{"allow":["GET"]}}],"collection":[{"href":"https:\/\/www.corumbaonline.com.br\/news\/wp-json\/wp\/v2\/posts"}],"about":[{"href":"https:\/\/www.corumbaonline.com.br\/news\/wp-json\/wp\/v2\/types\/post"}],"author":[{"embeddable":true,"href":"https:\/\/www.corumbaonline.com.br\/news\/wp-json\/wp\/v2\/users\/9"}],"replies":[{"embeddable":true,"href":"https:\/\/www.corumbaonline.com.br\/news\/wp-json\/wp\/v2\/comments?post=11710915"}],"version-history":[{"count":1,"href":"https:\/\/www.corumbaonline.com.br\/news\/wp-json\/wp\/v2\/posts\/11710915\/revisions"}],"predecessor-version":[{"id":11710916,"href":"https:\/\/www.corumbaonline.com.br\/news\/wp-json\/wp\/v2\/posts\/11710915\/revisions\/11710916"}],"wp:attachment":[{"href":"https:\/\/www.corumbaonline.com.br\/news\/wp-json\/wp\/v2\/media?parent=11710915"}],"wp:term":[{"taxonomy":"category","embeddable":true,"href":"https:\/\/www.corumbaonline.com.br\/news\/wp-json\/wp\/v2\/categories?post=11710915"},{"taxonomy":"post_tag","embeddable":true,"href":"https:\/\/www.corumbaonline.com.br\/news\/wp-json\/wp\/v2\/tags?post=11710915"}],"curies":[{"name":"wp","href":"https:\/\/api.w.org\/{rel}","templated":true}]}}