{"id":11710917,"date":"2020-12-28T09:39:00","date_gmt":"2020-12-28T13:39:00","guid":{"rendered":"http:\/\/www.corumbaonline.com.br\/news\/?p=11710917"},"modified":"2020-12-28T10:29:31","modified_gmt":"2020-12-28T14:29:31","slug":"tj-define-suspensao-dos-prazos-de-processos-de-natureza-penal-ate-20-de-janeiro","status":"publish","type":"post","link":"https:\/\/www.corumbaonline.com.br\/news\/tj-define-suspensao-dos-prazos-de-processos-de-natureza-penal-ate-20-de-janeiro\/","title":{"rendered":"TJ define suspens\u00e3o dos prazos de processos de natureza penal at\u00e9 20 de janeiro"},"content":{"rendered":"<p>Por meio da Portaria n. 1.160, de 23 de dezembro de 2020, o presidente do Tribunal de Justi\u00e7a de MS, Des. Paschoal Carmello Leandro, determinou a aplica\u00e7\u00e3o da suspens\u00e3o dos prazos processuais, no per\u00edodo de 20 de dezembro a 20 de janeiro, aos processos de natureza penal, exceto com rela\u00e7\u00e3o \u00e0s medidas urgentes e aos feitos criminais envolvendo r\u00e9us presos, nos autos vinculados a essa pris\u00e3o.<\/p>\n<p>A norma considera o disposto na Resolu\u00e7\u00e3o n. 244, do Conselho Nacional de Justi\u00e7a, que disp\u00f5e sobre o expediente forense no per\u00edodo natalino e a suspens\u00e3o dos prazos processuais, conferindo autonomia aos Tribunais de Justi\u00e7a para deliberarem sobre a mat\u00e9ria. A Portaria atende ainda requerimento formulado pela OAB\/MS no sentido de se estender a suspens\u00e3o dos prazos processuais para os processos de natureza criminal como forma de conferir tratamento ison\u00f4mico a toda a classe dos advogados e demais integrantes do sistema de justi\u00e7a quanto ao direito \u00e0s f\u00e9rias.<\/p>\n<p>A suspens\u00e3o no per\u00edodo de 7 a 20 de janeiro n\u00e3o prejudicar\u00e1 o expediente forense normal, com magistrados e servidores exercendo as suas atribui\u00e7\u00f5es regulares, ressalvadas f\u00e9rias individuais e feriados.<\/p>\n","protected":false},"excerpt":{"rendered":"<p>Por meio da Portaria n. 1.160, de 23 de dezembro de 2020, o presidente do&#8230;<\/p>\n","protected":false},"author":14,"featured_media":0,"comment_status":"closed","ping_status":"closed","sticky":false,"template":"","format":"standard","meta":{"footnotes":""},"categories":[14],"tags":[],"class_list":["post-11710917","post","type-post","status-publish","format-standard","hentry","category-geral"],"_links":{"self":[{"href":"https:\/\/www.corumbaonline.com.br\/news\/wp-json\/wp\/v2\/posts\/11710917","targetHints":{"allow":["GET"]}}],"collection":[{"href":"https:\/\/www.corumbaonline.com.br\/news\/wp-json\/wp\/v2\/posts"}],"about":[{"href":"https:\/\/www.corumbaonline.com.br\/news\/wp-json\/wp\/v2\/types\/post"}],"author":[{"embeddable":true,"href":"https:\/\/www.corumbaonline.com.br\/news\/wp-json\/wp\/v2\/users\/14"}],"replies":[{"embeddable":true,"href":"https:\/\/www.corumbaonline.com.br\/news\/wp-json\/wp\/v2\/comments?post=11710917"}],"version-history":[{"count":1,"href":"https:\/\/www.corumbaonline.com.br\/news\/wp-json\/wp\/v2\/posts\/11710917\/revisions"}],"predecessor-version":[{"id":11710918,"href":"https:\/\/www.corumbaonline.com.br\/news\/wp-json\/wp\/v2\/posts\/11710917\/revisions\/11710918"}],"wp:attachment":[{"href":"https:\/\/www.corumbaonline.com.br\/news\/wp-json\/wp\/v2\/media?parent=11710917"}],"wp:term":[{"taxonomy":"category","embeddable":true,"href":"https:\/\/www.corumbaonline.com.br\/news\/wp-json\/wp\/v2\/categories?post=11710917"},{"taxonomy":"post_tag","embeddable":true,"href":"https:\/\/www.corumbaonline.com.br\/news\/wp-json\/wp\/v2\/tags?post=11710917"}],"curies":[{"name":"wp","href":"https:\/\/api.w.org\/{rel}","templated":true}]}}