{"id":11710924,"date":"2020-12-28T11:25:00","date_gmt":"2020-12-28T15:25:00","guid":{"rendered":"http:\/\/www.corumbaonline.com.br\/news\/?p=11710924"},"modified":"2020-12-28T12:43:45","modified_gmt":"2020-12-28T16:43:45","slug":"faltando-quatro-dias-para-terminar-dezembro-acumula-450-mortes-por-covid-19-em-ms","status":"publish","type":"post","link":"https:\/\/www.corumbaonline.com.br\/news\/faltando-quatro-dias-para-terminar-dezembro-acumula-450-mortes-por-covid-19-em-ms\/","title":{"rendered":"Faltando quatro dias para terminar, dezembro acumula 450 mortes por Covid-19 em MS"},"content":{"rendered":"<p style=\"box-sizing: border-box; margin-bottom: 2em; font-size: 16px; line-height: 1.8em; text-align: justify; color: #212529; font-family: 'Open Sans', sans-serif;\">Entre 1\u00ba e 28 de dezembro deste ano, 450 sul-mato-grossenses vieram a \u00f3bito por coronav\u00edrus. \u00c9 o que revela os dados do Boletim Epidemiol\u00f3gico da Secretaria de Estado de Sa\u00fade, do Governo do Estado, desta segunda-feira (28).<\/p>\n<p style=\"box-sizing: border-box; margin-top: 0px; margin-bottom: 2em; font-size: 16px; line-height: 1.8em; text-align: justify; color: #212529; font-family: 'Open Sans', sans-serif;\">Em apenas 24 horas, foram registradas 16 mortes e, com isso, desde o in\u00edcio da pandemia at\u00e9 hoje 2.245 pessoas morreram por Covid-19 em Mato Grosso do Sul. \u201cNa semana que encerrou, a 52, tivemos 175 \u00f3bitos e na semana 47 tivemos 30 mortes, quase seis vezes mais, isso mostra a letalidade da doen\u00e7a e a procura tardia \u00e0s unidades de sa\u00fade\u201d, alertou o secret\u00e1rio do Estado de Sa\u00fade, Geraldo Resende.<\/p>\n<figure id=\"attachment_337104\" class=\"wp-caption alignright\" style=\"box-sizing: border-box; max-width: 96%; height: auto; margin-top: 5px; margin-bottom: 20px; margin-left: 20px; background-image: initial; background-position: initial; background-size: initial; background-repeat: initial; background-attachment: initial; background-origin: initial; background-clip: initial; border: 1px solid #f0f0f0; padding: 15px 3px 10px; text-align: center; color: #212529; font-family: 'Open Sans', sans-serif; width: 400px;\"><img loading=\"lazy\" decoding=\"async\" class=\"wp-image-337104\" style=\"box-sizing: border-box; vertical-align: middle; border-width: 0px; max-width: 98.5%; margin: 0px; padding: 0px; width: auto;\" src=\"http:\/\/www.ms.gov.br\/wp-content\/uploads\/sites\/150\/2020\/12\/obitos-mes-300x168.jpg\" sizes=\"auto, (max-width: 400px) 100vw, 400px\" srcset=\"http:\/\/www.ms.gov.br\/wp-content\/uploads\/sites\/150\/2020\/12\/obitos-mes-300x168.jpg 300w, http:\/\/www.ms.gov.br\/wp-content\/uploads\/sites\/150\/2020\/12\/obitos-mes-350x195.jpg 350w, http:\/\/www.ms.gov.br\/wp-content\/uploads\/sites\/150\/2020\/12\/obitos-mes.jpg 684w\" alt=\"\" width=\"400\" height=\"223\" \/><figcaption class=\"wp-caption-text\" style=\"box-sizing: border-box;\">Dezembro \u00e9 o segundo pior m\u00eas do ano em rela\u00e7\u00e3o ao n\u00famero de \u00f3bitos por coronav\u00edrus<\/figcaption><\/figure>\n<p style=\"box-sizing: border-box; margin-top: 0px; margin-bottom: 2em; font-size: 16px; line-height: 1.8em; text-align: justify; color: #212529; font-family: 'Open Sans', sans-serif;\">De acordo com a SES, 223 exames deram positivos para o coronav\u00edrus no Estado em 24 horas, totalizando 129.484 casos confirmados da doen\u00e7a desde o come\u00e7o da pandemia.<\/p>\n<p style=\"box-sizing: border-box; margin-top: 0px; margin-bottom: 2em; font-size: 16px; line-height: 1.8em; text-align: justify; color: #212529; font-family: 'Open Sans', sans-serif;\">Para a secret\u00e1ria-adjunta da SES, Christinne Maymone, o aumento de casos confirmados reflete o comportamento social no Estado. \u201cEstamos com uma circula\u00e7\u00e3o viral grande e o perfil dos contaminados, mais de 60%, s\u00e3o de pessoas jovens, entre 20 e 49 anos, que precisam tomar cuidado. S\u00e3o pessoas que se descolam mais e que se aglomeram mais, por isso, aconselho: tomem mais cuidado, fa\u00e7am distanciamento social\u201d.<\/p>\n<p style=\"box-sizing: border-box; margin-top: 0px; margin-bottom: 2em; font-size: 16px; line-height: 1.8em; text-align: justify; color: #212529; font-family: 'Open Sans', sans-serif;\">Em tratamento, 649 pessoas est\u00e3o hospitalizadas nas redes p\u00fablica e privada do Estado e 12.670 em isolamento domiciliar.<\/p>\n<p style=\"box-sizing: border-box; margin-top: 0px; margin-bottom: 2em; font-size: 16px; line-height: 1.8em; text-align: justify; color: #212529; font-family: 'Open Sans', sans-serif;\">Dos infectados que est\u00e3o em tratamento 338 est\u00e3o em leitos cl\u00ednicos, sendo 205 na rede p\u00fablica e 133 na rede privada. Em estado mais grave, 311 est\u00e3o em leitos de UTI (Unidade de Terapia Intensiva), sendo 218 pelo SUS e 93 na rede privada. \u201cEstamos verificando que pessoas est\u00e3o morrendo logo ap\u00f3s a interna\u00e7\u00e3o, o que mostra uma procura tardia pelo atendimento de sa\u00fade\u201d, ressalta Resende.<\/p>\n<p style=\"box-sizing: border-box; margin-top: 0px; margin-bottom: 2em; font-size: 16px; line-height: 1.8em; text-align: justify; color: #212529; font-family: 'Open Sans', sans-serif;\">O Boletim Epidemiol\u00f3gico aponta que 114.020 pessoas est\u00e3o recuperadas e sem sintomas da doen\u00e7a.<\/p>\n<p style=\"box-sizing: border-box; margin-top: 0px; margin-bottom: 2em; font-size: 16px; line-height: 1.8em; text-align: justify; color: #212529; font-family: 'Open Sans', sans-serif;\">Com o avan\u00e7o da doen\u00e7a, a disponibilidade do leito para tratamento segue comprometida. Na macrorregi\u00e3o de Campo Grande, a ocupa\u00e7\u00e3o global de leitos UTI SUS atinge 107%, nesse caso, o excedente representa pacientes em leitos Covid-19 ainda n\u00e3o habilitados pelo SUS, mantidos pelas secretarias municipais e estadual de sa\u00fade.<\/p>\n<p style=\"box-sizing: border-box; margin-top: 0px; margin-bottom: 2em; font-size: 16px; line-height: 1.8em; text-align: justify; color: #212529; font-family: 'Open Sans', sans-serif;\">Na macrorregi\u00e3o de Dourados, a ocupa\u00e7\u00e3o global \u00e9 de 78%, em Tr\u00eas Lagoas, de 53% e em Corumb\u00e1, de 71%.<\/p>\n<p style=\"box-sizing: border-box; margin-top: 0px; margin-bottom: 2em; font-size: 16px; line-height: 1.8em; text-align: justify; color: #212529; font-family: 'Open Sans', sans-serif;\"><span style=\"box-sizing: border-box; font-weight: bolder;\">Vacina<\/span><\/p>\n<p style=\"box-sizing: border-box; margin-top: 0px; margin-bottom: 2em; font-size: 16px; line-height: 1.8em; text-align: justify; color: #212529; font-family: 'Open Sans', sans-serif;\">Durante a live desta segunda-feira, o secret\u00e1rio de Estado de Sa\u00fade, Geraldo Resende, anunciou a possibilidade da aquisi\u00e7\u00e3o de 1,7 milh\u00e3o de doses\u00a0 da vacina do Instituto Butantan, pois temos que aplicar duas doses que vai dar para fazer a imuniza\u00e7\u00e3o de 850 mil sul-mato-grossenses.<\/p>\n<figure id=\"attachment_337098\" class=\"wp-caption alignleft\" style=\"box-sizing: border-box; max-width: 96%; height: auto; margin-top: 5px; margin-right: 20px; margin-bottom: 20px; background-image: initial; background-position: initial; background-size: initial; background-repeat: initial; background-attachment: initial; background-origin: initial; background-clip: initial; border: 1px solid #f0f0f0; padding: 15px 3px 10px; text-align: center; color: #212529; font-family: 'Open Sans', sans-serif; width: 680px;\"><img loading=\"lazy\" decoding=\"async\" class=\"wp-image-337098 size-full\" style=\"box-sizing: border-box; vertical-align: middle; border-width: 0px; max-width: 98.5%; margin: 0px; padding: 0px; width: auto;\" src=\"http:\/\/www.ms.gov.br\/wp-content\/uploads\/sites\/150\/2020\/12\/boletim-28-dez.jpg\" sizes=\"auto, (max-width: 680px) 100vw, 680px\" srcset=\"http:\/\/www.ms.gov.br\/wp-content\/uploads\/sites\/150\/2020\/12\/boletim-28-dez.jpg 680w, http:\/\/www.ms.gov.br\/wp-content\/uploads\/sites\/150\/2020\/12\/boletim-28-dez-300x220.jpg 300w, http:\/\/www.ms.gov.br\/wp-content\/uploads\/sites\/150\/2020\/12\/boletim-28-dez-327x240.jpg 327w\" alt=\"\" width=\"680\" height=\"499\" \/><\/figure>\n<p style=\"box-sizing: border-box; margin-top: 0px; margin-bottom: 2em; font-size: 16px; line-height: 1.8em; text-align: justify; color: #212529; font-family: 'Open Sans', sans-serif;\">\n","protected":false},"excerpt":{"rendered":"<p>Entre 1\u00ba e 28 de dezembro deste ano, 450 sul-mato-grossenses vieram a \u00f3bito por coronav\u00edrus&#8230;.<\/p>\n","protected":false},"author":13,"featured_media":11710159,"comment_status":"closed","ping_status":"closed","sticky":false,"template":"","format":"standard","meta":{"footnotes":""},"categories":[116,8,21],"tags":[],"class_list":["post-11710924","post","type-post","status-publish","format-standard","has-post-thumbnail","hentry","category-coronavirus","category-destaque","category-saude"],"_links":{"self":[{"href":"https:\/\/www.corumbaonline.com.br\/news\/wp-json\/wp\/v2\/posts\/11710924","targetHints":{"allow":["GET"]}}],"collection":[{"href":"https:\/\/www.corumbaonline.com.br\/news\/wp-json\/wp\/v2\/posts"}],"about":[{"href":"https:\/\/www.corumbaonline.com.br\/news\/wp-json\/wp\/v2\/types\/post"}],"author":[{"embeddable":true,"href":"https:\/\/www.corumbaonline.com.br\/news\/wp-json\/wp\/v2\/users\/13"}],"replies":[{"embeddable":true,"href":"https:\/\/www.corumbaonline.com.br\/news\/wp-json\/wp\/v2\/comments?post=11710924"}],"version-history":[{"count":1,"href":"https:\/\/www.corumbaonline.com.br\/news\/wp-json\/wp\/v2\/posts\/11710924\/revisions"}],"predecessor-version":[{"id":11710925,"href":"https:\/\/www.corumbaonline.com.br\/news\/wp-json\/wp\/v2\/posts\/11710924\/revisions\/11710925"}],"wp:featuredmedia":[{"embeddable":true,"href":"https:\/\/www.corumbaonline.com.br\/news\/wp-json\/wp\/v2\/media\/11710159"}],"wp:attachment":[{"href":"https:\/\/www.corumbaonline.com.br\/news\/wp-json\/wp\/v2\/media?parent=11710924"}],"wp:term":[{"taxonomy":"category","embeddable":true,"href":"https:\/\/www.corumbaonline.com.br\/news\/wp-json\/wp\/v2\/categories?post=11710924"},{"taxonomy":"post_tag","embeddable":true,"href":"https:\/\/www.corumbaonline.com.br\/news\/wp-json\/wp\/v2\/tags?post=11710924"}],"curies":[{"name":"wp","href":"https:\/\/api.w.org\/{rel}","templated":true}]}}