{"id":11710926,"date":"2020-12-28T11:11:00","date_gmt":"2020-12-28T15:11:00","guid":{"rendered":"http:\/\/www.corumbaonline.com.br\/news\/?p=11710926"},"modified":"2020-12-28T12:48:05","modified_gmt":"2020-12-28T16:48:05","slug":"repercussao-de-evento-de-neymar-aumenta-antipatia-internacional-sobre-o-craque-em-que-mundo-ele-vive","status":"publish","type":"post","link":"https:\/\/www.corumbaonline.com.br\/news\/repercussao-de-evento-de-neymar-aumenta-antipatia-internacional-sobre-o-craque-em-que-mundo-ele-vive\/","title":{"rendered":"Repercuss\u00e3o de evento de Neymar aumenta antipatia internacional sobre o craque. Em que mundo ele vive?"},"content":{"rendered":"<div class=\"mc-column content-text active-extra-styles active-capital-letter\" data-block-type=\"unstyled\" data-block-weight=\"42\" data-block-id=\"1\">\n<p class=\"content-text__container theme-color-primary-first-letter\" data-track-category=\"Link no Texto\" data-track-links=\"\">A bomba explodiu na coluna de Ancelmo Gois, em O Globo, e ningu\u00e9m do estafe de Neymar se apressou em desmentir. Como cautela e canja de galinha n\u00e3o fazem mal, este blog esperou um pouco mais antes da publica\u00e7\u00e3o desta cr\u00edtica.<\/p>\n<\/div>\n<div class=\"wall protected-content\">\n<div class=\"mc-column content-text active-extra-styles \" data-block-type=\"unstyled\" data-block-weight=\"36\" data-block-id=\"2\">\n<p class=\"content-text__container \" data-track-category=\"Link no Texto\" data-track-links=\"\">Veio, ent\u00e3o, um desmentido da assessoria no domingo \u00e0 tarde, seguido por notas de informa\u00e7\u00e3o com confirma\u00e7\u00f5es de presen\u00e7as de artistas como Wesley Safad\u00e3o e textos citando a Ag\u00eancia F\u00e1brica, organizadora do evento, admitindo 150 convidados.<\/p>\n<\/div>\n<div class=\"mc-column content-text active-extra-styles \" data-block-type=\"unstyled\" data-block-weight=\"30\" data-block-id=\"3\">\n<p class=\"content-text__container \" data-track-category=\"Link no Texto\" data-track-links=\"\">Neymar faz todo o tipo de a\u00e7\u00e3o por suas redes sociais. Mas n\u00e3o confirma, n\u00e3o desmente, n\u00e3o se manifesta sobre a festa nem sobre as raz\u00f5es de a estar promovendo.<\/p>\n<\/div>\n<div class=\"mc-column content-text active-extra-styles \" data-block-type=\"unstyled\" data-block-weight=\"29\" data-block-id=\"4\">\n<p class=\"content-text__container \" data-track-category=\"Link no Texto\" data-track-links=\"\">H\u00e1 relatos de moradores de Mangaratiba incomodados com o evento. A repercuss\u00e3o negativa n\u00e3o \u00e9 apenas local. \u00c9 internacional: &#8220;Buffera Neymar!&#8221; Numa tradu\u00e7\u00e3o livre, seria a tempestade de Neymar.<\/p>\n<\/div>\n<div class=\"row medium-uncollapsed content-media content-photo\" data-block-type=\"backstage-photo\" data-block-id=\"5\">\n<div class=\"mc-column content-media__container\">\n<figure>\n<p><figure style=\"width: 647px\" class=\"wp-caption alignnone\"><img loading=\"lazy\" decoding=\"async\" class=\"i-amphtml-fill-content i-amphtml-replaced-content\" src=\"https:\/\/s2.glbimg.com\/_kY66Eu3oWFi7A81iavxLxR6Ncs=\/0x0:959x957\/984x0\/smart\/filters:strip_icc()\/i.s3.glbimg.com\/v1\/AUTH_bc8228b6673f488aa253bbcb03c80ec5\/internal_photos\/bs\/2020\/K\/B\/e33h5NTYWB4BA29y6wqw\/whatsapp-image-2020-12-28-at-09.22.54.jpeg\" sizes=\"auto, (max-width: 1366px) 648px, 100vw\" srcset=\"https:\/\/s2.glbimg.com\/IGy3Kw7AKo6CFRkZ70aRz4c9G8o=\/0x0:959x957\/1000x0\/smart\/filters:strip_icc()\/i.s3.glbimg.com\/v1\/AUTH_bc8228b6673f488aa253bbcb03c80ec5\/internal_photos\/bs\/2020\/K\/B\/e33h5NTYWB4BA29y6wqw\/whatsapp-image-2020-12-28-at-09.22.54.jpeg 1000w, https:\/\/s2.glbimg.com\/_kY66Eu3oWFi7A81iavxLxR6Ncs=\/0x0:959x957\/984x0\/smart\/filters:strip_icc()\/i.s3.glbimg.com\/v1\/AUTH_bc8228b6673f488aa253bbcb03c80ec5\/internal_photos\/bs\/2020\/K\/B\/e33h5NTYWB4BA29y6wqw\/whatsapp-image-2020-12-28-at-09.22.54.jpeg 984w, https:\/\/s2.glbimg.com\/bzRPfh0QJYvs4jKdcIr6qPWvxLM=\/0x0:959x957\/640x0\/smart\/filters:strip_icc()\/i.s3.glbimg.com\/v1\/AUTH_bc8228b6673f488aa253bbcb03c80ec5\/internal_photos\/bs\/2020\/K\/B\/e33h5NTYWB4BA29y6wqw\/whatsapp-image-2020-12-28-at-09.22.54.jpeg 640w, https:\/\/s2.glbimg.com\/4Rhq9Dxu-DtJkqES4cn4d1QeTuM=\/0x0:959x957\/600x0\/smart\/filters:strip_icc()\/i.s3.glbimg.com\/v1\/AUTH_bc8228b6673f488aa253bbcb03c80ec5\/internal_photos\/bs\/2020\/K\/B\/e33h5NTYWB4BA29y6wqw\/whatsapp-image-2020-12-28-at-09.22.54.jpeg 600w\" alt=\"imagem gazzetta dello sport festa neymar \u2014 Foto: divulga\u00e7\u00e3o\" width=\"647\" height=\"646\" \/><figcaption class=\"wp-caption-text\">Imagem Gazzetta Dello Sport festa Neymar (Foto: Divulga\u00e7\u00e3o)<\/figcaption><\/figure><\/figure>\n<\/div>\n<\/div>\n<div class=\"mc-column content-text active-extra-styles \" data-block-type=\"unstyled\" data-block-weight=\"66\" data-block-id=\"6\">\n<p class=\"content-text__container \" data-track-category=\"Link no Texto\" data-track-links=\"\">Neymar jogou muito bem em 2020 depois de vir a Mangaratiba para se condicionar tecnicamente. Esteve perto de ganhar a Champions League. Jogou muito! E, mesmo assim, n\u00e3o angariou a simpatia de mais de sete eleitores para ser o melhor do mundo. Ficou em nono lugar, numa vota\u00e7\u00e3o entre seus pr\u00f3prios colegas. Isto tem a ver com a imagem adolescente que Neymar faz quest\u00e3o de exaltar.<\/p>\n<\/div>\n<div class=\"mc-column content-text active-extra-styles \" data-block-type=\"unstyled\" data-block-weight=\"37\" data-block-id=\"8\">\n<p class=\"content-text__container \" data-track-category=\"Link no Texto\" data-track-links=\"\">A Organiza\u00e7\u00e3o Mundial da Sa\u00fade indica que n\u00e3o deve haver reuni\u00f5es com mais de dez pessoas. Neymar d\u00e1 uma festa para 500&#8230; ou &#8220;apenas&#8221; 150! Seu cuidado na pandemia \u00e9 evitar celulares, para que fotos n\u00e3o vazem.<\/p>\n<\/div>\n<div class=\"mc-column content-text active-extra-styles \" data-block-type=\"unstyled\" data-block-weight=\"14\" data-block-id=\"9\">\n<p class=\"content-text__container \" data-track-category=\"Link no Texto\" data-track-links=\"\">Neymar pode ser o melhor do mundo, mas s\u00f3 do seu mundo \u00e0 parte.<\/p>\n<\/div>\n<div class=\"mc-column content-text active-extra-styles \" data-block-type=\"unstyled\" data-block-weight=\"32\" data-block-id=\"10\">\n<p class=\"content-text__container \" data-track-category=\"Link no Texto\" data-track-links=\"\">Se Neymar tem motivo para festejar, seria bom saber qual. Festejamos as 192 mil v\u00eddas perdidas? O pr\u00eamio de Lewandowski? Ou a antipatia internacional aparente pela mat\u00e9ria de\u00a0<em>La Gazzetta dello Sport<\/em>?<\/p>\n<\/div>\n<div class=\"mc-column content-text active-extra-styles \" data-block-type=\"unstyled\" data-block-weight=\"12\" data-block-id=\"11\">\n<p class=\"content-text__container \" data-track-category=\"Link no Texto\" data-track-links=\"\">Em outros tempos, publica\u00e7\u00f5es internacionais questionavam: &#8220;De que planeta voc\u00ea vem, Garrincha?&#8221;<\/p>\n<\/div>\n<div class=\"mc-column content-text active-extra-styles \" data-block-type=\"unstyled\" data-block-weight=\"7\" data-block-id=\"12\">\n<p class=\"content-text__container \" data-track-category=\"Link no Texto\" data-track-links=\"\">Hoje, pergunta-se em que mundo vive Neymar.<\/p>\n<\/div>\n<\/div>\n","protected":false},"excerpt":{"rendered":"<p>A bomba explodiu na coluna de Ancelmo Gois, em O Globo, e ningu\u00e9m do estafe&#8230;<\/p>\n","protected":false},"author":3,"featured_media":0,"comment_status":"closed","ping_status":"closed","sticky":false,"template":"","format":"standard","meta":{"footnotes":""},"categories":[11],"tags":[],"class_list":["post-11710926","post","type-post","status-publish","format-standard","hentry","category-esporte"],"_links":{"self":[{"href":"https:\/\/www.corumbaonline.com.br\/news\/wp-json\/wp\/v2\/posts\/11710926","targetHints":{"allow":["GET"]}}],"collection":[{"href":"https:\/\/www.corumbaonline.com.br\/news\/wp-json\/wp\/v2\/posts"}],"about":[{"href":"https:\/\/www.corumbaonline.com.br\/news\/wp-json\/wp\/v2\/types\/post"}],"author":[{"embeddable":true,"href":"https:\/\/www.corumbaonline.com.br\/news\/wp-json\/wp\/v2\/users\/3"}],"replies":[{"embeddable":true,"href":"https:\/\/www.corumbaonline.com.br\/news\/wp-json\/wp\/v2\/comments?post=11710926"}],"version-history":[{"count":1,"href":"https:\/\/www.corumbaonline.com.br\/news\/wp-json\/wp\/v2\/posts\/11710926\/revisions"}],"predecessor-version":[{"id":11710927,"href":"https:\/\/www.corumbaonline.com.br\/news\/wp-json\/wp\/v2\/posts\/11710926\/revisions\/11710927"}],"wp:attachment":[{"href":"https:\/\/www.corumbaonline.com.br\/news\/wp-json\/wp\/v2\/media?parent=11710926"}],"wp:term":[{"taxonomy":"category","embeddable":true,"href":"https:\/\/www.corumbaonline.com.br\/news\/wp-json\/wp\/v2\/categories?post=11710926"},{"taxonomy":"post_tag","embeddable":true,"href":"https:\/\/www.corumbaonline.com.br\/news\/wp-json\/wp\/v2\/tags?post=11710926"}],"curies":[{"name":"wp","href":"https:\/\/api.w.org\/{rel}","templated":true}]}}