{"id":11710931,"date":"2020-12-28T12:00:00","date_gmt":"2020-12-28T16:00:00","guid":{"rendered":"http:\/\/www.corumbaonline.com.br\/news\/?p=11710931"},"modified":"2020-12-28T12:59:29","modified_gmt":"2020-12-28T16:59:29","slug":"pre-matricula-digital-na-reme-comeca-no-dia-18-de-janeiro-veja-o-calendario","status":"publish","type":"post","link":"https:\/\/www.corumbaonline.com.br\/news\/pre-matricula-digital-na-reme-comeca-no-dia-18-de-janeiro-veja-o-calendario\/","title":{"rendered":"Pr\u00e9-Matr\u00edcula Digital na REME come\u00e7a no dia 18 de janeiro; veja o calend\u00e1rio"},"content":{"rendered":"<p>O per\u00edodo de Pr\u00e9-Matr\u00edcula Digital na Rede Municipal de Ensino de Corumb\u00e1 (REME) come\u00e7a \u00e0s 8 horas do dia 18 de janeiro de 2021, uma segunda-feira, para os alunos com defici\u00eancia, e no dia 25 de janeiro para os demais estudantes. Para o primeiro grupo, o prazo termina no dia 19, \u00e0s 23h59, e para o segundo \u00e0s 23h59 do dia 29 de janeiro.<\/p>\n<p>Conforme a Resolu\u00e7\u00e3o N\u00ba165, publicada no\u00a0<em><strong><a href=\"http:\/\/do.corumba.ms.gov.br\/portal\/edicoes\/download\/3907\">DIOCORUMB\u00c1<\/a>\u00a0<\/strong><\/em>do dia 22 de dezembro, o processo compreender\u00e1 \u00e0s seguintes etapas: Pr\u00e9-matr\u00edcula digital para alunos novos; Designa\u00e7\u00f5es (Protocolo da Pr\u00e9-matr\u00edcula Digital); e Efetiva\u00e7\u00e3o das matr\u00edculas. O preenchimento da Pr\u00e9-Matr\u00edcula Digital dever\u00e1 ser realizado para interessados que n\u00e3o perten\u00e7am \u00e0 Rede Municipal de Ensino, portanto, somente para alunos novos.<\/p>\n<p>Precisam participar dessa etapa interessados para a Educa\u00e7\u00e3o Infantil (Creche: N\u00edvel I, II e III, Pr\u00e9 I e II) e para o Ensino Fundamental (1\u00ba aos 9\u00ba anos). A fase de Pr\u00e9-Matr\u00edcula, para qualquer s\u00e9rie, nas escolas pertencentes \u00e0s regi\u00f5es do Campo e das \u00c1guas poder\u00e1 ser realizada diretamente na secretaria escolar da unidade de ensino.<\/p>\n<p>As unidades escolares da REME ser\u00e3o pontos de apoio \u00e0 popula\u00e7\u00e3o, realizando o atendimento ao p\u00fablico de segunda-feira a sexta-feira, das 07h \u00e0s 11 horas e das 13h \u00e0s 17 horas, por meio de agendamento, via contato telef\u00f4nico, com a unidade escolar. Os dias 18 e 19 de janeiro s\u00e3o reservados exclusivamente para pr\u00e9-matr\u00edcula digital dos alunos novos com defici\u00eancia.<\/p>\n<p>J\u00e1 o per\u00edodo do dia 18 at\u00e9 o dia 22 de janeiro \u00e9 reservado exclusivamente para a confirma\u00e7\u00e3o da matr\u00edcula dos alunos novos com defici\u00eancia. De 25 a 29 de janeiro as unidades s\u00e3o destinadas \u00e0 pr\u00e9-matr\u00edcula digital dos demais alunos novos. O per\u00edodo do dia 25 de janeiro at\u00e9 o dia 3 de fevereiro \u00e9 destinado exclusivamente \u00e0 confirma\u00e7\u00e3o da matr\u00edcula dos demais alunos novos.<\/p>\n<p>No ato da pr\u00e9-matr\u00edcula digital, o interessado dever\u00e1 identificar 1 (uma) unidade escolar que possua a vaga pretendida, informar um e-mail pessoal v\u00e1lido do respons\u00e1vel pela matr\u00edcula e preencher todos os campos obrigat\u00f3rios do formul\u00e1rio online. O link estar\u00e1 dispon\u00edvel no site da Prefeitura de Corumb\u00e1 (<a href=\"http:\/\/www.corumba.ms.gov.br\/\">www.corumba.ms.gov.br<\/a>).<\/p>\n","protected":false},"excerpt":{"rendered":"<p>O per\u00edodo de Pr\u00e9-Matr\u00edcula Digital na Rede Municipal de Ensino de Corumb\u00e1 (REME) come\u00e7a \u00e0s&#8230;<\/p>\n","protected":false},"author":70,"featured_media":11710933,"comment_status":"closed","ping_status":"closed","sticky":false,"template":"","format":"standard","meta":{"footnotes":""},"categories":[10],"tags":[],"class_list":["post-11710931","post","type-post","status-publish","format-standard","has-post-thumbnail","hentry","category-educacao"],"_links":{"self":[{"href":"https:\/\/www.corumbaonline.com.br\/news\/wp-json\/wp\/v2\/posts\/11710931","targetHints":{"allow":["GET"]}}],"collection":[{"href":"https:\/\/www.corumbaonline.com.br\/news\/wp-json\/wp\/v2\/posts"}],"about":[{"href":"https:\/\/www.corumbaonline.com.br\/news\/wp-json\/wp\/v2\/types\/post"}],"author":[{"embeddable":true,"href":"https:\/\/www.corumbaonline.com.br\/news\/wp-json\/wp\/v2\/users\/70"}],"replies":[{"embeddable":true,"href":"https:\/\/www.corumbaonline.com.br\/news\/wp-json\/wp\/v2\/comments?post=11710931"}],"version-history":[{"count":1,"href":"https:\/\/www.corumbaonline.com.br\/news\/wp-json\/wp\/v2\/posts\/11710931\/revisions"}],"predecessor-version":[{"id":11710934,"href":"https:\/\/www.corumbaonline.com.br\/news\/wp-json\/wp\/v2\/posts\/11710931\/revisions\/11710934"}],"wp:featuredmedia":[{"embeddable":true,"href":"https:\/\/www.corumbaonline.com.br\/news\/wp-json\/wp\/v2\/media\/11710933"}],"wp:attachment":[{"href":"https:\/\/www.corumbaonline.com.br\/news\/wp-json\/wp\/v2\/media?parent=11710931"}],"wp:term":[{"taxonomy":"category","embeddable":true,"href":"https:\/\/www.corumbaonline.com.br\/news\/wp-json\/wp\/v2\/categories?post=11710931"},{"taxonomy":"post_tag","embeddable":true,"href":"https:\/\/www.corumbaonline.com.br\/news\/wp-json\/wp\/v2\/tags?post=11710931"}],"curies":[{"name":"wp","href":"https:\/\/api.w.org\/{rel}","templated":true}]}}