{"id":11710935,"date":"2020-12-28T12:16:00","date_gmt":"2020-12-28T16:16:00","guid":{"rendered":"http:\/\/www.corumbaonline.com.br\/news\/?p=11710935"},"modified":"2020-12-28T13:16:20","modified_gmt":"2020-12-28T17:16:20","slug":"ms-esta-preparado-para-vacinacao-e-precisa-imunizar-80-da-populacao-para-cenario-de-tranquilidade","status":"publish","type":"post","link":"https:\/\/www.corumbaonline.com.br\/news\/ms-esta-preparado-para-vacinacao-e-precisa-imunizar-80-da-populacao-para-cenario-de-tranquilidade\/","title":{"rendered":"MS est\u00e1 preparado para vacina\u00e7\u00e3o e precisa imunizar 80% da popula\u00e7\u00e3o para cen\u00e1rio de tranquilidade"},"content":{"rendered":"<p style=\"box-sizing: border-box; margin-bottom: 2em; font-size: 16px; line-height: 1.8em; text-align: justify; color: #212529; font-family: 'Open Sans', sans-serif;\">Mato Grosso do Sul tem pronto o planejamento para a vacina\u00e7\u00e3o contra o coronav\u00edrus. Seja pelo Governo Federal ou pelo plano B do Governo do Estado, os sul-mato-grossenses t\u00eam assegurado imuniza\u00e7\u00e3o para a Covid-19, doen\u00e7a que matou milhares de pessoas ao redor do mundo.\u00a0A informa\u00e7\u00e3o \u00e9 do secret\u00e1rio estadual de Sa\u00fade,\u00a0 Geraldo Resende, que diz estar est\u00e1 confiante que a vacina chegar\u00e1 ao Mato Grosso do Sul no final de janeiro. &#8220;Seja da Pfizer, da Moderna ou do Butantan, estamos totalmente preparados para receber a vacina mais segura&#8221;, afirma.<\/p>\n<figure id=\"attachment_316482\" class=\"wp-caption alignright\" style=\"box-sizing: border-box; max-width: 96%; height: auto; margin-top: 5px; margin-bottom: 20px; margin-left: 20px; background-image: initial; background-position: initial; background-size: initial; background-repeat: initial; background-attachment: initial; background-origin: initial; background-clip: initial; border: 1px solid #f0f0f0; padding: 15px 3px 10px; text-align: center; color: #212529; font-family: 'Open Sans', sans-serif; width: 300px;\">\n<p><figure id=\"attachment_316482\" aria-describedby=\"caption-attachment-316482\" style=\"width: 300px\" class=\"wp-caption alignright\"><a style=\"box-sizing: border-box; color: #444444; text-decoration-line: none; background-color: transparent;\" href=\"http:\/\/www.ms.gov.br\/wp-content\/uploads\/sites\/150\/2020\/08\/Sec.-Sa%C3%BAde-Geraldo-Resende-foto-Chico-Ribeiro-4.jpg\"><img loading=\"lazy\" decoding=\"async\" class=\"wp-image-316482 size-medium\" style=\"box-sizing: border-box; vertical-align: middle; border-width: 0px; max-width: 98.5%; margin: 0px; padding: 0px; width: auto;\" src=\"http:\/\/www.ms.gov.br\/wp-content\/uploads\/sites\/150\/2020\/08\/Sec.-Sa%C3%BAde-Geraldo-Resende-foto-Chico-Ribeiro-4-300x166.jpg\" alt=\"\" width=\"300\" height=\"166\" \/><\/a><figcaption id=\"caption-attachment-316482\" class=\"wp-caption-text\">Vacina pode chegar no final de janeiro, diz Resende<\/figcaption><\/figure><\/figure>\n<p style=\"box-sizing: border-box; margin-top: 0px; margin-bottom: 2em; font-size: 16px; line-height: 1.8em; text-align: justify; color: #212529; font-family: 'Open Sans', sans-serif;\">Resende espera que o planejamento do Governo Federal adquira a vacina de acordo com o PNI \u2013 Programa Nacional de Vacina\u00e7\u00e3o, do SUS, considerado um dos melhores programas do mundo. Mas caso ocorra qualquer eventualidade, o Estado, segundo ele, est\u00e1 preparado para colocar em a\u00e7\u00e3o o plano B. \u201cVamos conseguir vacinar os sul-mato-grossenses\u201d, declarou, confiante.<\/p>\n<p style=\"box-sizing: border-box; margin-top: 0px; margin-bottom: 2em; font-size: 16px; line-height: 1.8em; text-align: justify; color: #212529; font-family: 'Open Sans', sans-serif;\">Mesmo com a vacina, Resende deixa claro que nos primeiros meses de 2021 as pessoas dever\u00e3o continuar com os cuidados e restri\u00e7\u00f5es. \u201cPrecisamos imunizar 80% da popula\u00e7\u00e3o para ficar mais tranquilos\u201d, conclui.<\/p>\n<p style=\"box-sizing: border-box; margin-top: 0px; margin-bottom: 2em; font-size: 16px; line-height: 1.8em; text-align: justify; color: #212529; font-family: 'Open Sans', sans-serif;\">Em onze meses convivendo com a crise sanit\u00e1ria e um v\u00edrus desconhecido e implac\u00e1vel, todo este esfor\u00e7o, ao que tudo indica, valeu muito a pena. \u201cMuitos servidores nem tiraram as f\u00e9rias para nos ajudar\u201d. S\u00e3o todos her\u00f3is, afirma, ressaltando que o Governo do Estado atendeu todas as necessidades da pasta.<\/p>\n<p style=\"box-sizing: border-box; margin-top: 0px; margin-bottom: 2em; font-size: 16px; line-height: 1.8em; text-align: justify; color: #212529; font-family: 'Open Sans', sans-serif;\">Questionado se em algum momento desta tortuosa caminhada perdeu a f\u00e9, ele responde: \u201cNunca. Acredito que Deus prepara as pessoas para enfrentar as crises. E ele me preparou\u201d, afirma.<\/p>\n<p style=\"box-sizing: border-box; margin-top: 0px; margin-bottom: 2em; font-size: 16px; line-height: 1.8em; text-align: justify; color: #212529; font-family: 'Open Sans', sans-serif;\"><span style=\"box-sizing: border-box; font-weight: bolder;\">Tempo de tempestade<\/span><\/p>\n<p style=\"box-sizing: border-box; margin-top: 0px; margin-bottom: 2em; font-size: 16px; line-height: 1.8em; text-align: justify; color: #212529; font-family: 'Open Sans', sans-serif;\">No in\u00edcio da 52\u00aa semana da pandemia no Estado, com n\u00fameros de cont\u00e1gio nos alt\u00edssimos patamares de 1,15% e taxa de mortalidade em 1,7%, o secret\u00e1rio faz um desabafo: \u201cAs pessoas n\u00e3o valorizam a vida. Nem a delas nem a dos outros\u201d, e ainda soltou um palavr\u00e3o imitando o que ele diz ser a rea\u00e7\u00e3o dos jovens diante desta crise sem precedentes.<\/p>\n<p style=\"box-sizing: border-box; margin-top: 0px; margin-bottom: 2em; font-size: 16px; line-height: 1.8em; text-align: justify; color: #212529; font-family: 'Open Sans', sans-serif;\">Indignado com o que ele chama de \u201cdesobedi\u00eancia e descompromisso\u201d de quem n\u00e3o segue as regras de distanciamento, m\u00e1scaras e cuidados essenciais, o secret\u00e1rio diz que est\u00e1 faltando empatia \u00e0s pessoas. \u201cO Governo do Estado est\u00e1 cumprindo o seu papel mas a popula\u00e7\u00e3o n\u00e3o ajuda\u201d, reclama.<\/p>\n<p style=\"box-sizing: border-box; margin-top: 0px; margin-bottom: 2em; font-size: 16px; line-height: 1.8em; text-align: justify; color: #212529; font-family: 'Open Sans', sans-serif;\">A pandemia, segundo ele, ainda \u00e9 muito desconhecida e pegou o mundo inteiro sem saber claramente como lidar com ela. O avan\u00e7o exponencial da segunda onda, por exemplo, de acordo com Geraldo, \u00e9 algo at\u00edpico, para o ver\u00e3o onde as doen\u00e7as respirat\u00f3rias costumam desaparecer. \u201cEssa \u00e9 uma \u00e9poca onde os casos de Dengue e Chikungunya aumentam\u2019, explica.<\/p>\n<figure id=\"attachment_317188\" class=\"wp-caption alignnone\" style=\"box-sizing: border-box; max-width: 96%; height: auto; margin: 5px 20px 20px 0px; background-image: initial; background-position: initial; background-size: initial; background-repeat: initial; background-attachment: initial; background-origin: initial; background-clip: initial; border: 1px solid #f0f0f0; padding: 15px 3px 10px; text-align: center; color: #212529; font-family: 'Open Sans', sans-serif; width: 1970px;\">\n<p><figure id=\"attachment_317188\" aria-describedby=\"caption-attachment-317188\" style=\"width: 1970px\" class=\"wp-caption alignnone\"><a style=\"box-sizing: border-box; color: #444444; text-decoration-line: none; background-color: transparent;\" href=\"http:\/\/www.ms.gov.br\/wp-content\/uploads\/sites\/150\/2020\/08\/Foto-Saul-Schramm-17.jpg\"><img loading=\"lazy\" decoding=\"async\" class=\"wp-image-317188 size-full\" style=\"box-sizing: border-box; vertical-align: middle; border-width: 0px; max-width: 98.5%; margin: 0px; padding: 0px; width: auto;\" src=\"http:\/\/www.ms.gov.br\/wp-content\/uploads\/sites\/150\/2020\/08\/Foto-Saul-Schramm-17.jpg\" sizes=\"auto, (max-width: 1970px) 100vw, 1970px\" srcset=\"http:\/\/www.ms.gov.br\/wp-content\/uploads\/sites\/150\/2020\/08\/Foto-Saul-Schramm-17.jpg 1970w, http:\/\/www.ms.gov.br\/wp-content\/uploads\/sites\/150\/2020\/08\/Foto-Saul-Schramm-17-300x166.jpg 300w, http:\/\/www.ms.gov.br\/wp-content\/uploads\/sites\/150\/2020\/08\/Foto-Saul-Schramm-17-768x425.jpg 768w, http:\/\/www.ms.gov.br\/wp-content\/uploads\/sites\/150\/2020\/08\/Foto-Saul-Schramm-17-1024x567.jpg 1024w, http:\/\/www.ms.gov.br\/wp-content\/uploads\/sites\/150\/2020\/08\/Foto-Saul-Schramm-17-350x194.jpg 350w\" alt=\"\" width=\"1970\" height=\"1090\" \/><\/a><figcaption id=\"caption-attachment-317188\" class=\"wp-caption-text\">Hospital Regional Covid -19 (Foto Saul Schramm)<\/figcaption><\/figure><\/figure>\n<p style=\"box-sizing: border-box; margin-top: 0px; margin-bottom: 2em; font-size: 16px; line-height: 1.8em; text-align: justify; color: #212529; font-family: 'Open Sans', sans-serif;\">Com a mudan\u00e7a de cen\u00e1rio e o agravamento do n\u00famero de casos da Covid- 19, o secret\u00e1rio teme o colapso da rede de hospitais. \u201cN\u00e3o temos leitos, n\u00e3o temos fisioterapeutas suficientes, precisamos contar com a consci\u00eancia da popula\u00e7\u00e3o\u201d, apela.<\/p>\n","protected":false},"excerpt":{"rendered":"<p>Mato Grosso do Sul tem pronto o planejamento para a vacina\u00e7\u00e3o contra o coronav\u00edrus. Seja&#8230;<\/p>\n","protected":false},"author":13,"featured_media":0,"comment_status":"closed","ping_status":"closed","sticky":false,"template":"","format":"standard","meta":{"footnotes":""},"categories":[116,21],"tags":[],"class_list":["post-11710935","post","type-post","status-publish","format-standard","hentry","category-coronavirus","category-saude"],"_links":{"self":[{"href":"https:\/\/www.corumbaonline.com.br\/news\/wp-json\/wp\/v2\/posts\/11710935","targetHints":{"allow":["GET"]}}],"collection":[{"href":"https:\/\/www.corumbaonline.com.br\/news\/wp-json\/wp\/v2\/posts"}],"about":[{"href":"https:\/\/www.corumbaonline.com.br\/news\/wp-json\/wp\/v2\/types\/post"}],"author":[{"embeddable":true,"href":"https:\/\/www.corumbaonline.com.br\/news\/wp-json\/wp\/v2\/users\/13"}],"replies":[{"embeddable":true,"href":"https:\/\/www.corumbaonline.com.br\/news\/wp-json\/wp\/v2\/comments?post=11710935"}],"version-history":[{"count":1,"href":"https:\/\/www.corumbaonline.com.br\/news\/wp-json\/wp\/v2\/posts\/11710935\/revisions"}],"predecessor-version":[{"id":11710936,"href":"https:\/\/www.corumbaonline.com.br\/news\/wp-json\/wp\/v2\/posts\/11710935\/revisions\/11710936"}],"wp:attachment":[{"href":"https:\/\/www.corumbaonline.com.br\/news\/wp-json\/wp\/v2\/media?parent=11710935"}],"wp:term":[{"taxonomy":"category","embeddable":true,"href":"https:\/\/www.corumbaonline.com.br\/news\/wp-json\/wp\/v2\/categories?post=11710935"},{"taxonomy":"post_tag","embeddable":true,"href":"https:\/\/www.corumbaonline.com.br\/news\/wp-json\/wp\/v2\/tags?post=11710935"}],"curies":[{"name":"wp","href":"https:\/\/api.w.org\/{rel}","templated":true}]}}