{"id":11710944,"date":"2020-12-29T08:14:00","date_gmt":"2020-12-29T12:14:00","guid":{"rendered":"http:\/\/www.corumbaonline.com.br\/news\/?p=11710944"},"modified":"2020-12-29T08:32:38","modified_gmt":"2020-12-29T12:32:38","slug":"para-prevenir-incendios-florestais-ms-tera-politica-estadual-de-manejo-integrado-do-fogo","status":"publish","type":"post","link":"https:\/\/www.corumbaonline.com.br\/news\/para-prevenir-incendios-florestais-ms-tera-politica-estadual-de-manejo-integrado-do-fogo\/","title":{"rendered":"Para prevenir inc\u00eandios florestais, MS ter\u00e1 Pol\u00edtica Estadual de Manejo integrado do fogo"},"content":{"rendered":"<p>Deve ser publicado nas pr\u00f3ximas semanas, decreto que institui em Mato Grosso do Sul, a Pol\u00edtica Estadual de Manejo Integrado do Fogo \u2013 PEMIF, uma a\u00e7\u00e3o estrat\u00e9gica de preven\u00e7\u00e3o a eventos extremos, como os que aconteceram ao longo de 2020 na regi\u00e3o do Pantanal.<\/p>\n<p>A proposta j\u00e1 foi apresentada ao CECA (Conselho Estadual de Controle Ambiental) para contribui\u00e7\u00f5es, e na sequ\u00eancia ser\u00e1 encaminhada ao governador Reinaldo Azambuja. Para o secret\u00e1rio da Semagro e presidente do CECA, Jaime Verruck, com a implanta\u00e7\u00e3o dessa pol\u00edtica o Estado ter\u00e1 instrumentos mais adequados e eficientes para o combate aos inc\u00eandios florestais.<\/p>\n<p>De acordo com o monitoramento da Sala de Situa\u00e7\u00e3o do Imasul e do Cemtec\/Semagro, o n\u00edvel dos rios continua baixo, assim como os \u00edndices pluviom\u00e9tricos, principalmente no Pantanal, condi\u00e7\u00f5es favor\u00e1veis ao surgimento de novos focos de inc\u00eandio na regi\u00e3o pantaneira.<\/p>\n<p>Com a ado\u00e7\u00e3o da Pol\u00edtica Estadual de Manejo Integrado de Fogo ser\u00e1 poss\u00edvel reduzir os impactos dos inc\u00eandios florestais e do uso n\u00e3o autorizado e indevido do fogo.<\/p>\n","protected":false},"excerpt":{"rendered":"<p>Deve ser publicado nas pr\u00f3ximas semanas, decreto que institui em Mato Grosso do Sul, a&#8230;<\/p>\n","protected":false},"author":13,"featured_media":0,"comment_status":"closed","ping_status":"closed","sticky":false,"template":"","format":"standard","meta":{"footnotes":""},"categories":[17],"tags":[],"class_list":["post-11710944","post","type-post","status-publish","format-standard","hentry","category-meio-ambiente"],"_links":{"self":[{"href":"https:\/\/www.corumbaonline.com.br\/news\/wp-json\/wp\/v2\/posts\/11710944","targetHints":{"allow":["GET"]}}],"collection":[{"href":"https:\/\/www.corumbaonline.com.br\/news\/wp-json\/wp\/v2\/posts"}],"about":[{"href":"https:\/\/www.corumbaonline.com.br\/news\/wp-json\/wp\/v2\/types\/post"}],"author":[{"embeddable":true,"href":"https:\/\/www.corumbaonline.com.br\/news\/wp-json\/wp\/v2\/users\/13"}],"replies":[{"embeddable":true,"href":"https:\/\/www.corumbaonline.com.br\/news\/wp-json\/wp\/v2\/comments?post=11710944"}],"version-history":[{"count":1,"href":"https:\/\/www.corumbaonline.com.br\/news\/wp-json\/wp\/v2\/posts\/11710944\/revisions"}],"predecessor-version":[{"id":11710945,"href":"https:\/\/www.corumbaonline.com.br\/news\/wp-json\/wp\/v2\/posts\/11710944\/revisions\/11710945"}],"wp:attachment":[{"href":"https:\/\/www.corumbaonline.com.br\/news\/wp-json\/wp\/v2\/media?parent=11710944"}],"wp:term":[{"taxonomy":"category","embeddable":true,"href":"https:\/\/www.corumbaonline.com.br\/news\/wp-json\/wp\/v2\/categories?post=11710944"},{"taxonomy":"post_tag","embeddable":true,"href":"https:\/\/www.corumbaonline.com.br\/news\/wp-json\/wp\/v2\/tags?post=11710944"}],"curies":[{"name":"wp","href":"https:\/\/api.w.org\/{rel}","templated":true}]}}