{"id":11710963,"date":"2020-12-30T08:08:00","date_gmt":"2020-12-30T12:08:00","guid":{"rendered":"http:\/\/www.corumbaonline.com.br\/news\/?p=11710963"},"modified":"2020-12-30T08:46:09","modified_gmt":"2020-12-30T12:46:09","slug":"prefeitura-prorroga-situacao-de-emergencia-e-limita-louvacao-a-iemanja","status":"publish","type":"post","link":"https:\/\/www.corumbaonline.com.br\/news\/prefeitura-prorroga-situacao-de-emergencia-e-limita-louvacao-a-iemanja\/","title":{"rendered":"Prefeitura prorroga situa\u00e7\u00e3o de emerg\u00eancia e limita \u201cLouva\u00e7\u00e3o a Iemanja\u201d"},"content":{"rendered":"<p>A Prefeitura de Corumb\u00e1 prorrogou o reconhecimento da situa\u00e7\u00e3o de emerg\u00eancia no munic\u00edpio, em decorr\u00eancia da pandemia da COVID-19. O Decreto N\u00ba 2.451 foi publicado na edi\u00e7\u00e3o desta ter\u00e7a-feira, 29 de dezembro, do\u00a0<em><strong><a href=\"http:\/\/do.corumba.ms.gov.br\/portal\/edicoes\/download\/3911\">DIOCORUMB\u00c1<\/a><\/strong><\/em>.<\/p>\n<p>A decis\u00e3o leva em considera\u00e7\u00e3o que at\u00e9 o presente momento a infec\u00e7\u00e3o pelo novo Coronav\u00edrus ainda n\u00e3o est\u00e1 controlada, sendo ainda identificado aumento na curva n\u00e3o s\u00f3 em Corumb\u00e1, mas no pa\u00eds como um todo. A medida foi estendida at\u00e9 o dia 30 de junho de 2021.<\/p>\n<p>Tamb\u00e9m publicado no DIOCORUMB\u00c1 de hoje, o Decreto N\u00ba 2.452 disp\u00f5e sobre a proibi\u00e7\u00e3o da realiza\u00e7\u00e3o de evento \u201cLouva\u00e7\u00e3o a Iemanj\u00e1\u201d na Prainha do Porto Geral. Com a determina\u00e7\u00e3o, o Executivo pretende evitar a aglomera\u00e7\u00e3o de pessoas no local.<\/p>\n<p>Entretanto, os devotos poder\u00e3o manifestar sua f\u00e9 desde que respeitadas algumas regras biosseguran\u00e7a. O Decreto N\u00ba 2.452 autoriza \u00e0s religi\u00f5es de Matriz Africana e adeptos apenas a realiza\u00e7\u00e3o de entrega de oferendas, desde que:<\/p>\n<p>Cada terreiro poder\u00e1 fazer sua oferenda em um per\u00edodo de 15 minutos com o n\u00famero m\u00e1ximo de 15 pessoas; o acesso \u00e0 Prainha do Porto ser\u00e1 controlado pelos agentes da Ag\u00eancia Municipal de Tr\u00e2nsito e Transporte, da Guarda Civil Municipal e membros do Grupo de Fiscaliza\u00e7\u00e3o Integrada do Munic\u00edpio de Corumb\u00e1, nos dias 29, 30 e 31 de dezembro de 2020;<\/p>\n<p>A entrega das oferendas poder\u00e1 ser realizada entre 05h e 21h45, conforme estabelece o Toque de Recolher em todos os munic\u00edpios de Mato Grosso do Sul; ser\u00e1 mantida a necessidade de uso obrigat\u00f3rio de m\u00e1scaras faciais.<\/p>\n<p>Em virtude do cancelamento do evento Louva\u00e7\u00e3o a Iemanj\u00e1, tamb\u00e9m n\u00e3o ser\u00e1 permitida a comercializa\u00e7\u00e3o de bebidas e alimentos por ambulantes e propriet\u00e1rios de barracas na Prainha do Porto Geral e adjac\u00eancias.<\/p>\n<p>Conforme esclareceu o diretor-presidente da Funda\u00e7\u00e3o da Cultura e Patrim\u00f4nio Hist\u00f3rico, Jo\u00edlson Silva da Cruz, essa medida n\u00e3o \u00e9 um cerceamento \u00e0 manifesta\u00e7\u00e3o religiosa. Trata-se, na verdade, de assegurar que nenhuma aglomera\u00e7\u00e3o possa ser elemento propagador do v\u00edrus da COVID 19.<\/p>\n<p>Elisangela Oliva, diretora-presidente da Funda\u00e7\u00e3o de Turismo do Pantanal, reitera que al\u00e9m das regras que definem como acontecer\u00e1 a entrega das oferendas, n\u00e3o ser\u00e1 permitida a circula\u00e7\u00e3o de vendedores ambulantes, nem a montagem de barracas para a comercializa\u00e7\u00e3o de bebidas e alimentos.<\/p>\n","protected":false},"excerpt":{"rendered":"<p>A Prefeitura de Corumb\u00e1 prorrogou o reconhecimento da situa\u00e7\u00e3o de emerg\u00eancia no munic\u00edpio, em decorr\u00eancia&#8230;<\/p>\n","protected":false},"author":70,"featured_media":11710964,"comment_status":"closed","ping_status":"closed","sticky":false,"template":"","format":"standard","meta":{"footnotes":""},"categories":[116,8,21],"tags":[],"class_list":["post-11710963","post","type-post","status-publish","format-standard","has-post-thumbnail","hentry","category-coronavirus","category-destaque","category-saude"],"_links":{"self":[{"href":"https:\/\/www.corumbaonline.com.br\/news\/wp-json\/wp\/v2\/posts\/11710963","targetHints":{"allow":["GET"]}}],"collection":[{"href":"https:\/\/www.corumbaonline.com.br\/news\/wp-json\/wp\/v2\/posts"}],"about":[{"href":"https:\/\/www.corumbaonline.com.br\/news\/wp-json\/wp\/v2\/types\/post"}],"author":[{"embeddable":true,"href":"https:\/\/www.corumbaonline.com.br\/news\/wp-json\/wp\/v2\/users\/70"}],"replies":[{"embeddable":true,"href":"https:\/\/www.corumbaonline.com.br\/news\/wp-json\/wp\/v2\/comments?post=11710963"}],"version-history":[{"count":1,"href":"https:\/\/www.corumbaonline.com.br\/news\/wp-json\/wp\/v2\/posts\/11710963\/revisions"}],"predecessor-version":[{"id":11710965,"href":"https:\/\/www.corumbaonline.com.br\/news\/wp-json\/wp\/v2\/posts\/11710963\/revisions\/11710965"}],"wp:featuredmedia":[{"embeddable":true,"href":"https:\/\/www.corumbaonline.com.br\/news\/wp-json\/wp\/v2\/media\/11710964"}],"wp:attachment":[{"href":"https:\/\/www.corumbaonline.com.br\/news\/wp-json\/wp\/v2\/media?parent=11710963"}],"wp:term":[{"taxonomy":"category","embeddable":true,"href":"https:\/\/www.corumbaonline.com.br\/news\/wp-json\/wp\/v2\/categories?post=11710963"},{"taxonomy":"post_tag","embeddable":true,"href":"https:\/\/www.corumbaonline.com.br\/news\/wp-json\/wp\/v2\/tags?post=11710963"}],"curies":[{"name":"wp","href":"https:\/\/api.w.org\/{rel}","templated":true}]}}