{"id":11710966,"date":"2020-12-30T08:17:00","date_gmt":"2020-12-30T12:17:00","guid":{"rendered":"http:\/\/www.corumbaonline.com.br\/news\/?p=11710966"},"modified":"2020-12-30T08:59:42","modified_gmt":"2020-12-30T12:59:42","slug":"fundacao-municipal-de-cultura-de-ladario-realiza-novo-repasse-de-recursos-federais-da-lei-aldir-blanc","status":"publish","type":"post","link":"https:\/\/www.corumbaonline.com.br\/news\/fundacao-municipal-de-cultura-de-ladario-realiza-novo-repasse-de-recursos-federais-da-lei-aldir-blanc\/","title":{"rendered":"Funda\u00e7\u00e3o Municipal de Cultura de Lad\u00e1rio realiza novo repasse de recursos federais da Lei Aldir Blanc"},"content":{"rendered":"<p>A Prefeitura de Municipal de Lad\u00e1rio, por meio da Funda\u00e7\u00e3o Municipal de Cultura, realizou na segunda-feira, 28 de dezembro, os repasses referentes ao Edital n\u00b0 049\/2020, proposto para contemplar artistas, produtores culturais, projetos de inova\u00e7\u00e3o cultural e grupos culturais da regi\u00e3o em suas mais diversas manifesta\u00e7\u00f5es. O objetivo do edital foi atender a classe cultural de acordo com a proposta emergencial e humanit\u00e1ria da Lei Aldir Blanc n\u00ba 14.017\/2020.<\/p>\n<p>\u201cPor meio da proposta da Lei Aldir Blanc conseguimos al\u00e9m de atender a classe cultural t\u00e3o afetada pela Pandemia, premiar a execu\u00e7\u00e3o de atividades digitais e projetos inovadores que trar\u00e3o ao munic\u00edpio uma contrapartida cultural em forma de oficinas e cursos \u00e0 popula\u00e7\u00e3o.&#8221; Explicou o Diretor Presidente da Funda\u00e7\u00e3o de Cultura de Lad\u00e1rio, Cleber de Miranda.<\/p>\n<p>Lad\u00e1rio Recebeu o valor total de R$: 184.601,31 da Lei Aldir Blanc, contemplando 38 agentes culturais no edital 047\/2020 no valor de R$ 55.777,01 e no edital 049\/2020 19 agentes culturais, entre, artistas, grupos e projetos inovadores foram premiados, com o valor de R$: 88.783,00. No total o munic\u00edpio repassou aos agentes e grupos de cultura o valor de R$ 144.560,01.<\/p>\n<figure id=\"attachment_11710968\" aria-describedby=\"caption-attachment-11710968\" style=\"width: 300px\" class=\"wp-caption alignleft\"><a href=\"https:\/\/www.corumbaonline.com.br\/news\/wp-content\/uploads\/2020\/12\/foto115182.jpg\"><img loading=\"lazy\" decoding=\"async\" class=\"size-medium wp-image-11710968\" src=\"https:\/\/www.corumbaonline.com.br\/news\/wp-content\/uploads\/2020\/12\/foto115182-300x230.jpg\" alt=\"\" width=\"300\" height=\"230\" srcset=\"https:\/\/www.corumbaonline.com.br\/news\/wp-content\/uploads\/2020\/12\/foto115182-300x230.jpg 300w, https:\/\/www.corumbaonline.com.br\/news\/wp-content\/uploads\/2020\/12\/foto115182-1024x787.jpg 1024w, https:\/\/www.corumbaonline.com.br\/news\/wp-content\/uploads\/2020\/12\/foto115182-768x590.jpg 768w, https:\/\/www.corumbaonline.com.br\/news\/wp-content\/uploads\/2020\/12\/foto115182-600x461.jpg 600w, https:\/\/www.corumbaonline.com.br\/news\/wp-content\/uploads\/2020\/12\/foto115182-1536x1180.jpg 1536w, https:\/\/www.corumbaonline.com.br\/news\/wp-content\/uploads\/2020\/12\/foto115182.jpg 1791w\" sizes=\"auto, (max-width: 300px) 100vw, 300px\" \/><\/a><figcaption id=\"caption-attachment-11710968\" class=\"wp-caption-text\">(Foto: Assessoria de Comunica\u00e7\u00e3o e Imprensa)<\/figcaption><\/figure>\n<p>Um dos beneficiados \u00e9 o jornalista e escritor ladarense Nelson Urt, com o livro reportagem intitulado &#8220;De volta ao trem da morte&#8221;, no qual o autor relata uma experi\u00eancia pessoal a bordo do chamado trem da morte com destino a Santa Cruz de la Sierra na Bol\u00edvia. O escritor afirma que o seu trabalho principal \u00e9 trazer um maior destaque a literatura ladarense e associar Lad\u00e1rio a cultura. &#8220;Pra Lad\u00e1rio acredito que meu projeto vai tornar Lad\u00e1rio mais conhecido, e meu objetivo quando eu criei\u00a0 projeto eu fiz quest\u00e3o de ser produzido em Lad\u00e1rio, no meu endere\u00e7o em meu ateli\u00ea, justamente para projetar Lad\u00e1rio no cen\u00e1rio cultural de Mato Grosso do Sul&#8221;.<\/p>\n","protected":false},"excerpt":{"rendered":"<p>A Prefeitura de Municipal de Lad\u00e1rio, por meio da Funda\u00e7\u00e3o Municipal de Cultura, realizou na&#8230;<\/p>\n","protected":false},"author":73,"featured_media":11710967,"comment_status":"closed","ping_status":"closed","sticky":false,"template":"","format":"standard","meta":{"footnotes":""},"categories":[7,8,16],"tags":[],"class_list":["post-11710966","post","type-post","status-publish","format-standard","has-post-thumbnail","hentry","category-cultura","category-destaque","category-ladario"],"_links":{"self":[{"href":"https:\/\/www.corumbaonline.com.br\/news\/wp-json\/wp\/v2\/posts\/11710966","targetHints":{"allow":["GET"]}}],"collection":[{"href":"https:\/\/www.corumbaonline.com.br\/news\/wp-json\/wp\/v2\/posts"}],"about":[{"href":"https:\/\/www.corumbaonline.com.br\/news\/wp-json\/wp\/v2\/types\/post"}],"author":[{"embeddable":true,"href":"https:\/\/www.corumbaonline.com.br\/news\/wp-json\/wp\/v2\/users\/73"}],"replies":[{"embeddable":true,"href":"https:\/\/www.corumbaonline.com.br\/news\/wp-json\/wp\/v2\/comments?post=11710966"}],"version-history":[{"count":1,"href":"https:\/\/www.corumbaonline.com.br\/news\/wp-json\/wp\/v2\/posts\/11710966\/revisions"}],"predecessor-version":[{"id":11710969,"href":"https:\/\/www.corumbaonline.com.br\/news\/wp-json\/wp\/v2\/posts\/11710966\/revisions\/11710969"}],"wp:featuredmedia":[{"embeddable":true,"href":"https:\/\/www.corumbaonline.com.br\/news\/wp-json\/wp\/v2\/media\/11710967"}],"wp:attachment":[{"href":"https:\/\/www.corumbaonline.com.br\/news\/wp-json\/wp\/v2\/media?parent=11710966"}],"wp:term":[{"taxonomy":"category","embeddable":true,"href":"https:\/\/www.corumbaonline.com.br\/news\/wp-json\/wp\/v2\/categories?post=11710966"},{"taxonomy":"post_tag","embeddable":true,"href":"https:\/\/www.corumbaonline.com.br\/news\/wp-json\/wp\/v2\/tags?post=11710966"}],"curies":[{"name":"wp","href":"https:\/\/api.w.org\/{rel}","templated":true}]}}