{"id":11710983,"date":"2020-12-30T10:10:00","date_gmt":"2020-12-30T14:10:00","guid":{"rendered":"http:\/\/www.corumbaonline.com.br\/news\/?p=11710983"},"modified":"2020-12-30T13:46:19","modified_gmt":"2020-12-30T17:46:19","slug":"ifms-abre-matriculas-para-cursos-livres-a-distancia-na-sexta-feira","status":"publish","type":"post","link":"https:\/\/www.corumbaonline.com.br\/news\/ifms-abre-matriculas-para-cursos-livres-a-distancia-na-sexta-feira\/","title":{"rendered":"IFMS abre matr\u00edculas para cursos livres a dist\u00e2ncia na sexta-feira"},"content":{"rendered":"<p>O Instituto Federal de Mato Grosso do Sul (IFMS) inicia nesta sexta-feira, 1\u00ba, o novo ciclo de matr\u00edculas para cursos livres gratuitos oferecidos a dist\u00e2ncia e sem tutoria. Os cursos podem ser feitos por qualquer pessoa interessada.<\/p>\n<p>S\u00e3o oferecidas seis op\u00e7\u00f5es de cursos, com cargas hor\u00e1rias que variam de 30 a 60 horas:<\/p>\n<ul>\n<li>Conhecendo o IFMS (30 horas);<\/li>\n<li>Comunica\u00e7\u00e3o Eficaz para Vendas (30 horas);<\/li>\n<li>Forma\u00e7\u00e3o Pedag\u00f3gica para EAD (50 horas);<\/li>\n<li>Franc\u00eas B\u00e1sico (30 horas);<\/li>\n<li>Moodle B\u00e1sico para Educadores (30 horas);<\/li>\n<li>Videoaula &#8211; Da Concep\u00e7\u00e3o \u00e0 Postagem (60 horas).<\/li>\n<\/ul>\n<p>Os cursos ser\u00e3o ofertados em dois ciclos, sendo que o primeiro ser\u00e1 realizado entre janeiro e junho de 2021 e o segundo estar\u00e1 compreendido entre julho e dezembro do ano que vem.\u00a0O interessado escolhe o ciclo em que pretende fazer o curso, sendo que \u00e9 poss\u00edvel se matricular em mais de uma op\u00e7\u00e3o por ciclo.<\/p>\n<p><strong>Acesso<\/strong>\u00a0&#8211; Os cursos, desenvolvidos pelo\u00a0Centro de Refer\u00eancia em Tecnologias Educacionais e Educa\u00e7\u00e3o a Dist\u00e2ncia (Cread), ficam dispon\u00edveis na\u00a0<a title=\"plataforma de cursos livres do IFMS\" href=\"http:\/\/www.ifms.edu.br:9000\/lists\/lt.php?tid=KxlUBFMIVwQHAktTD1dTTlBWVlBOAFkIBhteUApRAABVVwVTVFkfCFcDVAIEV1NOBwMBWk4NAF4FGwFXUwVPAFIHBwsACAYCAFNQH1ICAwYCUlcDTghaXAYbDFZQBk8JVlZUH1AKVgBWAgNWVAIABw\" target=\"_blank\" rel=\"noopener noreferrer\">plataforma de cursos livres do IFMS<\/a>.<\/p>\n<p>Se a pessoa interessada j\u00e1 tiver cadastro, basta fazer o login e se matricular. Caso contr\u00e1rio, \u00e9 necess\u00e1rio criar uma conta e, ap\u00f3s o recebimento do e-mail de confirma\u00e7\u00e3o, efetuar a matr\u00edcula.<\/p>\n<p>Uma vez matriculado, o participante tem acesso a conte\u00fados como v\u00eddeos, slides, textos, jogos, atividades e avalia\u00e7\u00f5es. Ao final do curso, o pr\u00f3prio estudante gera o certificado na plataforma do IFMS.<\/p>\n<p>Em caso de d\u00favida na hora de fazer a matr\u00edcula ou no decorrer do curso, o contato deve ser feito pelo e-mail\u00a0<a title=\"cread@ifms.edu.br\" href=\"mailto:cread@ifms.edu.br\" rel=\"noreferrer\">cread@ifms.edu.br<\/a>.<\/p>\n<p><strong>Curso reformulado<\/strong>\u00a0&#8211; Para a oferta em 2021, o curso Moodle B\u00e1sico para Educadores, voltado a profissionais que atuam na educa\u00e7\u00e3o a dist\u00e2ncia e pessoas interessadas no tema, passou por uma reformula\u00e7\u00e3o.<\/p>\n<p>O diretor do Cread, M\u00e1rcio Amorim, explica que essa medida foi adotada porque o Ambiente Virtual de Ensino e Aprendizagem (<a title=\"Moodle do IFMS\" href=\"http:\/\/www.ifms.edu.br:9000\/lists\/lt.php?tid=KxlXAAAKWwlWUktWUQMHTlBVCgdOAA8AAxtZXwMLB1BVV1QGVA4fCFcDVAIEV1NOBwMBWk4NAF4FGwFXUwVPAFIHBwsACAYCAFNQH1ICAwYCUlcDTghaXAYbDFZQBk8JVlZUH1AKVgBWAgNWVAIABw\" target=\"_blank\" rel=\"noopener noreferrer\">Moodle do IFMS<\/a>), onde s\u00e3o oferecidos os cursos a dist\u00e2ncia e onde os estudantes de cursos presenciais t\u00eam feito as atividades remotamente desde o in\u00edcio da pandemia, passar\u00e1 por uma atualiza\u00e7\u00e3o.<\/p>\n<p>&#8220;A partir de mar\u00e7o, o Moodle do IFMS ficar\u00e1 mais responsivo, intuitivo e adapt\u00e1vel a dispositivos m\u00f3veis, e tal atualiza\u00e7\u00e3o dever\u00e1 impactar\u00a0na utiliza\u00e7\u00e3o da plataforma pelos estudantes e docentes. Dessa forma, o Cread em parceria com a Dirti [Diretoria de Gest\u00e3o da Tecnologia da Informa\u00e7\u00e3o] desenvolveu um novo curso de Moodle B\u00e1sico para Educadores, incluindo as novas formas de edi\u00e7\u00e3o dos cursos&#8221;, detalha.<\/p>\n<p>O conte\u00fado do novo curso inclui introdu\u00e7\u00e3o ao Moodle; as ferramentas de intera\u00e7\u00e3o; acrescentando recursos; ativando autoinscri\u00e7\u00e3o de estudantes; e como utilizar um banco de quest\u00f5es.<\/p>\n","protected":false},"excerpt":{"rendered":"<p>O Instituto Federal de Mato Grosso do Sul (IFMS) inicia nesta sexta-feira, 1\u00ba, o novo&#8230;<\/p>\n","protected":false},"author":9,"featured_media":0,"comment_status":"closed","ping_status":"closed","sticky":false,"template":"","format":"standard","meta":{"footnotes":""},"categories":[10],"tags":[],"class_list":["post-11710983","post","type-post","status-publish","format-standard","hentry","category-educacao"],"_links":{"self":[{"href":"https:\/\/www.corumbaonline.com.br\/news\/wp-json\/wp\/v2\/posts\/11710983","targetHints":{"allow":["GET"]}}],"collection":[{"href":"https:\/\/www.corumbaonline.com.br\/news\/wp-json\/wp\/v2\/posts"}],"about":[{"href":"https:\/\/www.corumbaonline.com.br\/news\/wp-json\/wp\/v2\/types\/post"}],"author":[{"embeddable":true,"href":"https:\/\/www.corumbaonline.com.br\/news\/wp-json\/wp\/v2\/users\/9"}],"replies":[{"embeddable":true,"href":"https:\/\/www.corumbaonline.com.br\/news\/wp-json\/wp\/v2\/comments?post=11710983"}],"version-history":[{"count":1,"href":"https:\/\/www.corumbaonline.com.br\/news\/wp-json\/wp\/v2\/posts\/11710983\/revisions"}],"predecessor-version":[{"id":11710984,"href":"https:\/\/www.corumbaonline.com.br\/news\/wp-json\/wp\/v2\/posts\/11710983\/revisions\/11710984"}],"wp:attachment":[{"href":"https:\/\/www.corumbaonline.com.br\/news\/wp-json\/wp\/v2\/media?parent=11710983"}],"wp:term":[{"taxonomy":"category","embeddable":true,"href":"https:\/\/www.corumbaonline.com.br\/news\/wp-json\/wp\/v2\/categories?post=11710983"},{"taxonomy":"post_tag","embeddable":true,"href":"https:\/\/www.corumbaonline.com.br\/news\/wp-json\/wp\/v2\/tags?post=11710983"}],"curies":[{"name":"wp","href":"https:\/\/api.w.org\/{rel}","templated":true}]}}