{"id":11710985,"date":"2020-12-30T10:30:00","date_gmt":"2020-12-30T14:30:00","guid":{"rendered":"http:\/\/www.corumbaonline.com.br\/news\/?p=11710985"},"modified":"2020-12-30T13:47:35","modified_gmt":"2020-12-30T17:47:35","slug":"agesul-interditara-por-40-dias-ponte-do-nabileque-na-ms-243-para-reforma","status":"publish","type":"post","link":"https:\/\/www.corumbaonline.com.br\/news\/agesul-interditara-por-40-dias-ponte-do-nabileque-na-ms-243-para-reforma\/","title":{"rendered":"Agesul interditar\u00e1 por 40 dias ponte do Nabileque, na MS-243, para reforma"},"content":{"rendered":"<p>A Agesul (Ag\u00eancia Estadual de Gest\u00e3o de Empreendimentos) lan\u00e7ou aviso \u00e0 comunidade pantaneira da regi\u00e3o do Nabileque, em Corumb\u00e1, informando que haver\u00e1 interrup\u00e7\u00e3o de tr\u00e1fego sobre a ponte da Vazante do Jatob\u00e1, na rodovia MS-243, a partir do dia 5 de janeiro, para reforma da mesma.<\/p>\n<p>Devido ao intenso movimento de caminh\u00f5es e m\u00e1quinas para as obras de constru\u00e7\u00e3o de pontes e galerias na rodovia, pelo Governo do Estado, a estrutura de madeira da travessia, com extens\u00e3o de 228 metros sobre o Rio Nabileque, sofreu avarias, necessitando de reparos urgentes.<\/p>\n<p><strong>Alerta<\/strong><\/p>\n<p>O regional da Agesul em Corumb\u00e1, Luiz M\u00e1rio Anache, informou que a interdi\u00e7\u00e3o do tr\u00e1fego dever\u00e1 durar 40 dias. A reforma na estrutura da ponte consiste na substitui\u00e7\u00e3o de esteios de sustenta\u00e7\u00e3o, para realinhamento do seu eixo, e do assoalho, al\u00e9m de nova pintura e sinaliza\u00e7\u00e3o.<\/p>\n<p>\u201cOs propriet\u00e1rios rurais devem se organizar, o quanto antes, para suprir suas propriedades com insumos. Ap\u00f3s a interdi\u00e7\u00e3o, o acesso ser\u00e1 feito apenas por lanchas\u201d, alertou o regional.<\/p>\n<p>A Jatob\u00e1 \u00e9 uma das principais passagens da MS-243, distante 100 km do trevo da rodovia com a BR-262, j\u00e1 no munic\u00edpio de Miranda. Na regi\u00e3o o Governo do Estado est\u00e1 implantando novos trechos da MS-243 para interligar, a partir da BR-262, o centro do Pantanal do Nabileque a o Forte Coimbra.<\/p>\n","protected":false},"excerpt":{"rendered":"<p>A Agesul (Ag\u00eancia Estadual de Gest\u00e3o de Empreendimentos) lan\u00e7ou aviso \u00e0 comunidade pantaneira da regi\u00e3o&#8230;<\/p>\n","protected":false},"author":13,"featured_media":11710986,"comment_status":"closed","ping_status":"closed","sticky":false,"template":"","format":"standard","meta":{"footnotes":""},"categories":[14],"tags":[],"class_list":["post-11710985","post","type-post","status-publish","format-standard","has-post-thumbnail","hentry","category-geral"],"_links":{"self":[{"href":"https:\/\/www.corumbaonline.com.br\/news\/wp-json\/wp\/v2\/posts\/11710985","targetHints":{"allow":["GET"]}}],"collection":[{"href":"https:\/\/www.corumbaonline.com.br\/news\/wp-json\/wp\/v2\/posts"}],"about":[{"href":"https:\/\/www.corumbaonline.com.br\/news\/wp-json\/wp\/v2\/types\/post"}],"author":[{"embeddable":true,"href":"https:\/\/www.corumbaonline.com.br\/news\/wp-json\/wp\/v2\/users\/13"}],"replies":[{"embeddable":true,"href":"https:\/\/www.corumbaonline.com.br\/news\/wp-json\/wp\/v2\/comments?post=11710985"}],"version-history":[{"count":1,"href":"https:\/\/www.corumbaonline.com.br\/news\/wp-json\/wp\/v2\/posts\/11710985\/revisions"}],"predecessor-version":[{"id":11710987,"href":"https:\/\/www.corumbaonline.com.br\/news\/wp-json\/wp\/v2\/posts\/11710985\/revisions\/11710987"}],"wp:featuredmedia":[{"embeddable":true,"href":"https:\/\/www.corumbaonline.com.br\/news\/wp-json\/wp\/v2\/media\/11710986"}],"wp:attachment":[{"href":"https:\/\/www.corumbaonline.com.br\/news\/wp-json\/wp\/v2\/media?parent=11710985"}],"wp:term":[{"taxonomy":"category","embeddable":true,"href":"https:\/\/www.corumbaonline.com.br\/news\/wp-json\/wp\/v2\/categories?post=11710985"},{"taxonomy":"post_tag","embeddable":true,"href":"https:\/\/www.corumbaonline.com.br\/news\/wp-json\/wp\/v2\/tags?post=11710985"}],"curies":[{"name":"wp","href":"https:\/\/api.w.org\/{rel}","templated":true}]}}