{"id":11710995,"date":"2020-12-30T11:33:00","date_gmt":"2020-12-30T15:33:00","guid":{"rendered":"http:\/\/www.corumbaonline.com.br\/news\/?p=11710995"},"modified":"2020-12-30T15:13:26","modified_gmt":"2020-12-30T19:13:26","slug":"mesmo-antes-de-finalizar-dezembro-ja-e-o-mes-mais-letal-da-pandemia-ate-agora","status":"publish","type":"post","link":"https:\/\/www.corumbaonline.com.br\/news\/mesmo-antes-de-finalizar-dezembro-ja-e-o-mes-mais-letal-da-pandemia-ate-agora\/","title":{"rendered":"Mesmo antes de finalizar, dezembro j\u00e1 \u00e9 o m\u00eas mais letal da pandemia at\u00e9 agora"},"content":{"rendered":"<p>O ano de 2020 est\u00e1 pr\u00f3ximo a encerrar com a marca negativa de 2,3 mil mortes por coronav\u00edrus em Mato Grosso do Sul, como mostra o Boletim Epidemiol\u00f3gico da Secretaria de Estado de Sa\u00fade (SES), do Governo do Estado, desta quarta-feira (30).<\/p>\n<p>Nas \u00faltimas 24 horas 30 mortes foram registradas no Estado, com v\u00e1rios munic\u00edpios na lista de \u00f3bitos como: Japor\u00e3, Anast\u00e1cio, Iguatemi, Navira\u00ed, Dourados, Corumb\u00e1, Maracaju, Tr\u00eas Lagoas, Ponta Por\u00e3, Caarap\u00f3, Bela Vista, Coxim e Juti, sendo uma morte em cada cidade. Em Campo Grande, foram contabilizadas 16 v\u00edtimas da doen\u00e7a e duas em Dourados.<\/p>\n<p>\u201cFalta apenas um dia para fechar o m\u00eas de dezembro, mas j\u00e1 podemos afirmar que \u00e9 o mais letal desde o in\u00edcio da pandemia. Dezembro, at\u00e9 o dia de hoje, temos 505 mortes, superando a primeira onda, que chegou tardiamente em MS, julho e agosto, com 480 \u00f3bitos\u201d, ressalta o secret\u00e1rio de Estado de Sa\u00fade, Geraldo Resende.<\/p>\n<p>No Estado, 1.581 exames deram positivos em apenas 24 horas, somando 132.431 casos confirmados deste o in\u00edcio da pandemia. De acordo com a SES, 115.155 pessoas est\u00e3o recuperadas da doen\u00e7a at\u00e9 o momento. \u201cNossa m\u00e9dia m\u00f3vel ultrapassa mil casos por dia\u201d, afirma Resende.<\/p>\n<p>Em recupera\u00e7\u00e3o, 14.313 est\u00e3o em isolamento domiciliar. Al\u00e9m disso, 663 est\u00e3o hospitalizadas, sendo 350 em leitos cl\u00ednicos e 313 em estado mais grave, internadas em leitos de UTI (Unidade de Terapia Intensiva).<\/p>\n<p>Dos pacientes dos leitos cl\u00ednicos, 225 est\u00e3o no SUS e 125 na rede privada. J\u00e1 na UTI, 219 est\u00e3o na rede p\u00fablica e 94 na rede privada.<\/p>\n<p>A situa\u00e7\u00e3o do comprometimento de leitos em Mato Grosso do Sul segue complicada.\u00a0 Na macrorregi\u00e3o de Campo Grande, a ocupa\u00e7\u00e3o global de leitos UTI\/SUS \u00e9 de 103%, sendo que o excedente da capacidade representa pacientes em leitos Covid-19 ainda n\u00e3o habilitados pelo SUS, mantidos pelas secretarias municipais e estadual de sa\u00fade.<\/p>\n<p>Segundo o Boletim Epidemiol\u00f3gico de hoje, em Dourados, a ocupa\u00e7\u00e3o global \u00e9 de 83%; em Tr\u00eas Lagoas, de 68% e em Corumb\u00e1, de 75%.<\/p>\n<figure id=\"attachment_337337\" class=\"wp-caption alignleft\"><img loading=\"lazy\" decoding=\"async\" class=\"wp-image-337337 size-full\" src=\"http:\/\/www.ms.gov.br\/wp-content\/uploads\/sites\/150\/2020\/12\/boletim-30-dez.jpg\" sizes=\"auto, (max-width: 736px) 100vw, 736px\" srcset=\"http:\/\/www.ms.gov.br\/wp-content\/uploads\/sites\/150\/2020\/12\/boletim-30-dez.jpg 736w, http:\/\/www.ms.gov.br\/wp-content\/uploads\/sites\/150\/2020\/12\/boletim-30-dez-300x230.jpg 300w, http:\/\/www.ms.gov.br\/wp-content\/uploads\/sites\/150\/2020\/12\/boletim-30-dez-313x240.jpg 313w\" alt=\"\" width=\"736\" height=\"564\" \/><figcaption class=\"wp-caption-text\">Clique\u00a0<a href=\"http:\/\/www.ms.gov.br\/wp-content\/uploads\/sites\/150\/2020\/12\/Boletim-Epidemiol%C3%B3gico-COVID-19-2020.12.30.pdf\">aqui<\/a>\u00a0e acesse o relat\u00f3rio completo.<\/figcaption><\/figure>\n<p><strong>Prosseguir<\/strong><\/p>\n<p>Christine Maymone, secret\u00e1ria adjunta de Sa\u00fade, anunciou, durante a live de hoje, que os dados do Prosseguir, que medem a classifica\u00e7\u00e3o de risco dos munic\u00edpios de MS, estar\u00e3o disponibilizados no Painel Mais Sa\u00fade, dispon\u00edvel no site https:\/\/www.coronavirus.ms.gov.br\/<\/p>\n","protected":false},"excerpt":{"rendered":"<p>O ano de 2020 est\u00e1 pr\u00f3ximo a encerrar com a marca negativa de 2,3 mil&#8230;<\/p>\n","protected":false},"author":13,"featured_media":11710996,"comment_status":"closed","ping_status":"closed","sticky":false,"template":"","format":"standard","meta":{"footnotes":""},"categories":[116,8,21],"tags":[],"class_list":["post-11710995","post","type-post","status-publish","format-standard","has-post-thumbnail","hentry","category-coronavirus","category-destaque","category-saude"],"_links":{"self":[{"href":"https:\/\/www.corumbaonline.com.br\/news\/wp-json\/wp\/v2\/posts\/11710995","targetHints":{"allow":["GET"]}}],"collection":[{"href":"https:\/\/www.corumbaonline.com.br\/news\/wp-json\/wp\/v2\/posts"}],"about":[{"href":"https:\/\/www.corumbaonline.com.br\/news\/wp-json\/wp\/v2\/types\/post"}],"author":[{"embeddable":true,"href":"https:\/\/www.corumbaonline.com.br\/news\/wp-json\/wp\/v2\/users\/13"}],"replies":[{"embeddable":true,"href":"https:\/\/www.corumbaonline.com.br\/news\/wp-json\/wp\/v2\/comments?post=11710995"}],"version-history":[{"count":1,"href":"https:\/\/www.corumbaonline.com.br\/news\/wp-json\/wp\/v2\/posts\/11710995\/revisions"}],"predecessor-version":[{"id":11710997,"href":"https:\/\/www.corumbaonline.com.br\/news\/wp-json\/wp\/v2\/posts\/11710995\/revisions\/11710997"}],"wp:featuredmedia":[{"embeddable":true,"href":"https:\/\/www.corumbaonline.com.br\/news\/wp-json\/wp\/v2\/media\/11710996"}],"wp:attachment":[{"href":"https:\/\/www.corumbaonline.com.br\/news\/wp-json\/wp\/v2\/media?parent=11710995"}],"wp:term":[{"taxonomy":"category","embeddable":true,"href":"https:\/\/www.corumbaonline.com.br\/news\/wp-json\/wp\/v2\/categories?post=11710995"},{"taxonomy":"post_tag","embeddable":true,"href":"https:\/\/www.corumbaonline.com.br\/news\/wp-json\/wp\/v2\/tags?post=11710995"}],"curies":[{"name":"wp","href":"https:\/\/api.w.org\/{rel}","templated":true}]}}