{"id":11711005,"date":"2021-01-01T08:25:00","date_gmt":"2021-01-01T12:25:00","guid":{"rendered":"http:\/\/www.corumbaonline.com.br\/news\/?p=11711005"},"modified":"2021-01-01T09:16:54","modified_gmt":"2021-01-01T13:16:54","slug":"estado-licita-em-janeiro-a-construcao-de-15-pontes-de-concreto-no-pantanal","status":"publish","type":"post","link":"https:\/\/www.corumbaonline.com.br\/news\/estado-licita-em-janeiro-a-construcao-de-15-pontes-de-concreto-no-pantanal\/","title":{"rendered":"Estado licita em janeiro a constru\u00e7\u00e3o de 15 pontes de concreto no Pantanal"},"content":{"rendered":"<p>A Agesul (Ag\u00eancia Estadual de Gest\u00e3o de Empreendimentos) abrir\u00e1 processos de licita\u00e7\u00e3o neste m\u00eas (janeiro de 2021) para a constru\u00e7\u00e3o de 15 pontes de concreto nos pantanais do Nabileque e Nhecol\u00e2ndia, em Corumb\u00e1. As antigas estruturas, anteriormente de madeira, foram destru\u00eddas pelos inc\u00eandios florestais que ocorreram na regi\u00e3o entre os meses de agosto e outubro.<\/p>\n<p>O Governo de Mato Grosso do Sul solicitou apoio financeiro ao governo federal para reconstru\u00e7\u00e3o das pontes, em conformidade com as normas do Decreto de Situa\u00e7\u00e3o de Emerg\u00eancia assinado em setembro pelo governador Reinaldo Azambuja. Os projetos foram aprovados pela Defesa Civil do Estado e do Minist\u00e9rio de Desenvolvimento Regional (MDR).<\/p>\n<figure id=\"attachment_337258\" class=\"wp-caption alignnone\"><a href=\"http:\/\/www.ms.gov.br\/wp-content\/uploads\/sites\/150\/2020\/12\/ponte_MS-325-Foto-Saul-Schramm.jpg\"><img loading=\"lazy\" decoding=\"async\" class=\"wp-image-337258 size-full\" src=\"http:\/\/www.ms.gov.br\/wp-content\/uploads\/sites\/150\/2020\/12\/ponte_MS-325-Foto-Saul-Schramm.jpg\" sizes=\"auto, (max-width: 1987px) 100vw, 1987px\" srcset=\"http:\/\/www.ms.gov.br\/wp-content\/uploads\/sites\/150\/2020\/12\/ponte_MS-325-Foto-Saul-Schramm.jpg 1987w, http:\/\/www.ms.gov.br\/wp-content\/uploads\/sites\/150\/2020\/12\/ponte_MS-325-Foto-Saul-Schramm-300x166.jpg 300w, http:\/\/www.ms.gov.br\/wp-content\/uploads\/sites\/150\/2020\/12\/ponte_MS-325-Foto-Saul-Schramm-768x425.jpg 768w, http:\/\/www.ms.gov.br\/wp-content\/uploads\/sites\/150\/2020\/12\/ponte_MS-325-Foto-Saul-Schramm-1024x566.jpg 1024w, http:\/\/www.ms.gov.br\/wp-content\/uploads\/sites\/150\/2020\/12\/ponte_MS-325-Foto-Saul-Schramm-350x194.jpg 350w\" alt=\"\" width=\"1987\" height=\"1099\" \/><\/a><figcaption class=\"wp-caption-text\"><em>Ponte queimada na MS-325 sendo vistoriada por t\u00e9cnicos da Defesa Civil do Estado e do governo federal: obra emergencial. Foto: Saul Schramm<\/em><\/figcaption><\/figure>\n<p><strong>Reduzir custos<\/strong><\/p>\n<figure id=\"attachment_337262\" class=\"wp-caption alignright\"><a href=\"http:\/\/www.ms.gov.br\/wp-content\/uploads\/sites\/150\/2020\/12\/ponte-queimada_naitaca.jpg\"><img loading=\"lazy\" decoding=\"async\" class=\"wp-image-337262 size-medium\" src=\"http:\/\/www.ms.gov.br\/wp-content\/uploads\/sites\/150\/2020\/12\/ponte-queimada_naitaca-300x226.jpg\" sizes=\"auto, (max-width: 300px) 100vw, 300px\" srcset=\"http:\/\/www.ms.gov.br\/wp-content\/uploads\/sites\/150\/2020\/12\/ponte-queimada_naitaca-300x226.jpg 300w, http:\/\/www.ms.gov.br\/wp-content\/uploads\/sites\/150\/2020\/12\/ponte-queimada_naitaca-768x578.jpg 768w, http:\/\/www.ms.gov.br\/wp-content\/uploads\/sites\/150\/2020\/12\/ponte-queimada_naitaca-1024x770.jpg 1024w, http:\/\/www.ms.gov.br\/wp-content\/uploads\/sites\/150\/2020\/12\/ponte-queimada_naitaca-319x240.jpg 319w, http:\/\/www.ms.gov.br\/wp-content\/uploads\/sites\/150\/2020\/12\/ponte-queimada_naitaca.jpg 1280w\" alt=\"\" width=\"300\" height=\"226\" \/><\/a><figcaption class=\"wp-caption-text\"><em>Ponte do Naitaca: destrui\u00e7\u00e3o parcial. Foto: Agesul<\/em><\/figcaption><\/figure>\n<p>\u201cFizemos a op\u00e7\u00e3o por implantar pontes de concreto dentro do prop\u00f3sito do governo de reduzir custos com manuten\u00e7\u00e3o de estruturas de madeira, al\u00e9m de garantir uma infraestrutura duradoura para uma regi\u00e3o que tem incid\u00eancia de fogo e depende da garantia do acesso para escoamento da produ\u00e7\u00e3o e promo\u00e7\u00e3o do turismo\u201d, afirma o governador Reinaldo Azambuja.<\/p>\n<p>As pontes de madeira, com tamanhos vari\u00e1veis de 30 metros a 90 metros de comprimento, foram totalmente destru\u00eddas pelo fogo, com caracter\u00edsticas de crime ambiental em algumas estruturas por n\u00e3o existir queima de vegeta\u00e7\u00e3o em seu entorno, conforme an\u00e1lise preliminar durante a vistoria da Defesa Civil Estadual e do MDR.<\/p>\n<figure id=\"attachment_337259\" class=\"wp-caption alignnone\"><a href=\"http:\/\/www.ms.gov.br\/wp-content\/uploads\/sites\/150\/2020\/12\/foto-portal4.jpg\"><img loading=\"lazy\" decoding=\"async\" class=\"wp-image-337259 size-full\" src=\"http:\/\/www.ms.gov.br\/wp-content\/uploads\/sites\/150\/2020\/12\/foto-portal4.jpg\" sizes=\"auto, (max-width: 2000px) 100vw, 2000px\" srcset=\"http:\/\/www.ms.gov.br\/wp-content\/uploads\/sites\/150\/2020\/12\/foto-portal4.jpg 2000w, http:\/\/www.ms.gov.br\/wp-content\/uploads\/sites\/150\/2020\/12\/foto-portal4-300x191.jpg 300w, http:\/\/www.ms.gov.br\/wp-content\/uploads\/sites\/150\/2020\/12\/foto-portal4-768x489.jpg 768w, http:\/\/www.ms.gov.br\/wp-content\/uploads\/sites\/150\/2020\/12\/foto-portal4-1024x652.jpg 1024w, http:\/\/www.ms.gov.br\/wp-content\/uploads\/sites\/150\/2020\/12\/foto-portal4-350x223.jpg 350w\" alt=\"\" width=\"2000\" height=\"1274\" \/><\/a><figcaption class=\"wp-caption-text\"><em>Nova estrutura da ponte da Vazante Ba\u00eda Negra ser\u00e1 entregue em janeiro pela Agesul: desvio garante tr\u00e1fego permanente. Foto: S\u00edlvio de Andrade<\/em><\/figcaption><\/figure>\n<p>A maioria das pontes (6) est\u00e1 localizada na rodovia MS-243, no Nabileque, onde extensa floresta de carandazal foi atingida pelos inc\u00eandios. As demais pontes ficam situadas na MS-195 (4) e MS-325 (2), na mesma regi\u00e3o, e na MS-184 (3), Nhecol\u00e2ndia. O acesso \u00e0s localidades, hoje, \u00e9 feito por meio de desvios, alternativa poss\u00edvel enquanto o Pantanal se mant\u00e9m seco.<\/p>\n<p><strong>Em conclus\u00e3o<\/strong><\/p>\n<figure id=\"attachment_337267\" class=\"wp-caption alignnone\"><a href=\"http:\/\/www.ms.gov.br\/wp-content\/uploads\/sites\/150\/2020\/12\/ponte-rio-naitaca4_reconstru%C3%A7%C3%A3o-2020-3.jpg\"><img loading=\"lazy\" decoding=\"async\" class=\"wp-image-337267 size-full\" src=\"http:\/\/www.ms.gov.br\/wp-content\/uploads\/sites\/150\/2020\/12\/ponte-rio-naitaca4_reconstru%C3%A7%C3%A3o-2020-3.jpg\" sizes=\"auto, (max-width: 1250px) 100vw, 1250px\" srcset=\"http:\/\/www.ms.gov.br\/wp-content\/uploads\/sites\/150\/2020\/12\/ponte-rio-naitaca4_reconstru\u00e7\u00e3o-2020-3.jpg 1250w, http:\/\/www.ms.gov.br\/wp-content\/uploads\/sites\/150\/2020\/12\/ponte-rio-naitaca4_reconstru\u00e7\u00e3o-2020-3-300x166.jpg 300w, http:\/\/www.ms.gov.br\/wp-content\/uploads\/sites\/150\/2020\/12\/ponte-rio-naitaca4_reconstru\u00e7\u00e3o-2020-3-768x425.jpg 768w, http:\/\/www.ms.gov.br\/wp-content\/uploads\/sites\/150\/2020\/12\/ponte-rio-naitaca4_reconstru\u00e7\u00e3o-2020-3-1024x567.jpg 1024w, http:\/\/www.ms.gov.br\/wp-content\/uploads\/sites\/150\/2020\/12\/ponte-rio-naitaca4_reconstru\u00e7\u00e3o-2020-3-350x194.jpg 350w\" alt=\"\" width=\"1250\" height=\"692\" \/><\/a><figcaption class=\"wp-caption-text\"><em>Ponte sobre o Rio Naitaca, na MS-382, acesso entre Bonito e Porto Murtinho: aterramento das cabeceiras conclu\u00eddo. Foto: Agesul<\/em><\/figcaption><\/figure>\n<p>Duas novas pontes de madeira est\u00e3o sendo constru\u00eddas pelo Estado na regi\u00e3o pantaneira, garantindo acesso a regi\u00f5es de dif\u00edcil acesso. Travessia de 72 metros na Vazante Ba\u00eda Negra, estrada MS-228, queimada em agosto, est\u00e1 80% conclu\u00edda e ser\u00e1 entregue em meados deste m\u00eas (janeiro de 2021). A nova estrutura utiliza esteios de \u00e1rvores das esp\u00e9cies ip\u00ea, angico e faveiro.<\/p>\n<figure id=\"attachment_337265\" class=\"wp-caption alignright\"><a href=\"http:\/\/www.ms.gov.br\/wp-content\/uploads\/sites\/150\/2020\/12\/ponte-rio-naitaca_reconstru%C3%A7%C3%A3o-2020-1.jpg\"><img loading=\"lazy\" decoding=\"async\" class=\"wp-image-337265 size-medium\" src=\"http:\/\/www.ms.gov.br\/wp-content\/uploads\/sites\/150\/2020\/12\/ponte-rio-naitaca_reconstru%C3%A7%C3%A3o-2020-1-300x166.jpg\" sizes=\"auto, (max-width: 300px) 100vw, 300px\" srcset=\"http:\/\/www.ms.gov.br\/wp-content\/uploads\/sites\/150\/2020\/12\/ponte-rio-naitaca_reconstru\u00e7\u00e3o-2020-1-300x166.jpg 300w, http:\/\/www.ms.gov.br\/wp-content\/uploads\/sites\/150\/2020\/12\/ponte-rio-naitaca_reconstru\u00e7\u00e3o-2020-1-768x425.jpg 768w, http:\/\/www.ms.gov.br\/wp-content\/uploads\/sites\/150\/2020\/12\/ponte-rio-naitaca_reconstru\u00e7\u00e3o-2020-1-1024x567.jpg 1024w, http:\/\/www.ms.gov.br\/wp-content\/uploads\/sites\/150\/2020\/12\/ponte-rio-naitaca_reconstru\u00e7\u00e3o-2020-1-350x194.jpg 350w, http:\/\/www.ms.gov.br\/wp-content\/uploads\/sites\/150\/2020\/12\/ponte-rio-naitaca_reconstru\u00e7\u00e3o-2020-1.jpg 1156w\" alt=\"\" width=\"300\" height=\"166\" \/><\/a><figcaption class=\"wp-caption-text\"><em>Naitaca: travessia tem 160 metros. Foto: Agesul<\/em><\/figcaption><\/figure>\n<p>A ponte da Vazante Ba\u00eda Negra fica situada entre a comunidade ribeirinha do Porto da Manga, \u00e0s margens do Rio Paraguai, e o Morro Grande, entroncamento da MS-228 (Estrada-Parque) com a MS-432. Na mesma regi\u00e3o, a Agesul projeta a reconstru\u00e7\u00e3o da ponte de madeira da Vazante do Arei\u00e3o, de 89 metros, tamb\u00e9m destru\u00edda pelo fogo, por estrutura de concreto.<\/p>\n<p>Outra travessia de grande import\u00e2ncia para acesso ao Pantanal do Nabileque, a ponte de madeira sobre o Rio Naitaca, no limite dos munic\u00edpios de Corumb\u00e1 e Porto Murtinho, foi reconstru\u00edda em tempo recorde para atender a uma regi\u00e3o essencialmente de pecu\u00e1ria. Na MS-382, a estrutura de 160 metros foi destru\u00edda parcialmente pelo fogo, em agosto deste ano.<\/p>\n","protected":false},"excerpt":{"rendered":"<p>A Agesul (Ag\u00eancia Estadual de Gest\u00e3o de Empreendimentos) abrir\u00e1 processos de licita\u00e7\u00e3o neste m\u00eas (janeiro&#8230;<\/p>\n","protected":false},"author":13,"featured_media":11711006,"comment_status":"closed","ping_status":"closed","sticky":false,"template":"","format":"standard","meta":{"footnotes":""},"categories":[8,14],"tags":[],"class_list":["post-11711005","post","type-post","status-publish","format-standard","has-post-thumbnail","hentry","category-destaque","category-geral"],"_links":{"self":[{"href":"https:\/\/www.corumbaonline.com.br\/news\/wp-json\/wp\/v2\/posts\/11711005","targetHints":{"allow":["GET"]}}],"collection":[{"href":"https:\/\/www.corumbaonline.com.br\/news\/wp-json\/wp\/v2\/posts"}],"about":[{"href":"https:\/\/www.corumbaonline.com.br\/news\/wp-json\/wp\/v2\/types\/post"}],"author":[{"embeddable":true,"href":"https:\/\/www.corumbaonline.com.br\/news\/wp-json\/wp\/v2\/users\/13"}],"replies":[{"embeddable":true,"href":"https:\/\/www.corumbaonline.com.br\/news\/wp-json\/wp\/v2\/comments?post=11711005"}],"version-history":[{"count":1,"href":"https:\/\/www.corumbaonline.com.br\/news\/wp-json\/wp\/v2\/posts\/11711005\/revisions"}],"predecessor-version":[{"id":11711007,"href":"https:\/\/www.corumbaonline.com.br\/news\/wp-json\/wp\/v2\/posts\/11711005\/revisions\/11711007"}],"wp:featuredmedia":[{"embeddable":true,"href":"https:\/\/www.corumbaonline.com.br\/news\/wp-json\/wp\/v2\/media\/11711006"}],"wp:attachment":[{"href":"https:\/\/www.corumbaonline.com.br\/news\/wp-json\/wp\/v2\/media?parent=11711005"}],"wp:term":[{"taxonomy":"category","embeddable":true,"href":"https:\/\/www.corumbaonline.com.br\/news\/wp-json\/wp\/v2\/categories?post=11711005"},{"taxonomy":"post_tag","embeddable":true,"href":"https:\/\/www.corumbaonline.com.br\/news\/wp-json\/wp\/v2\/tags?post=11711005"}],"curies":[{"name":"wp","href":"https:\/\/api.w.org\/{rel}","templated":true}]}}