{"id":11711011,"date":"2021-01-01T09:40:00","date_gmt":"2021-01-01T13:40:00","guid":{"rendered":"http:\/\/www.corumbaonline.com.br\/news\/?p=11711011"},"modified":"2021-01-01T10:41:04","modified_gmt":"2021-01-01T14:41:04","slug":"prefeito-vice-e-vereadores-tomam-posse-nesta-sexta-na-camara-de-corumba","status":"publish","type":"post","link":"https:\/\/www.corumbaonline.com.br\/news\/prefeito-vice-e-vereadores-tomam-posse-nesta-sexta-na-camara-de-corumba\/","title":{"rendered":"Prefeito, vice e vereadores tomam posse nesta sexta, na C\u00e2mara de Corumb\u00e1"},"content":{"rendered":"<p>Solenidade marcada para as 18 horas desta sexta-feira, 1\u00ba de janeiro de 2021, marca a posse do prefeito Marcelo Iunes; do vice-prefeito Dirceu Migu\u00e9is Pinto, e dos 15 vereadores eleitos no pleito de novembro de 2020. O ato acontece no Plen\u00e1rio \u201cDr. L\u00e9o de Medeiros Guimar\u00e3es\u201d, da C\u00e2mara Municipal de Vereadores de Corumb\u00e1.<\/p>\n<p>Os 15 vereadores que ser\u00e3o empossados s\u00e3o: Elio Moreira Junior &#8211; Elinho Verde Frutti (PTB), eleito com 1.633 votos; Roberto Gomes Fa\u00e7anha \u2013 Roberto Fa\u00e7anha (PSDB), com 1.264 votos; Ubiratan Canhete de Campos Filho &#8211; Bira (PSDB), com 1.222 votos; Manoel Rodrigues Pereira Neto &#8211; Manoel Rodrigues (Republicanos), com 1.199 votos; Samyr Sadeq Ramunieh &#8211; Qualhada Samyr (PTB), com 1.181 votos; Lu\u00eds Francisco de Almeida Vianna &#8211; Chic\u00e3o Vianna (PSD), com 1.134 votos; Raquel Anani da Silva Bryk \u2013 Raquel Bryk (PP), com 982 votos; Yussef Mohamad El Salla &#8211; Yussef Salla (PDT), com 954 votos.<\/p>\n<p>Tamb\u00e9m ser\u00e3o empossados Alexandre do Carmo Taques Vasconcellos &#8211; Alexandre Vasconcellos (PSDB), com 950 votos; Luciano Signorelli Costa &#8211; Luciano Costa (PSDB), com 931 votos; Allex Prado Della \u2013 Allex Dellas (Republicanos), com 894 votos; Adelar Chefer dos Santos \u2013 Ga\u00facho da Pr\u00f3-Art (PP), com 861 votos; Genilson Jose da Silva \u2013 Genilson Jos\u00e9 (PODE), com 719 votos; Daniel da Costa Brambilla \u2013 Daniel Brambilla (PSL), com 621 votos, e Nelson Dib Junior \u2013 Nelsinho Dib (MDB), eleito com 529 votos.<\/p>\n<p>Entre os diplomados est\u00e3o sete vereadores reeleitos no pleito de novembro: Roberto Fa\u00e7anha que inicia em janeiro a sua sexta legislatura; Ubiratan Canhete de Campos Filho; Manoel Rodrigues, Chic\u00e3o Vianna; Yussef Salla; Luciano Costa, e Ga\u00facho da Pr\u00f3-Art. Entre os novatos est\u00e3o uma mulher, Raquel Bryk; e o mais novo, Allex Dellas que, no pr\u00f3ximo dia 06 de janeiro, completa 29 anos.<\/p>\n<p>A solenidade ser\u00e1 restrita e atender\u00e1 todas as normas de seguran\u00e7a em virtude da pandemia da Covid-19, como forma de evitar aglomera\u00e7\u00e3o.<\/p>\n","protected":false},"excerpt":{"rendered":"<p>Solenidade marcada para as 18 horas desta sexta-feira, 1\u00ba de janeiro de 2021, marca a&#8230;<\/p>\n","protected":false},"author":9,"featured_media":11711012,"comment_status":"closed","ping_status":"closed","sticky":false,"template":"","format":"standard","meta":{"footnotes":""},"categories":[8,101,19],"tags":[],"class_list":["post-11711011","post","type-post","status-publish","format-standard","has-post-thumbnail","hentry","category-destaque","category-eleicoes","category-politica"],"_links":{"self":[{"href":"https:\/\/www.corumbaonline.com.br\/news\/wp-json\/wp\/v2\/posts\/11711011","targetHints":{"allow":["GET"]}}],"collection":[{"href":"https:\/\/www.corumbaonline.com.br\/news\/wp-json\/wp\/v2\/posts"}],"about":[{"href":"https:\/\/www.corumbaonline.com.br\/news\/wp-json\/wp\/v2\/types\/post"}],"author":[{"embeddable":true,"href":"https:\/\/www.corumbaonline.com.br\/news\/wp-json\/wp\/v2\/users\/9"}],"replies":[{"embeddable":true,"href":"https:\/\/www.corumbaonline.com.br\/news\/wp-json\/wp\/v2\/comments?post=11711011"}],"version-history":[{"count":1,"href":"https:\/\/www.corumbaonline.com.br\/news\/wp-json\/wp\/v2\/posts\/11711011\/revisions"}],"predecessor-version":[{"id":11711013,"href":"https:\/\/www.corumbaonline.com.br\/news\/wp-json\/wp\/v2\/posts\/11711011\/revisions\/11711013"}],"wp:featuredmedia":[{"embeddable":true,"href":"https:\/\/www.corumbaonline.com.br\/news\/wp-json\/wp\/v2\/media\/11711012"}],"wp:attachment":[{"href":"https:\/\/www.corumbaonline.com.br\/news\/wp-json\/wp\/v2\/media?parent=11711011"}],"wp:term":[{"taxonomy":"category","embeddable":true,"href":"https:\/\/www.corumbaonline.com.br\/news\/wp-json\/wp\/v2\/categories?post=11711011"},{"taxonomy":"post_tag","embeddable":true,"href":"https:\/\/www.corumbaonline.com.br\/news\/wp-json\/wp\/v2\/tags?post=11711011"}],"curies":[{"name":"wp","href":"https:\/\/api.w.org\/{rel}","templated":true}]}}