{"id":11711014,"date":"2021-01-01T08:57:00","date_gmt":"2021-01-01T12:57:00","guid":{"rendered":"http:\/\/www.corumbaonline.com.br\/news\/?p=11711014"},"modified":"2021-01-01T10:48:07","modified_gmt":"2021-01-01T14:48:07","slug":"bolsonaro-culpa-preco-por-fracasso-em-comprar-seringas","status":"publish","type":"post","link":"https:\/\/www.corumbaonline.com.br\/news\/bolsonaro-culpa-preco-por-fracasso-em-comprar-seringas\/","title":{"rendered":"Bolsonaro culpa pre\u00e7o por fracasso em comprar seringas"},"content":{"rendered":"<p>Em sua \u00faltima transmiss\u00e3o ao vivo do ano nas redes sociais, o presidente Jair Bolsonaro (Sem partido) seguiu nesta quinta-feira, 31, o roteiro de cr\u00edticas a medidas de enfrentamento \u00e0 covid-19 e de questionamentos a vacinas contra a doen\u00e7a. Do Guaruj\u00e1, no litoral de S\u00e3o Paulo, onde passa o feriado de ano-novo, ele minimizou tanto o in\u00edcio da imuniza\u00e7\u00e3o no exterior quanto o fracasso na compra das seringas necess\u00e1rias \u00e0 imuniza\u00e7\u00e3o da popula\u00e7\u00e3o brasileira. Segundo ele, o mercado est\u00e1 inflacionado.<\/p>\n<p>&#8220;Voc\u00eas sabem para quanto foi o pre\u00e7o da seringa? Aqui \u00e9 Brasil. Sabem como est\u00e1 a produ\u00e7\u00e3o disso? Como o mercado reagiu quando souberam que v\u00e3o comprar 100 milh\u00f5es ou mais de seringas?&#8221;, disse o presidente.<\/p>\n<p class=\"text\">Das 331 milh\u00f5es de seringas que o Minist\u00e9rio da Sa\u00fade tem a inten\u00e7\u00e3o de comprar, s\u00f3 conseguiu oferta para aquisi\u00e7\u00e3o de 7,9 milh\u00f5es no preg\u00e3o eletr\u00f4nico realizado no dia 29. O n\u00famero corresponde a 2,4% do total pretendido.<\/p>\n<p class=\"text\">Sob cr\u00edticas por ainda n\u00e3o ter come\u00e7ado uma vacina\u00e7\u00e3o no Brasil, Bolsonaro tentou diminuir a import\u00e2ncia do in\u00edcio da imuniza\u00e7\u00e3o em pa\u00edses como Estados Unidos, Alemanha e Inglaterra ao dizer que, nesses locais, os vacinados n\u00e3o passam de 1% da popula\u00e7\u00e3o. At\u00e9 esta quinta, mais de 40 pa\u00edses deram in\u00edcio \u00e0 vacina\u00e7\u00e3o.<\/p>\n<p class=\"text\">&#8220;Parece que agora as empresas v\u00e3o apresentar documenta\u00e7\u00e3o junto \u00e0 Anvisa. Caso ela certifique, n\u00f3s imediatamente possamos ali fazer as tratativas e comprar essas vacinas. At\u00e9 porque parte da popula\u00e7\u00e3o clama por ela (a vacina). Ent\u00e3o, para quem est\u00e1 querendo a vacina, a gente vai ofertar. Da nossa parte, gr\u00e1tis e n\u00e3o obrigat\u00f3ria&#8221;, afirmou, citando o aval da ag\u00eancia como primeiro passo antes de o governo comprar os produtos.<\/p>\n<p class=\"text\">Al\u00e9m de n\u00e3o haver data, faltam tamb\u00e9m insumos para a vacina\u00e7\u00e3o. Das 331 milh\u00f5es de seringas que o Minist\u00e9rio da Sa\u00fade tem a inten\u00e7\u00e3o de comprar, s\u00f3 conseguiu oferta para aquisi\u00e7\u00e3o de 7,9 milh\u00f5es no preg\u00e3o eletr\u00f4nico realizado no dia 29. O n\u00famero corresponde a 2,4% do total pretendido.<\/p>\n<p class=\"text\">Durante os cerca de 65 minutos em que se dirigiu \u00e0 popula\u00e7\u00e3o pela \u00faltima vez em 2020, ano marcado pela pandemia,\u00a0<strong>o presidente n\u00e3o manifestou solidariedade \u00e0s fam\u00edlias\u00a0<\/strong>de quase 195 mil brasileiros que morreram por causa da covid. Na &#8220;live&#8221; que faz semanalmente, ele refor\u00e7ou posicionamento contr\u00e1rio ao isolamento social, fez queixas sobre o uso de m\u00e1scaras e voltou a defender medicamentos sem efic\u00e1cia cient\u00edfica comprovada.<\/p>\n<p class=\"text\">O presidente refor\u00e7ou que n\u00e3o \u00e9 poss\u00edvel manter o pagamento do aux\u00edlio emergencial e fez um autoelogio ao dizer que ele e seus ministros foram respons\u00e1veis por evitar o caos. &#8220;Quase quebraram a economia. Se n\u00e3o \u00e9 eu, governo federal, nossa equipe toda de ministros, trabalhar para preservar empregos&#8230; Gastamos na ordem de R$ 700 bilh\u00f5es&#8230; Seria um caos o Brasil&#8221;, declarou, apontando para o peito.<\/p>\n<p class=\"text\">Apesar do recrudescimento da pandemia, Bolsonaro rotulou como &#8220;assombra\u00e7\u00e3o&#8221; a ideia de retomar medidas mais duras de distanciamento social. O presidente viajou na segunda-feira, 28, de Bras\u00edlia ao Guaruj\u00e1 para o feriado. A comitiva est\u00e1 hospedada no Forte dos Andradas, instala\u00e7\u00e3o militar localizada no litoral paulista.<\/p>\n<p class=\"text\">Na quarta, o presidente causou aglomera\u00e7\u00e3o ao visitar a Praia Grande. Ele n\u00e3o usava m\u00e1scaras de prote\u00e7\u00e3o. Foi recebido por banhistas que o aguardavam, aglomerados. Ao interagir com apoiadores, cumprimentou, tirou fotos e abra\u00e7ou crian\u00e7as e idosos. Durante o passeio, ele voltou a minimizar a pandemia: &#8220;Toca a vida&#8221;.<\/p>\n<p class=\"text\">Na \u00faltima &#8220;live&#8221; do ano, o presidente chegou a tratar como &#8220;irracionalidade&#8221; as a\u00e7\u00f5es de autoridades para retirar banhistas que se aglomeram nas praias para as comemora\u00e7\u00f5es do fim do ano. &#8220;Cada um sabe o que tem que fazer da sua vida.&#8221;<\/p>\n","protected":false},"excerpt":{"rendered":"<p>Em sua \u00faltima transmiss\u00e3o ao vivo do ano nas redes sociais, o presidente Jair Bolsonaro&#8230;<\/p>\n","protected":false},"author":11,"featured_media":0,"comment_status":"closed","ping_status":"closed","sticky":false,"template":"","format":"standard","meta":{"footnotes":""},"categories":[116,19,21],"tags":[],"class_list":["post-11711014","post","type-post","status-publish","format-standard","hentry","category-coronavirus","category-politica","category-saude"],"_links":{"self":[{"href":"https:\/\/www.corumbaonline.com.br\/news\/wp-json\/wp\/v2\/posts\/11711014","targetHints":{"allow":["GET"]}}],"collection":[{"href":"https:\/\/www.corumbaonline.com.br\/news\/wp-json\/wp\/v2\/posts"}],"about":[{"href":"https:\/\/www.corumbaonline.com.br\/news\/wp-json\/wp\/v2\/types\/post"}],"author":[{"embeddable":true,"href":"https:\/\/www.corumbaonline.com.br\/news\/wp-json\/wp\/v2\/users\/11"}],"replies":[{"embeddable":true,"href":"https:\/\/www.corumbaonline.com.br\/news\/wp-json\/wp\/v2\/comments?post=11711014"}],"version-history":[{"count":1,"href":"https:\/\/www.corumbaonline.com.br\/news\/wp-json\/wp\/v2\/posts\/11711014\/revisions"}],"predecessor-version":[{"id":11711015,"href":"https:\/\/www.corumbaonline.com.br\/news\/wp-json\/wp\/v2\/posts\/11711014\/revisions\/11711015"}],"wp:attachment":[{"href":"https:\/\/www.corumbaonline.com.br\/news\/wp-json\/wp\/v2\/media?parent=11711014"}],"wp:term":[{"taxonomy":"category","embeddable":true,"href":"https:\/\/www.corumbaonline.com.br\/news\/wp-json\/wp\/v2\/categories?post=11711014"},{"taxonomy":"post_tag","embeddable":true,"href":"https:\/\/www.corumbaonline.com.br\/news\/wp-json\/wp\/v2\/tags?post=11711014"}],"curies":[{"name":"wp","href":"https:\/\/api.w.org\/{rel}","templated":true}]}}