{"id":11711028,"date":"2021-01-01T11:11:00","date_gmt":"2021-01-01T15:11:00","guid":{"rendered":"http:\/\/www.corumbaonline.com.br\/news\/?p=11711028"},"modified":"2021-01-01T14:16:14","modified_gmt":"2021-01-01T18:16:14","slug":"ano-inicia-com-mais-989-casos-confirmados-de-coronavirus-em-24-horas-no-estado","status":"publish","type":"post","link":"https:\/\/www.corumbaonline.com.br\/news\/ano-inicia-com-mais-989-casos-confirmados-de-coronavirus-em-24-horas-no-estado\/","title":{"rendered":"Ano inicia com mais 989 casos confirmados de coronav\u00edrus em 24 horas no Estado"},"content":{"rendered":"<p>Dados do Boletim Epidemiol\u00f3gico da Secretaria de Estado de Sa\u00fade (SES) desta sexta-feira (1), revelam que o primeiro dia do ano j\u00e1 inicia com mais 989 exames positivos em apenas 24 horas, com total de 134.750 casos confirmados da doen\u00e7a desde o in\u00edcio da pandemia.<\/p>\n<p>O primeiro dia do ano tamb\u00e9m come\u00e7ou com o dado negativo de 18 \u00f3bitos em um dia, com isso, j\u00e1 morreram pela doen\u00e7a 2.347 sul-mato-grossenses.<\/p>\n<p>Em tratamento, 13.935 est\u00e3o em isolamento domiciliar e 652 pessoas est\u00e3o internadas na rede hospitalar de Mato Grosso do Sul, 358 est\u00e3o em leitos cl\u00ednicos, sendo 231 pelo SUS e 127 na rede privada. Dos 294 pacientes em estado mais grave, nos leitos de UTI, 208 est\u00e3o na rede p\u00fablica e 86 na rede privada.<\/p>\n<p><a href=\"http:\/\/www.ms.gov.br\/wp-content\/uploads\/sites\/150\/2021\/01\/Tela-covid-01-21-perfil.png\"><img loading=\"lazy\" decoding=\"async\" class=\"alignnone wp-image-337453 size-full\" src=\"http:\/\/www.ms.gov.br\/wp-content\/uploads\/sites\/150\/2021\/01\/Tela-covid-01-21-perfil.png\" sizes=\"auto, (max-width: 636px) 100vw, 636px\" srcset=\"http:\/\/www.ms.gov.br\/wp-content\/uploads\/sites\/150\/2021\/01\/Tela-covid-01-21-perfil.png 636w, http:\/\/www.ms.gov.br\/wp-content\/uploads\/sites\/150\/2021\/01\/Tela-covid-01-21-perfil-300x191.png 300w, http:\/\/www.ms.gov.br\/wp-content\/uploads\/sites\/150\/2021\/01\/Tela-covid-01-21-perfil-350x222.png 350w\" alt=\"\" width=\"636\" height=\"404\"><\/a><\/p>\n<p>Na macrorregi\u00e3o de Campo Grande, a ocupa\u00e7\u00e3o global de leitos UTI\/SUS \u00e9 de 103%, sendo que o excedente da capacidade representa pacientes em leitos Covid-19 ainda n\u00e3o habilitados pelo SUS, mantidos pelas secretarias municipais e estadual de sa\u00fade.<\/p>\n<p>Segundo o Boletim Epidemiol\u00f3gico de hoje, em Dourados, a ocupa\u00e7\u00e3o global \u00e9 de 78%; em Tr\u00eas Lagoas, de 46% e em Corumb\u00e1, de 75%.<\/p>\n<p><a href=\"http:\/\/www.ms.gov.br\/wp-content\/uploads\/sites\/150\/2021\/01\/Boletim-Epidemiol%C3%B3gico-COVID-19-2021.01.01.pdf\">Acesse aqui o Boletim Epidemiol\u00f3gico completo.<\/a><\/p>\n","protected":false},"excerpt":{"rendered":"<p>Dados do Boletim Epidemiol\u00f3gico da Secretaria de Estado de Sa\u00fade (SES) desta sexta-feira (1), revelam&#8230;<\/p>\n","protected":false},"author":13,"featured_media":11709370,"comment_status":"closed","ping_status":"closed","sticky":false,"template":"","format":"standard","meta":{"footnotes":""},"categories":[116,8,21],"tags":[],"class_list":["post-11711028","post","type-post","status-publish","format-standard","has-post-thumbnail","hentry","category-coronavirus","category-destaque","category-saude"],"_links":{"self":[{"href":"https:\/\/www.corumbaonline.com.br\/news\/wp-json\/wp\/v2\/posts\/11711028","targetHints":{"allow":["GET"]}}],"collection":[{"href":"https:\/\/www.corumbaonline.com.br\/news\/wp-json\/wp\/v2\/posts"}],"about":[{"href":"https:\/\/www.corumbaonline.com.br\/news\/wp-json\/wp\/v2\/types\/post"}],"author":[{"embeddable":true,"href":"https:\/\/www.corumbaonline.com.br\/news\/wp-json\/wp\/v2\/users\/13"}],"replies":[{"embeddable":true,"href":"https:\/\/www.corumbaonline.com.br\/news\/wp-json\/wp\/v2\/comments?post=11711028"}],"version-history":[{"count":2,"href":"https:\/\/www.corumbaonline.com.br\/news\/wp-json\/wp\/v2\/posts\/11711028\/revisions"}],"predecessor-version":[{"id":11711040,"href":"https:\/\/www.corumbaonline.com.br\/news\/wp-json\/wp\/v2\/posts\/11711028\/revisions\/11711040"}],"wp:featuredmedia":[{"embeddable":true,"href":"https:\/\/www.corumbaonline.com.br\/news\/wp-json\/wp\/v2\/media\/11709370"}],"wp:attachment":[{"href":"https:\/\/www.corumbaonline.com.br\/news\/wp-json\/wp\/v2\/media?parent=11711028"}],"wp:term":[{"taxonomy":"category","embeddable":true,"href":"https:\/\/www.corumbaonline.com.br\/news\/wp-json\/wp\/v2\/categories?post=11711028"},{"taxonomy":"post_tag","embeddable":true,"href":"https:\/\/www.corumbaonline.com.br\/news\/wp-json\/wp\/v2\/tags?post=11711028"}],"curies":[{"name":"wp","href":"https:\/\/api.w.org\/{rel}","templated":true}]}}