{"id":11711030,"date":"2021-01-01T11:23:00","date_gmt":"2021-01-01T15:23:00","guid":{"rendered":"http:\/\/www.corumbaonline.com.br\/news\/?p=11711030"},"modified":"2021-01-01T12:08:45","modified_gmt":"2021-01-01T16:08:45","slug":"vi-como-convocacao-diz-luxemburgo-sobre-volta-ao-vasco","status":"publish","type":"post","link":"https:\/\/www.corumbaonline.com.br\/news\/vi-como-convocacao-diz-luxemburgo-sobre-volta-ao-vasco\/","title":{"rendered":"&#8216;Vi como convoca\u00e7\u00e3o&#8217;, diz Luxemburgo sobre volta ao Vasco"},"content":{"rendered":"<p>O Vasco anunciou o retorno do t\u00e9cnico Vanderlei Luxemburgo na tarde do dia 31 de dezembro. Em v\u00eddeo publicado nas redes sociais, o experiente treinador relembrou o trabalho que fez no clube em 2019, afirmou que pretende ajudar o time a escapar do rebaixamento no Campeonato Brasileiro e pediu o apoio dos torcedores para ajudar a equipe nesta miss\u00e3o.<\/p>\n<p>&#8220;Hoje, acabei de acertar com o Vasco da Gama. Estou muito feliz de retornar a um clube em que ano passado fizemos um grande trabalho, que me acolheu, que tive uma empatia muito grande com os torcedores. Foi um trabalho muito bem feito e a torcida foi important\u00edssima. \u00c9 um clube maravilhoso, um clube grande&#8221;, elogiou o t\u00e9cnico.<\/p>\n<p class=\"text\">&#8220;Eu n\u00e3o vejo como um convite (para voltar ao clube), entendi como uma convoca\u00e7\u00e3o, o Vasco me convocou para que nesse momento eu possa voltar no final do campeonato e contribuir para que o Vasco permane\u00e7a na primeira divis\u00e3o. \u00c9 isso que n\u00f3s vamos fazer, vamos trabalhar bastante para que o Vasco fique na primeira divis\u00e3o para a pr\u00f3xima temporada&#8221;, projetou para a equipe.<\/p>\n<p class=\"text\">Por fim, Vanderlei chamou a torcida para apoiar os jogadores, mesmo que o p\u00fablico n\u00e3o possa estar presente nos est\u00e1dios. &#8221; (Quero) Agradecer os torcedores, pelo percentual que queria que eu voltasse ao clube e dizer que eu convoquei voc\u00eas; eu fui convocado e j\u00e1 estou dentro do Vasco. Agora, estou convocando voc\u00eas. Voc\u00eas n\u00e3o podem ir a campo, mas podem invadir a m\u00eddia social e apoiar a equipe. Vamos precisar do apoio atrav\u00e9s da m\u00eddia social, que \u00e9 onde podemos ter contato com voc\u00eas&#8221;, pediu.<\/p>\n<p class=\"text\">Vanderlei come\u00e7a o novo trabalho no clube no s\u00e1bado, dia 2 de janeiro. Ele volta com o auxiliar Mauricio Copertino e os preparadores f\u00edsicos Ant\u00f4nio Melo e Daniel F\u00e9lix. No total, Luxemburgo dirigiu a equipe em 37 jogos, com 15 vit\u00f3rias, 12 empates e dez derrotas.<\/p>\n<p class=\"text\">O Vasco est\u00e1 atualmente no 17\u00ba lugar na tabela do Brasileir\u00e3o com 28 pontos, um a menos do que o Sport, o primeiro fora do Z-4. O time volta a campo no dia 7 diante do Atl\u00e9tico-GO. O t\u00e9cnico ter\u00e1 11 jogos para tentar tirar a equipe cruzmaltina da zona de rebaixamento.<\/p>\n","protected":false},"excerpt":{"rendered":"<p>O Vasco anunciou o retorno do t\u00e9cnico Vanderlei Luxemburgo na tarde do dia 31 de&#8230;<\/p>\n","protected":false},"author":11,"featured_media":0,"comment_status":"closed","ping_status":"closed","sticky":false,"template":"","format":"standard","meta":{"footnotes":""},"categories":[11],"tags":[],"class_list":["post-11711030","post","type-post","status-publish","format-standard","hentry","category-esporte"],"_links":{"self":[{"href":"https:\/\/www.corumbaonline.com.br\/news\/wp-json\/wp\/v2\/posts\/11711030","targetHints":{"allow":["GET"]}}],"collection":[{"href":"https:\/\/www.corumbaonline.com.br\/news\/wp-json\/wp\/v2\/posts"}],"about":[{"href":"https:\/\/www.corumbaonline.com.br\/news\/wp-json\/wp\/v2\/types\/post"}],"author":[{"embeddable":true,"href":"https:\/\/www.corumbaonline.com.br\/news\/wp-json\/wp\/v2\/users\/11"}],"replies":[{"embeddable":true,"href":"https:\/\/www.corumbaonline.com.br\/news\/wp-json\/wp\/v2\/comments?post=11711030"}],"version-history":[{"count":1,"href":"https:\/\/www.corumbaonline.com.br\/news\/wp-json\/wp\/v2\/posts\/11711030\/revisions"}],"predecessor-version":[{"id":11711031,"href":"https:\/\/www.corumbaonline.com.br\/news\/wp-json\/wp\/v2\/posts\/11711030\/revisions\/11711031"}],"wp:attachment":[{"href":"https:\/\/www.corumbaonline.com.br\/news\/wp-json\/wp\/v2\/media?parent=11711030"}],"wp:term":[{"taxonomy":"category","embeddable":true,"href":"https:\/\/www.corumbaonline.com.br\/news\/wp-json\/wp\/v2\/categories?post=11711030"},{"taxonomy":"post_tag","embeddable":true,"href":"https:\/\/www.corumbaonline.com.br\/news\/wp-json\/wp\/v2\/tags?post=11711030"}],"curies":[{"name":"wp","href":"https:\/\/api.w.org\/{rel}","templated":true}]}}