{"id":11711037,"date":"2021-01-01T12:00:00","date_gmt":"2021-01-01T16:00:00","guid":{"rendered":"http:\/\/www.corumbaonline.com.br\/news\/?p=11711037"},"modified":"2021-01-01T14:14:57","modified_gmt":"2021-01-01T18:14:57","slug":"em-ladario-posse-dos-eleitos-acontece-as-19h-na-camara-municipal","status":"publish","type":"post","link":"https:\/\/www.corumbaonline.com.br\/news\/em-ladario-posse-dos-eleitos-acontece-as-19h-na-camara-municipal\/","title":{"rendered":"Em Lad\u00e1rio posse dos eleitos acontece \u00e0s 19h na C\u00e2mara Municipal"},"content":{"rendered":"<p>Solenidade na C\u00e2mara Municipal \u00e0s 19h desta sexta-feira, 1\u00b0 de janeiro, da posse ao prefeito eleito de Lad\u00e1rio,\u00a0<span style=\"font-weight: 400;\">Iranil Soares (DEM), ao vice Hedyl Benzi Filho e aos 11 vereadores eleitos em 15 de novembro. <\/span>Apenas tr\u00eas parlamentares conseguiram a reelei\u00e7\u00e3o. Ser\u00e3o empossados\u00a0para o mandato de 2021\/2024: Daniel Benzi; Renan Encinas; Jonil; Eva; Rosy Ara\u00fajo; Bruno Cruz; Denilson Marcio; Zica; Eduarda Fernandes; Paulo Henrique e Professora Rosa.<\/p>\n<p><span style=\"font-size: inherit;\">A C\u00e2mara Municipal fica na rua Corumb\u00e1, ao lado do Pa\u00e7o Municipal. <\/span><\/p>\n","protected":false},"excerpt":{"rendered":"<p>Solenidade na C\u00e2mara Municipal \u00e0s 19h desta sexta-feira, 1\u00b0 de janeiro, da posse ao prefeito&#8230;<\/p>\n","protected":false},"author":6,"featured_media":0,"comment_status":"closed","ping_status":"closed","sticky":false,"template":"","format":"standard","meta":{"footnotes":""},"categories":[101,19],"tags":[],"class_list":["post-11711037","post","type-post","status-publish","format-standard","hentry","category-eleicoes","category-politica"],"_links":{"self":[{"href":"https:\/\/www.corumbaonline.com.br\/news\/wp-json\/wp\/v2\/posts\/11711037","targetHints":{"allow":["GET"]}}],"collection":[{"href":"https:\/\/www.corumbaonline.com.br\/news\/wp-json\/wp\/v2\/posts"}],"about":[{"href":"https:\/\/www.corumbaonline.com.br\/news\/wp-json\/wp\/v2\/types\/post"}],"author":[{"embeddable":true,"href":"https:\/\/www.corumbaonline.com.br\/news\/wp-json\/wp\/v2\/users\/6"}],"replies":[{"embeddable":true,"href":"https:\/\/www.corumbaonline.com.br\/news\/wp-json\/wp\/v2\/comments?post=11711037"}],"version-history":[{"count":1,"href":"https:\/\/www.corumbaonline.com.br\/news\/wp-json\/wp\/v2\/posts\/11711037\/revisions"}],"predecessor-version":[{"id":11711038,"href":"https:\/\/www.corumbaonline.com.br\/news\/wp-json\/wp\/v2\/posts\/11711037\/revisions\/11711038"}],"wp:attachment":[{"href":"https:\/\/www.corumbaonline.com.br\/news\/wp-json\/wp\/v2\/media?parent=11711037"}],"wp:term":[{"taxonomy":"category","embeddable":true,"href":"https:\/\/www.corumbaonline.com.br\/news\/wp-json\/wp\/v2\/categories?post=11711037"},{"taxonomy":"post_tag","embeddable":true,"href":"https:\/\/www.corumbaonline.com.br\/news\/wp-json\/wp\/v2\/tags?post=11711037"}],"curies":[{"name":"wp","href":"https:\/\/api.w.org\/{rel}","templated":true}]}}