{"id":11711043,"date":"2021-01-02T08:10:00","date_gmt":"2021-01-02T12:10:00","guid":{"rendered":"http:\/\/www.corumbaonline.com.br\/news\/?p=11711043"},"modified":"2021-01-02T09:01:51","modified_gmt":"2021-01-02T13:01:51","slug":"solenidade-na-camara-marca-a-posse-de-prefeito-vice-e-vereadores-corumbaenses","status":"publish","type":"post","link":"https:\/\/www.corumbaonline.com.br\/news\/solenidade-na-camara-marca-a-posse-de-prefeito-vice-e-vereadores-corumbaenses\/","title":{"rendered":"Solenidade na C\u00e2mara marca a posse de prefeito, vice e vereadores corumbaenses"},"content":{"rendered":"<p>Solenidade realizada na noite de ontem, sexta-feira, 1\u00ba de janeiro de 2021, marcou o ato de posse dos 15 novos vereadores corumbaenses, bem como do prefeito Marcelo Iunes e do vice-prefeito Dirceu Migueis Pinto, todos eleitos no dia 15 de novembro de 2020.<\/p>\n<p>A solenidade foi bastante restrita, com as presen\u00e7as de convidados (dois por cada empossado), bem como da imprensa, com todas as medidas de biosseguran\u00e7a, em virtude da pandemia da Covid-19, como forma de evitar aglomera\u00e7\u00e3o.<\/p>\n<p>O vice-prefeito Dirceu Migu\u00e9is, por exemplo, foi representado pelo seu filho, Dirceu Migueis Pinto Filho, e tomou posse por meio de uma procura\u00e7\u00e3o, j\u00e1 que est\u00e1 em isolamento, se tratando da Covid-19.<\/p>\n<p>Al\u00e9m do prefeito e vice, foram empossados os vereadores Elio Moreira Junior &#8211; Elinho Verde Frutti (PTB), eleito com 1.633 votos; Roberto Gomes Fa\u00e7anha \u2013 Roberto Fa\u00e7anha (PSDB), com 1.264 votos; Ubiratan Canhete de Campos Filho &#8211; Bira (PSDB), com 1.222 votos; Manoel Rodrigues Pereira Neto &#8211; Manoel Rodrigues (Republicanos), com 1.199 votos; Samyr Sadeq Ramunieh &#8211; Qualhada Samyr (PTB), com 1.181 votos; Lu\u00eds Francisco de Almeida Vianna &#8211; Chic\u00e3o Vianna (PSD), com 1.134 votos; Raquel Anani da Silva Bryk \u2013 Raquel Bryk (PP), com 982 votos; Yussef Mohamad El Salla &#8211; Yussef Salla (PDT), com 954 votos.<\/p>\n<p>O ato marcou ainda as posses de Alexandre do Carmo Taques Vasconcellos &#8211; Alexandre Vasconcellos (PSDB), eleito com 950 votos; Luciano Signorelli Costa &#8211; Luciano Costa (PSDB), com 931 votos; Allex Prado Della \u2013 Allex Dellas (Republicanos), com 894 votos; Adelar Chefer dos Santos \u2013 Ga\u00facho da Pr\u00f3-Art (PP), com 861 votos; Genilson Jose da Silva \u2013 Genilson Jos\u00e9 (PODE), com 719 votos; Daniel da Costa Brambilla \u2013 Daniel Brambilla (PSL), com 621 votos, e Nelson Dib Junior \u2013 Nelsinho Dib (MDB), eleito com 529 votos.<\/p>\n<p>A nova C\u00e2mara de Corumb\u00e1 conta com sete remanescentes da legislatura passada (2017 \u2013 2020): Roberto Fa\u00e7anha que iniciou a sua sexta legislatura; Ubiratan Canhete de Campos Filho; Manoel Rodrigues, Chic\u00e3o Vianna; Yussef Salla; Luciano Costa, e Ga\u00facho da Pr\u00f3-Art. Entre os novatos est\u00e3o uma mulher, Raquel Bryk; e o mais novo, Allex Dellas que, no pr\u00f3ximo dia 06 de janeiro, completa 29 anos.<\/p>\n<p>A solenidade foi dirigida pelo vereador Elinho Verde Frutti, o mais votado no pleito de novembro. Reconheceu o ato como um momento importante em sua vida, agradeceu \u00e0 popula\u00e7\u00e3o corumbaense pelo voto de confian\u00e7a, \u201cum motivo para trabalharmos muito pelo desenvolvimento de Corumb\u00e1\u201d, e que o Munic\u00edpio est\u00e1 muito bem representado nos poderes Executivo e Legislativo, com prefeito, vice e vereadores focados na melhoria da qualidade de vida de todos.<\/p>\n<p>O ato foi prestigiado pelo deputado estadual Evander Vendramini que desejou sucesso a todos, e colocou seu gabinete na Assembleia Legislativa \u00e0 disposi\u00e7\u00e3o do prefeito e sua equipe, bem como dos vereadores, na busca de projetos e programa importantes para Corumb\u00e1.<\/p>\n<p>Allex Dellas usou a tribuna em nome de todos os vereadores. Classificou o ato como \u201cum momento hist\u00f3rico e importante para o Munic\u00edpio\u201d, e que \u201calguns j\u00e1 est\u00e3o trabalhando pela nossa regi\u00e3o, outros v\u00e3o iniciar, e a certeza \u00e9 que que todos v\u00e3o honrar a vontade da popula\u00e7\u00e3o, pelo voto de confian\u00e7a\u201d. Lembrou o momento dif\u00edcil em virtude da pandemia da Covid, mas que a expectativa s\u00e3o por dias melhores, um ano melhor, a partir do in\u00edcio da vacina\u00e7\u00e3o contra o v\u00edrus.<\/p>\n<p>UNI\u00c3O<\/p>\n<p>Ap\u00f3s ser empossado, o prefeito Marcelo Iunes foi taxativo ao afirmar que assume um compromisso de realizar \u201cum governo unido, democr\u00e1tico, democr\u00e1tico, fraterno, justo e voltado para toda a popula\u00e7\u00e3o, especialmente aos menos favorecidos que mais necessitam dos servi\u00e7os p\u00fablicos\u201d.<\/p>\n<p>Pregou o trabalho conjunto, de todos aqueles que \u201cpossuem apre\u00e7o pela democracia\u201d, referindo-se aos secret\u00e1rios, empossados logo ap\u00f3s o ato na C\u00e2mara, em solenidade no Centro de Conven\u00e7\u00f5es, e os representantes do povo, os vereadores eu foram democraticamente eleitos para legislar em favor de todos os corumbaenses, de forma harm\u00f4nica, mas sempre respeitando a independ\u00eancia do Legislativo.<\/p>\n<p>Elogiou o seu vice, Dirceu Migu\u00e9is; agradeceu seus familiares pelo apoio incondicional da esposa, Amanda Balancieri Iunes, e dos filhos Marcelinho, Matheus e Murilo; do pai Aziss e C\u00e9lia \u201cque n\u00e3o est\u00e3o mis entre n\u00f3s\u201d, e de todos que fizeram e fazem parte da sua trajet\u00f3ria, irm\u00e3os, irm\u00e3s, que a vit\u00f3ria em 15 de novembro \u201c\u00e9 de todos os corumbaenses. Sabemos que os desafios s\u00e3o os maiores de nossa vida. Nosso compromisso \u00e9 com o desenvolvimento de Corumb\u00e1\u201d, refor\u00e7ou.<\/p>\n","protected":false},"excerpt":{"rendered":"<p>Solenidade realizada na noite de ontem, sexta-feira, 1\u00ba de janeiro de 2021, marcou o ato&#8230;<\/p>\n","protected":false},"author":9,"featured_media":11711044,"comment_status":"closed","ping_status":"closed","sticky":false,"template":"","format":"standard","meta":{"footnotes":""},"categories":[8,101,19],"tags":[],"class_list":["post-11711043","post","type-post","status-publish","format-standard","has-post-thumbnail","hentry","category-destaque","category-eleicoes","category-politica"],"_links":{"self":[{"href":"https:\/\/www.corumbaonline.com.br\/news\/wp-json\/wp\/v2\/posts\/11711043","targetHints":{"allow":["GET"]}}],"collection":[{"href":"https:\/\/www.corumbaonline.com.br\/news\/wp-json\/wp\/v2\/posts"}],"about":[{"href":"https:\/\/www.corumbaonline.com.br\/news\/wp-json\/wp\/v2\/types\/post"}],"author":[{"embeddable":true,"href":"https:\/\/www.corumbaonline.com.br\/news\/wp-json\/wp\/v2\/users\/9"}],"replies":[{"embeddable":true,"href":"https:\/\/www.corumbaonline.com.br\/news\/wp-json\/wp\/v2\/comments?post=11711043"}],"version-history":[{"count":1,"href":"https:\/\/www.corumbaonline.com.br\/news\/wp-json\/wp\/v2\/posts\/11711043\/revisions"}],"predecessor-version":[{"id":11711045,"href":"https:\/\/www.corumbaonline.com.br\/news\/wp-json\/wp\/v2\/posts\/11711043\/revisions\/11711045"}],"wp:featuredmedia":[{"embeddable":true,"href":"https:\/\/www.corumbaonline.com.br\/news\/wp-json\/wp\/v2\/media\/11711044"}],"wp:attachment":[{"href":"https:\/\/www.corumbaonline.com.br\/news\/wp-json\/wp\/v2\/media?parent=11711043"}],"wp:term":[{"taxonomy":"category","embeddable":true,"href":"https:\/\/www.corumbaonline.com.br\/news\/wp-json\/wp\/v2\/categories?post=11711043"},{"taxonomy":"post_tag","embeddable":true,"href":"https:\/\/www.corumbaonline.com.br\/news\/wp-json\/wp\/v2\/tags?post=11711043"}],"curies":[{"name":"wp","href":"https:\/\/api.w.org\/{rel}","templated":true}]}}