{"id":11711046,"date":"2021-01-02T08:23:00","date_gmt":"2021-01-02T12:23:00","guid":{"rendered":"http:\/\/www.corumbaonline.com.br\/news\/?p=11711046"},"modified":"2021-01-02T09:03:33","modified_gmt":"2021-01-02T13:03:33","slug":"iunes-nomeia-secretarios-adjuntos-e-diretores-presidentes-de-fundacoes","status":"publish","type":"post","link":"https:\/\/www.corumbaonline.com.br\/news\/iunes-nomeia-secretarios-adjuntos-e-diretores-presidentes-de-fundacoes\/","title":{"rendered":"Iunes nomeia secret\u00e1rios, adjuntos e diretores-presidentes de Funda\u00e7\u00f5es"},"content":{"rendered":"<p>O prefeito Marcelo Iunes nomeou na noite desta sexta-feira, 1\u00ba de janeiro, seu secretariado para o segundo mandato, que come\u00e7a hoje. O ato foi realizado no Centro de Conven\u00e7\u00f5es do Pantanal e seguiu todas as medidas de biosseguran\u00e7a contra a Covid-19. Confira os nomes e cargos:<\/p>\n<p>ALCINDO CARDOSO DO VALLE JUNIOR \u2013 Procuradoria Geral do Munic\u00edpio.<\/p>\n<p>LUIZ HENRIQUE MAIA DE PAULA \u2013 Secretaria Municipal de Finan\u00e7as e Gest\u00e3o.<\/p>\n<p>RICARDO CAMPOS AMETLLA \u2013 Secretaria Municipal de Planejamento e Projetos Estrat\u00e9gicos.<\/p>\n<p>EDUARDO AGUILAR IUNES \u2013 Secretaria Municipal de Governo.<\/p>\n<p>LUIZ ANTONIO DA SILVA \u2013 Secretaria Municipal de Rela\u00e7\u00f5es de Pol\u00edticas de Governo.<\/p>\n<p>LUIZ FERNANDO MOREIRA \u2013 Secretaria Municipal de Infraestrutura e Servi\u00e7os P\u00fablicos.<\/p>\n<p>C\u00c1SSIO AUGUSTO DA COSTA MARQUES \u2013 Secretaria Municipal de Desenvolvimento Econ\u00f4mico e Sustent\u00e1vel.<\/p>\n<p>GENILSON CANAVARRO DE ABREU \u2013 Secretaria Municipal de Educa\u00e7\u00e3o.<\/p>\n<p>ROG\u00c9RIO DOS SANTOS LEITE \u2013 Secretaria Municipal de Sa\u00fade.<\/p>\n<p>AMANDA CRISTIANE BALANCIERI IUNES \u2013 Secretaria Municipal de Assist\u00eancia Social e Cidadania.<\/p>\n<p>C\u00c9SAR FREITAS DUARTE \u2013 Secretaria Municipal de Seguran\u00e7a P\u00fablica e Defesa Social.<\/p>\n<p>JOS\u00c9 WAGNER DE OLIVEIRA JUNIOR \u2013 Controladoria-Geral do Munic\u00edpio.<\/p>\n<p>EDSON PANES DE OLIVEIRA FILHO \u2013 Secretaria Especial de Pol\u00edtica Institucional.<\/p>\n<p>JOSE CARLOS MACENA DE BRITTO JUNIOR \u2013 Secretaria Especial de Gest\u00e3o P\u00fablica.<\/p>\n<p>M\u00c1RIO S\u00c9RGIO AGUIAR SIQUEIRA \u2013 Ag\u00eancia Municipal Portu\u00e1ria.<\/p>\n<p>L\u00daCIO ANDR\u00c9 MESSIAS DE BARROS \u2013 Ag\u00eancia Municipal de Transporte e Tr\u00e2nsito.<\/p>\n<p>JOILSON SILVA DA CRUZ \u2013 Funda\u00e7\u00e3o da Cultura e do Patrim\u00f4nio Hist\u00f3rico de Corumb\u00e1.<\/p>\n<p>ANA CL\u00c1UDIA MOREIRA BOABAID \u2013 Funda\u00e7\u00e3o do Meio Ambiente do Pantanal.<\/p>\n<p>ELISANGELA SIENNA DA COSTA OLIVA \u2013 Funda\u00e7\u00e3o de Turismo do Pantanal.<\/p>\n<p>HELINEY DE MIRANDA JUNIOR \u2013 Funda\u00e7\u00e3o de Esportes de Corumb\u00e1.<\/p>\n<p>MARCELO NUNES ARA\u00daJO \u2013 Secret\u00e1rio-Adjunto na Secretaria Municipal de Sa\u00fade.<\/p>\n<p>MARIA DO CARMO PROVENZANO DE ARRUDA BRUM \u2013 Secret\u00e1ria-Adjunto na Secretaria Municipal de Educa\u00e7\u00e3o.<\/p>\n<p>MABEL MARINHO SAHIB AGUILAR \u2013 Secret\u00e1rio-Adjunto na Secretaria Municipal de Assist\u00eancia Social e Cidadania.<\/p>\n<p>LUCIANO AGUILAR RODRIGUES LEITE \u2013 Secret\u00e1rio-Adjunto na Secretaria Municipal de Desenvolvimento Econ\u00f4mico e Sustent\u00e1vel.<\/p>\n<p>JOS\u00c9 LUIZ DE AQUINO AMORIM \u2013 Secret\u00e1rio-Adjunto na Secretaria Municipal de Seguran\u00e7a P\u00fablica e Defesa Social.<\/p>\n<p>\u00c9LBIO DOS SANTOS MENDON\u00c7A \u2013 Assessor Especial na Governadoria Municipal \u2013 Gabinete do Prefeito.<\/p>\n","protected":false},"excerpt":{"rendered":"<p>O prefeito Marcelo Iunes nomeou na noite desta sexta-feira, 1\u00ba de janeiro, seu secretariado para&#8230;<\/p>\n","protected":false},"author":70,"featured_media":0,"comment_status":"closed","ping_status":"closed","sticky":false,"template":"","format":"standard","meta":{"footnotes":""},"categories":[101,19],"tags":[],"class_list":["post-11711046","post","type-post","status-publish","format-standard","hentry","category-eleicoes","category-politica"],"_links":{"self":[{"href":"https:\/\/www.corumbaonline.com.br\/news\/wp-json\/wp\/v2\/posts\/11711046","targetHints":{"allow":["GET"]}}],"collection":[{"href":"https:\/\/www.corumbaonline.com.br\/news\/wp-json\/wp\/v2\/posts"}],"about":[{"href":"https:\/\/www.corumbaonline.com.br\/news\/wp-json\/wp\/v2\/types\/post"}],"author":[{"embeddable":true,"href":"https:\/\/www.corumbaonline.com.br\/news\/wp-json\/wp\/v2\/users\/70"}],"replies":[{"embeddable":true,"href":"https:\/\/www.corumbaonline.com.br\/news\/wp-json\/wp\/v2\/comments?post=11711046"}],"version-history":[{"count":1,"href":"https:\/\/www.corumbaonline.com.br\/news\/wp-json\/wp\/v2\/posts\/11711046\/revisions"}],"predecessor-version":[{"id":11711047,"href":"https:\/\/www.corumbaonline.com.br\/news\/wp-json\/wp\/v2\/posts\/11711046\/revisions\/11711047"}],"wp:attachment":[{"href":"https:\/\/www.corumbaonline.com.br\/news\/wp-json\/wp\/v2\/media?parent=11711046"}],"wp:term":[{"taxonomy":"category","embeddable":true,"href":"https:\/\/www.corumbaonline.com.br\/news\/wp-json\/wp\/v2\/categories?post=11711046"},{"taxonomy":"post_tag","embeddable":true,"href":"https:\/\/www.corumbaonline.com.br\/news\/wp-json\/wp\/v2\/tags?post=11711046"}],"curies":[{"name":"wp","href":"https:\/\/api.w.org\/{rel}","templated":true}]}}