{"id":11711050,"date":"2021-01-02T08:49:00","date_gmt":"2021-01-02T12:49:00","guid":{"rendered":"http:\/\/www.corumbaonline.com.br\/news\/?p=11711050"},"modified":"2021-01-02T12:53:08","modified_gmt":"2021-01-02T16:53:08","slug":"facanha-e-eleito-presidente-da-mesa-diretora-da-camara-de-corumba","status":"publish","type":"post","link":"https:\/\/www.corumbaonline.com.br\/news\/facanha-e-eleito-presidente-da-mesa-diretora-da-camara-de-corumba\/","title":{"rendered":"Fa\u00e7anha \u00e9 eleito presidente da Mesa Diretora da C\u00e2mara de Corumb\u00e1"},"content":{"rendered":"<p>Roberto Gomes Fa\u00e7anha \u00e9 o presidente da C\u00e2mara Municipal de Vereadores de Corumb\u00e1, bi\u00eanio 2021 \u2013 2022. A elei\u00e7\u00e3o aconteceu na noite de ontem, sexta-feira, 1\u00ba de janeiro, logo ap\u00f3s a solenidade que marcou a instala\u00e7\u00e3o da 62\u00aa Legislatura 2021 \u2013 2024, com a posse dos vereadores, bem como do prefeito Marcelo Iunes e do vice-prefeito Dirceu Migueis Pinto, todos eleitos no pleito de 15 de novembro de 2020.<\/p>\n<p>Apenas uma chapa concorreu \u00e0 Mesa Diretora do Poder Legislativo corumbaense. Antes de iniciar a vota\u00e7\u00e3o, o vereador Chic\u00e3o Vianna fez uso da palavra, para informar que havia retirado sua candidatura \u00e0 presid\u00eancia da Casa de Leis, salientado que prevaleceu o di\u00e1logo, e que refor\u00e7ou junto \u00e0 Fa\u00e7anha, sugest\u00f5es que faziam parte da sua pauta, caso fosse eleito.<\/p>\n<p>A vota\u00e7\u00e3o foi secreta e Roberto Fa\u00e7anha foi eleito com 14 votos a favor, com um anulado. A chapa foi completada por Manoel Rodrigues como primeiro vice-presidente, e Yussef Salla n a segunda vice-presid\u00eancia. Os dois receberam 13 votos a favor, e dois foram anulados.<\/p>\n<figure id=\"attachment_11711054\" aria-describedby=\"caption-attachment-11711054\" style=\"width: 300px\" class=\"wp-caption alignleft\"><a href=\"https:\/\/www.corumbaonline.com.br\/news\/wp-content\/uploads\/2021\/01\/foto115196.jpg\"><img loading=\"lazy\" decoding=\"async\" class=\"size-medium wp-image-11711054\" src=\"https:\/\/www.corumbaonline.com.br\/news\/wp-content\/uploads\/2021\/01\/foto115196-300x119.jpg\" alt=\"\" width=\"300\" height=\"119\" srcset=\"https:\/\/www.corumbaonline.com.br\/news\/wp-content\/uploads\/2021\/01\/foto115196-300x119.jpg 300w, https:\/\/www.corumbaonline.com.br\/news\/wp-content\/uploads\/2021\/01\/foto115196-1024x406.jpg 1024w, https:\/\/www.corumbaonline.com.br\/news\/wp-content\/uploads\/2021\/01\/foto115196-768x304.jpg 768w, https:\/\/www.corumbaonline.com.br\/news\/wp-content\/uploads\/2021\/01\/foto115196-600x238.jpg 600w, https:\/\/www.corumbaonline.com.br\/news\/wp-content\/uploads\/2021\/01\/foto115196.jpg 1280w\" sizes=\"auto, (max-width: 300px) 100vw, 300px\" \/><\/a><figcaption id=\"caption-attachment-11711054\" class=\"wp-caption-text\">Mesa diretora da C\u00e2mara Municipal (Foto: Assessoria de Comunica\u00e7\u00e3o)<\/figcaption><\/figure>\n<p>J\u00e1 a 1\u00aa Secretaria do Poder Legislativo corumbaense ficou Elinho Verde Frutti, eleito com 13 votos a favor, um contra e um nulo, enquanto o segundo secret\u00e1rio, Samyr Qualhada, recebeu 14 votos a favor e um nulo.<\/p>\n<p>A sess\u00e3o para elei\u00e7\u00e3o da Mesa Diretora foi dirigida pelo vereador Elinho Verde Frutti, o mais votado no pleito de novembro de 2020, e a posse aconteceu logo ap\u00f3s a contagem dos votos.<\/p>\n<p>EXPERI\u00caNCIA<\/p>\n<p>Esta \u00e9 a terceira vez que Roberto Fa\u00e7anha \u00e9 eleito presidente da C\u00e2mara de Corumb\u00e1. Antes, j\u00e1 havia presidido o Legislativo no bi\u00eanio 2003-2004 e 2019-2020. O vereador est\u00e1 em sua sexta legislatura. Foi eleito pela primeira vez em 1996, reeleito em 2000, 2004, 2012 e 2016. Em 2008 ficou na supl\u00eancia e assumiu a verean\u00e7a entre 2009 e 2011, por um per\u00edodo de 18 meses.<\/p>\n<p>Destacou a import\u00e2ncia de trabalhar de forma conjunta com todos os integrantes do Poder Legislativo, inclusive avaliando as sugest\u00f5es apresentadas pelos demais vereadores, como Chic\u00e3o Vianna que retirou sua candidatura, o mesmo ocorrendo com Ubiratan Canhete de Campos Filho, o Bira.<\/p>\n<p>Lembrou pontos positivos dos dois per\u00edodos em que presidiu a Casa de Leis, como devolu\u00e7\u00f5es de sobras do duod\u00e9cimo ao Poder Executivo. A \u00faltima vez foi recente, em dezembro de 2020: R$ 2,5 milh\u00f5es para aplica\u00e7\u00e3o na sa\u00fade e na educa\u00e7\u00e3o.<\/p>\n<p>\u201cIsso \u00e9 fruto de um trabalho em equipe, em conjunto com todos os vereadores, resultando em economia, permitindo devolver recursos para o Munic\u00edpio\u201d, destacou, lembrando o ano de 2020, quando o trabalho conjunto de todos os integrantes da casa, resultou n\u00e3o s\u00f3 na devolu\u00e7\u00e3o de sobras do duod\u00e9cimo, mas de outras a\u00e7\u00f5es importantes com reflexos positivos na popula\u00e7\u00e3o.<\/p>\n<p>\u201cO momento \u00e9 dif\u00edcil, triste. A pandemia da Covid-19 tem causado danos irrepar\u00e1veis, mortes, afetando diretamente nossa popula\u00e7\u00e3o. Uma das a\u00e7\u00f5es dos vereadores da legislatura passada, foi importante na implanta\u00e7\u00e3o do tratamento precoce contra essa doen\u00e7a, do Pronto Socorro \u00a0do Centro de Atendimento da Covid em nossa cidade\u201d, lembrou, refor\u00e7ando a import\u00e2ncia de um trabalho conjunto para assegurar mais conquistas e contribuir para o desenvolvimento da cidade.<\/p>\n<p>A elei\u00e7\u00e3o contou com a participa\u00e7\u00e3o dos 15 vereadores corumbaenses. Al\u00e9m dos novos integrantes da Mesa Diretora, participaram Ubiratan Canhete de Campos Filho \u2013 Bira; Chic\u00e3o Vianna (PSD); Raquel Bryk (PP); Alexandre Vasconcellos (PSDB); Luciano Costa (PSDB); Allex Dellas (Republicanos); Ga\u00facho da Pr\u00f3-Art (PP); Genilson Jos\u00e9 (PODE); Daniel Brambilla (PSL), e Nelsinho Dib (MDB).<\/p>\n","protected":false},"excerpt":{"rendered":"<p>Roberto Gomes Fa\u00e7anha \u00e9 o presidente da C\u00e2mara Municipal de Vereadores de Corumb\u00e1, bi\u00eanio 2021&#8230;<\/p>\n","protected":false},"author":9,"featured_media":11711055,"comment_status":"closed","ping_status":"closed","sticky":false,"template":"","format":"standard","meta":{"footnotes":""},"categories":[8,101,19],"tags":[],"class_list":["post-11711050","post","type-post","status-publish","format-standard","has-post-thumbnail","hentry","category-destaque","category-eleicoes","category-politica"],"_links":{"self":[{"href":"https:\/\/www.corumbaonline.com.br\/news\/wp-json\/wp\/v2\/posts\/11711050","targetHints":{"allow":["GET"]}}],"collection":[{"href":"https:\/\/www.corumbaonline.com.br\/news\/wp-json\/wp\/v2\/posts"}],"about":[{"href":"https:\/\/www.corumbaonline.com.br\/news\/wp-json\/wp\/v2\/types\/post"}],"author":[{"embeddable":true,"href":"https:\/\/www.corumbaonline.com.br\/news\/wp-json\/wp\/v2\/users\/9"}],"replies":[{"embeddable":true,"href":"https:\/\/www.corumbaonline.com.br\/news\/wp-json\/wp\/v2\/comments?post=11711050"}],"version-history":[{"count":2,"href":"https:\/\/www.corumbaonline.com.br\/news\/wp-json\/wp\/v2\/posts\/11711050\/revisions"}],"predecessor-version":[{"id":11711056,"href":"https:\/\/www.corumbaonline.com.br\/news\/wp-json\/wp\/v2\/posts\/11711050\/revisions\/11711056"}],"wp:featuredmedia":[{"embeddable":true,"href":"https:\/\/www.corumbaonline.com.br\/news\/wp-json\/wp\/v2\/media\/11711055"}],"wp:attachment":[{"href":"https:\/\/www.corumbaonline.com.br\/news\/wp-json\/wp\/v2\/media?parent=11711050"}],"wp:term":[{"taxonomy":"category","embeddable":true,"href":"https:\/\/www.corumbaonline.com.br\/news\/wp-json\/wp\/v2\/categories?post=11711050"},{"taxonomy":"post_tag","embeddable":true,"href":"https:\/\/www.corumbaonline.com.br\/news\/wp-json\/wp\/v2\/tags?post=11711050"}],"curies":[{"name":"wp","href":"https:\/\/api.w.org\/{rel}","templated":true}]}}