{"id":11711065,"date":"2021-01-03T10:15:00","date_gmt":"2021-01-03T14:15:00","guid":{"rendered":"http:\/\/www.corumbaonline.com.br\/news\/?p=11711065"},"modified":"2021-01-03T10:58:39","modified_gmt":"2021-01-03T14:58:39","slug":"criar-postos-de-trabalho-construir-escolas-melhorar-a-saude-e-estruturar-corumba-sao-as-metas-do-prefeito-marcelo-iunes","status":"publish","type":"post","link":"https:\/\/www.corumbaonline.com.br\/news\/criar-postos-de-trabalho-construir-escolas-melhorar-a-saude-e-estruturar-corumba-sao-as-metas-do-prefeito-marcelo-iunes\/","title":{"rendered":"Criar postos de trabalho, construir escolas, melhorar a sa\u00fade e estruturar Corumb\u00e1 s\u00e3o as metas do prefeito Marcelo Iunes"},"content":{"rendered":"<p>O prefeito Marcelo Iunes foi empossado na noite desta sexta-feira, 1\u00ba de janeiro, para mais quatro anos como prefeito de Corumb\u00e1. A solenidade foi realizada na C\u00e2mara de Vereadores, seguindo todas as medidas de biosseguran\u00e7a para evitar o cont\u00e1gio e a propaga\u00e7\u00e3o da Covid-19. No \u00faltimo dia 28 de dezembro, o vice-prefeito Dirceu Migu\u00e9is foi diagnosticado com a doen\u00e7a e por isso foi representado no ato pelo seu filho, Dirceu Migu\u00e9is Junior.<\/p>\n<p>\u201cQuero agradecer ao meu companheiro nesta jornada, um homem que fez a campanha com todo seu cora\u00e7\u00e3o e falou por homens e mulheres com quem cresceu nas ruas de Corumb\u00e1 e muito acrescentar\u00e1 o sua vasta experi\u00eancia, o vice-prefeito de Corumb\u00e1, Dirceu Migu\u00e9is\u201d, destacou Marcelo Iunes em seu discurso de posse.<\/p>\n<p><img loading=\"lazy\" decoding=\"async\" class=\"alignnone size-full wp-image-108416\" src=\"https:\/\/www.corumba.ms.gov.br\/wp-content\/uploads\/2021\/01\/WhatsApp-Image-2021-01-01-at-23.47.31.jpeg\" sizes=\"auto, (max-width: 1200px) 100vw, 1200px\" srcset=\"https:\/\/www.corumba.ms.gov.br\/wp-content\/uploads\/2021\/01\/WhatsApp-Image-2021-01-01-at-23.47.31.jpeg 1200w, https:\/\/www.corumba.ms.gov.br\/wp-content\/uploads\/2021\/01\/WhatsApp-Image-2021-01-01-at-23.47.31-300x200.jpeg 300w, https:\/\/www.corumba.ms.gov.br\/wp-content\/uploads\/2021\/01\/WhatsApp-Image-2021-01-01-at-23.47.31-1024x683.jpeg 1024w, https:\/\/www.corumba.ms.gov.br\/wp-content\/uploads\/2021\/01\/WhatsApp-Image-2021-01-01-at-23.47.31-768x512.jpeg 768w\" alt=\"\" width=\"1200\" height=\"800\" \/><\/p>\n<p>\u201cAinda dentro dos agradecimentos, n\u00e3o estaria aqui esta noite sem o apoio incondicional da minha melhor amiga e companheira nos \u00faltimos 13 anos, o pilar da nossa fam\u00edlia, o amor da minha vida, a atual e a pr\u00f3xima primeira dama de Corumb\u00e1, Amanda Balancieri Iunes. Marcelinho, Mateus e Murilo. Amo-vos mais do que podem imaginar\u201d, continuou o prefeito referindo-se \u00e0 sua esposa e seus tr\u00eas filhos. Por causa das a\u00e7\u00f5es de biosseguran\u00e7a, apenas Amanda acompanhou, na C\u00e2mara, a cerim\u00f4nia de posse.<\/p>\n<p>O prefeito reeleito de Corumb\u00e1 tamb\u00e9m agradeceu seus irm\u00e3os e, emocionado, lembrou dos pais, ambos j\u00e1 falecidos. \u201cApesar de j\u00e1 n\u00e3o estarem entre n\u00f3s, sei que meus saudosos pais Aziss e C\u00e9lia est\u00e3o a nos ver com o restante da minha fam\u00edlia que fizeram de mim quem eu sou. Sinto diariamente a vossa falta. Sei que minha d\u00edvida para com os senhores n\u00e3o \u00e9 mensur\u00e1vel. Ensinaram-me como amar o pr\u00f3ximo e verdadeiramente nossa capital do Pantanal\u201d.<\/p>\n<figure id=\"attachment_108418\" class=\"wp-caption alignnone\" aria-describedby=\"caption-attachment-108418\"><img loading=\"lazy\" decoding=\"async\" class=\"size-full wp-image-108418\" src=\"https:\/\/www.corumba.ms.gov.br\/wp-content\/uploads\/2021\/01\/WhatsApp-Image-2021-01-01-at-23.48.40.jpeg\" sizes=\"auto, (max-width: 1200px) 100vw, 1200px\" srcset=\"https:\/\/www.corumba.ms.gov.br\/wp-content\/uploads\/2021\/01\/WhatsApp-Image-2021-01-01-at-23.48.40.jpeg 1200w, https:\/\/www.corumba.ms.gov.br\/wp-content\/uploads\/2021\/01\/WhatsApp-Image-2021-01-01-at-23.48.40-300x207.jpeg 300w, https:\/\/www.corumba.ms.gov.br\/wp-content\/uploads\/2021\/01\/WhatsApp-Image-2021-01-01-at-23.48.40-1024x706.jpeg 1024w, https:\/\/www.corumba.ms.gov.br\/wp-content\/uploads\/2021\/01\/WhatsApp-Image-2021-01-01-at-23.48.40-768x529.jpeg 768w\" alt=\"\" width=\"1200\" height=\"827\" \/><figcaption id=\"caption-attachment-108418\" class=\"wp-caption-text\">Posse prefeito e vereadores<\/figcaption><\/figure>\n<p>Iunes tamb\u00e9m discursou sobre os desafios para esta pr\u00f3xima gest\u00e3o. \u201cSabemos que eu voto n\u00e3o me foi confiado somente para ganhar a elei\u00e7\u00e3o, mas sim porque perceberam a enorme tarefa que nos espera. Porque apesar de celebrarmos esta noite, sabemos que os desafios que o dia de amanh\u00e3 nos tr\u00e1s s\u00e3o os maiores da nossa vida, pois temos compromisso com o desenvolvimento de Corumb\u00e1\u201d, afirmou o prefeito, que prosseguiu:<\/p>\n<p>\u201cTemos que rentabilizar a nossa energia, criar novos portos de trabalho, construir novas escolas, melhorar a Sa\u00fade P\u00fablica Corumbaense, estruturar nossa cidade. O caminho que nos espera \u00e9 longo. Os nossos desafios s\u00e3o dif\u00edcil. Podemos n\u00e3o chegar l\u00e1 num ano ou mesmo num mandato. Mas, em Corumb\u00e1, nunca tive tanta esperan\u00e7a como a que tenho hoje de chegarmos l\u00e1. Vamos unir-vos num novo esp\u00edrito de fraternidade e responsabilidade, em que cada um de n\u00f3s resolva participar e trabalhar mais e olhar n\u00e3o s\u00f3 pra n\u00f3s mesmos, mas tamb\u00e9m pelos outros, especialmente aos que mais necessitam\u201d.<\/p>\n<p>O prefeito encerrou seu discurso assegurando \u00e0 popula\u00e7\u00e3o que muitas coisas boas est\u00e3o por vir para toda cidade. E aqui estamos n\u00f3s, frente a frente com o cinismo e as d\u00favidas daqueles que nos dizem que n\u00e3o somos capazes, e a quem respondemos com o credo intemporal que representa o esp\u00edrito de um povo humilde e batalhador: com toda certeza, somos muito capacitados de fazer coisas incr\u00edveis procurar Corumb\u00e1 e pelas nossas fam\u00edlias\u201d, encerrou Marcelo Iunes.<\/p>\n<p>A sess\u00e3o solene de posse foi presidida pelo vereador Elio Moreira Filho, o mais votado no \u00faltimo pleito. O deputado estadual Evander Vendramini tamb\u00e9m prestigiou a solenidade. O vereadores Alex Prado Dela foi quem discursou representando todos os demais vereadores. Ao final, foi decidida tamb\u00e9m a mesa diretora do Legislativo municipal para o pr\u00f3ximo bi\u00eanio.<\/p>\n<p>Roberto Gomes Fa\u00e7anha \u00e9 o presidente da C\u00e2mara Municipal de Vereadores de Corumb\u00e1. A chapa foi completada por Manoel Rodrigues como primeiro vice-presidente, e Yussef Salla na segunda vice-presid\u00eancia. J\u00e1 a 1\u00aa Secretaria do Poder Legislativo corumbaense ficou Elinho Verde Frutti, enquanto o segundo secret\u00e1rio \u00e9 Samyr Qualhada.<\/p>\n<div id=\"gallery-1\" class=\"gallery galleryid-108412 gallery-columns-3 gallery-size-large\">\n<figure class=\"gallery-item\">\n<div class=\"gallery-icon landscape\"><a href=\"https:\/\/www.corumba.ms.gov.br\/2021\/01\/criar-postos-de-trabalho-construir-escolas-melhorar-a-saude-e-estruturar-corumba-sao-as-metas-do-prefeito-marcelo-iunes\/whatsapp-image-2021-01-01-at-23-47-30-1\/\"><img loading=\"lazy\" decoding=\"async\" class=\"attachment-large size-large\" src=\"https:\/\/www.corumba.ms.gov.br\/wp-content\/uploads\/2021\/01\/WhatsApp-Image-2021-01-01-at-23.47.30-1-1024x683.jpeg\" sizes=\"auto, (max-width: 1024px) 100vw, 1024px\" srcset=\"https:\/\/www.corumba.ms.gov.br\/wp-content\/uploads\/2021\/01\/WhatsApp-Image-2021-01-01-at-23.47.30-1-1024x683.jpeg 1024w, https:\/\/www.corumba.ms.gov.br\/wp-content\/uploads\/2021\/01\/WhatsApp-Image-2021-01-01-at-23.47.30-1-300x200.jpeg 300w, https:\/\/www.corumba.ms.gov.br\/wp-content\/uploads\/2021\/01\/WhatsApp-Image-2021-01-01-at-23.47.30-1-768x512.jpeg 768w, https:\/\/www.corumba.ms.gov.br\/wp-content\/uploads\/2021\/01\/WhatsApp-Image-2021-01-01-at-23.47.30-1.jpeg 1200w\" alt=\"\" width=\"1024\" height=\"683\" aria-describedby=\"gallery-1-108420\" \/><\/a><\/div><figcaption id=\"gallery-1-108420\" class=\"wp-caption-text gallery-caption\">Posse prefeito e vereadores \u2013 Fotos Ren\u00ea Marcio Carneiro<\/figcaption><\/figure>\n<figure class=\"gallery-item\">\n<div class=\"gallery-icon landscape\"><a href=\"https:\/\/www.corumba.ms.gov.br\/2021\/01\/criar-postos-de-trabalho-construir-escolas-melhorar-a-saude-e-estruturar-corumba-sao-as-metas-do-prefeito-marcelo-iunes\/whatsapp-image-2021-01-01-at-23-47-30-2\/\"><img loading=\"lazy\" decoding=\"async\" class=\"attachment-large size-large\" src=\"https:\/\/www.corumba.ms.gov.br\/wp-content\/uploads\/2021\/01\/WhatsApp-Image-2021-01-01-at-23.47.30-2-1024x683.jpeg\" sizes=\"auto, (max-width: 1024px) 100vw, 1024px\" srcset=\"https:\/\/www.corumba.ms.gov.br\/wp-content\/uploads\/2021\/01\/WhatsApp-Image-2021-01-01-at-23.47.30-2-1024x683.jpeg 1024w, https:\/\/www.corumba.ms.gov.br\/wp-content\/uploads\/2021\/01\/WhatsApp-Image-2021-01-01-at-23.47.30-2-300x200.jpeg 300w, https:\/\/www.corumba.ms.gov.br\/wp-content\/uploads\/2021\/01\/WhatsApp-Image-2021-01-01-at-23.47.30-2-768x512.jpeg 768w, https:\/\/www.corumba.ms.gov.br\/wp-content\/uploads\/2021\/01\/WhatsApp-Image-2021-01-01-at-23.47.30-2.jpeg 1200w\" alt=\"\" width=\"1024\" height=\"683\" aria-describedby=\"gallery-1-108421\" \/><\/a><\/div><figcaption id=\"gallery-1-108421\" class=\"wp-caption-text gallery-caption\">Posse prefeito e vereadores \u2013 Fotos Ren\u00ea Marcio Carneiro<\/figcaption><\/figure>\n<figure class=\"gallery-item\">\n<div class=\"gallery-icon landscape\"><a href=\"https:\/\/www.corumba.ms.gov.br\/2021\/01\/criar-postos-de-trabalho-construir-escolas-melhorar-a-saude-e-estruturar-corumba-sao-as-metas-do-prefeito-marcelo-iunes\/whatsapp-image-2021-01-01-at-23-47-30\/\"><img loading=\"lazy\" decoding=\"async\" class=\"attachment-large size-large\" src=\"https:\/\/www.corumba.ms.gov.br\/wp-content\/uploads\/2021\/01\/WhatsApp-Image-2021-01-01-at-23.47.30-1024x683.jpeg\" sizes=\"auto, (max-width: 1024px) 100vw, 1024px\" srcset=\"https:\/\/www.corumba.ms.gov.br\/wp-content\/uploads\/2021\/01\/WhatsApp-Image-2021-01-01-at-23.47.30-1024x683.jpeg 1024w, https:\/\/www.corumba.ms.gov.br\/wp-content\/uploads\/2021\/01\/WhatsApp-Image-2021-01-01-at-23.47.30-300x200.jpeg 300w, https:\/\/www.corumba.ms.gov.br\/wp-content\/uploads\/2021\/01\/WhatsApp-Image-2021-01-01-at-23.47.30-768x512.jpeg 768w, https:\/\/www.corumba.ms.gov.br\/wp-content\/uploads\/2021\/01\/WhatsApp-Image-2021-01-01-at-23.47.30.jpeg 1200w\" alt=\"\" width=\"1024\" height=\"683\" aria-describedby=\"gallery-1-108422\" \/><\/a><\/div><figcaption id=\"gallery-1-108422\" class=\"wp-caption-text gallery-caption\">Posse prefeito e vereadores \u2013 Fotos Ren\u00ea Marcio Carneiro<\/figcaption><\/figure>\n<figure class=\"gallery-item\">\n<div class=\"gallery-icon landscape\"><a href=\"https:\/\/www.corumba.ms.gov.br\/2021\/01\/criar-postos-de-trabalho-construir-escolas-melhorar-a-saude-e-estruturar-corumba-sao-as-metas-do-prefeito-marcelo-iunes\/whatsapp-image-2021-01-01-at-23-48-41\/\"><img loading=\"lazy\" decoding=\"async\" class=\"attachment-large size-large\" src=\"https:\/\/www.corumba.ms.gov.br\/wp-content\/uploads\/2021\/01\/WhatsApp-Image-2021-01-01-at-23.48.41-1024x683.jpeg\" sizes=\"auto, (max-width: 1024px) 100vw, 1024px\" srcset=\"https:\/\/www.corumba.ms.gov.br\/wp-content\/uploads\/2021\/01\/WhatsApp-Image-2021-01-01-at-23.48.41-1024x683.jpeg 1024w, https:\/\/www.corumba.ms.gov.br\/wp-content\/uploads\/2021\/01\/WhatsApp-Image-2021-01-01-at-23.48.41-300x200.jpeg 300w, https:\/\/www.corumba.ms.gov.br\/wp-content\/uploads\/2021\/01\/WhatsApp-Image-2021-01-01-at-23.48.41-768x512.jpeg 768w, https:\/\/www.corumba.ms.gov.br\/wp-content\/uploads\/2021\/01\/WhatsApp-Image-2021-01-01-at-23.48.41.jpeg 1200w\" alt=\"\" width=\"1024\" height=\"683\" aria-describedby=\"gallery-1-108423\" \/><\/a><\/div><figcaption id=\"gallery-1-108423\" class=\"wp-caption-text gallery-caption\">Posse prefeito e vereadores \u2013 Fotos Ren\u00ea Marcio Carneiro<\/figcaption><\/figure>\n<figure class=\"gallery-item\">\n<div class=\"gallery-icon landscape\"><a href=\"https:\/\/www.corumba.ms.gov.br\/2021\/01\/criar-postos-de-trabalho-construir-escolas-melhorar-a-saude-e-estruturar-corumba-sao-as-metas-do-prefeito-marcelo-iunes\/whatsapp-image-2021-01-01-at-23-48-42-1-2\/\"><img loading=\"lazy\" decoding=\"async\" class=\"attachment-large size-large\" src=\"https:\/\/www.corumba.ms.gov.br\/wp-content\/uploads\/2021\/01\/WhatsApp-Image-2021-01-01-at-23.48.42-1-1-1024x706.jpeg\" sizes=\"auto, (max-width: 1024px) 100vw, 1024px\" srcset=\"https:\/\/www.corumba.ms.gov.br\/wp-content\/uploads\/2021\/01\/WhatsApp-Image-2021-01-01-at-23.48.42-1-1-1024x706.jpeg 1024w, https:\/\/www.corumba.ms.gov.br\/wp-content\/uploads\/2021\/01\/WhatsApp-Image-2021-01-01-at-23.48.42-1-1-300x207.jpeg 300w, https:\/\/www.corumba.ms.gov.br\/wp-content\/uploads\/2021\/01\/WhatsApp-Image-2021-01-01-at-23.48.42-1-1-768x529.jpeg 768w, https:\/\/www.corumba.ms.gov.br\/wp-content\/uploads\/2021\/01\/WhatsApp-Image-2021-01-01-at-23.48.42-1-1.jpeg 1200w\" alt=\"\" width=\"1024\" height=\"706\" aria-describedby=\"gallery-1-108424\" \/><\/a><\/div><figcaption id=\"gallery-1-108424\" class=\"wp-caption-text gallery-caption\">Posse prefeito e vereadores \u2013 Fotos Ren\u00ea Marcio Carneiro<\/figcaption><\/figure>\n<figure class=\"gallery-item\">\n<div class=\"gallery-icon landscape\"><a href=\"https:\/\/www.corumba.ms.gov.br\/2021\/01\/criar-postos-de-trabalho-construir-escolas-melhorar-a-saude-e-estruturar-corumba-sao-as-metas-do-prefeito-marcelo-iunes\/whatsapp-image-2021-01-01-at-23-48-42-3\/\"><img loading=\"lazy\" decoding=\"async\" class=\"attachment-large size-large\" src=\"https:\/\/www.corumba.ms.gov.br\/wp-content\/uploads\/2021\/01\/WhatsApp-Image-2021-01-01-at-23.48.42-3-1024x683.jpeg\" sizes=\"auto, (max-width: 1024px) 100vw, 1024px\" srcset=\"https:\/\/www.corumba.ms.gov.br\/wp-content\/uploads\/2021\/01\/WhatsApp-Image-2021-01-01-at-23.48.42-3-1024x683.jpeg 1024w, https:\/\/www.corumba.ms.gov.br\/wp-content\/uploads\/2021\/01\/WhatsApp-Image-2021-01-01-at-23.48.42-3-300x200.jpeg 300w, https:\/\/www.corumba.ms.gov.br\/wp-content\/uploads\/2021\/01\/WhatsApp-Image-2021-01-01-at-23.48.42-3-768x512.jpeg 768w, https:\/\/www.corumba.ms.gov.br\/wp-content\/uploads\/2021\/01\/WhatsApp-Image-2021-01-01-at-23.48.42-3.jpeg 1200w\" alt=\"\" width=\"1024\" height=\"683\" aria-describedby=\"gallery-1-108425\" \/><\/a><\/div><figcaption id=\"gallery-1-108425\" class=\"wp-caption-text gallery-caption\">Posse prefeito e vereadores \u2013 Fotos Ren\u00ea Marcio Carneiro<\/figcaption><\/figure>\n<\/div>\n","protected":false},"excerpt":{"rendered":"<p>O prefeito Marcelo Iunes foi empossado na noite desta sexta-feira, 1\u00ba de janeiro, para mais&#8230;<\/p>\n","protected":false},"author":70,"featured_media":11711067,"comment_status":"closed","ping_status":"closed","sticky":false,"template":"","format":"standard","meta":{"footnotes":""},"categories":[101,19],"tags":[],"class_list":["post-11711065","post","type-post","status-publish","format-standard","has-post-thumbnail","hentry","category-eleicoes","category-politica"],"_links":{"self":[{"href":"https:\/\/www.corumbaonline.com.br\/news\/wp-json\/wp\/v2\/posts\/11711065","targetHints":{"allow":["GET"]}}],"collection":[{"href":"https:\/\/www.corumbaonline.com.br\/news\/wp-json\/wp\/v2\/posts"}],"about":[{"href":"https:\/\/www.corumbaonline.com.br\/news\/wp-json\/wp\/v2\/types\/post"}],"author":[{"embeddable":true,"href":"https:\/\/www.corumbaonline.com.br\/news\/wp-json\/wp\/v2\/users\/70"}],"replies":[{"embeddable":true,"href":"https:\/\/www.corumbaonline.com.br\/news\/wp-json\/wp\/v2\/comments?post=11711065"}],"version-history":[{"count":1,"href":"https:\/\/www.corumbaonline.com.br\/news\/wp-json\/wp\/v2\/posts\/11711065\/revisions"}],"predecessor-version":[{"id":11711068,"href":"https:\/\/www.corumbaonline.com.br\/news\/wp-json\/wp\/v2\/posts\/11711065\/revisions\/11711068"}],"wp:featuredmedia":[{"embeddable":true,"href":"https:\/\/www.corumbaonline.com.br\/news\/wp-json\/wp\/v2\/media\/11711067"}],"wp:attachment":[{"href":"https:\/\/www.corumbaonline.com.br\/news\/wp-json\/wp\/v2\/media?parent=11711065"}],"wp:term":[{"taxonomy":"category","embeddable":true,"href":"https:\/\/www.corumbaonline.com.br\/news\/wp-json\/wp\/v2\/categories?post=11711065"},{"taxonomy":"post_tag","embeddable":true,"href":"https:\/\/www.corumbaonline.com.br\/news\/wp-json\/wp\/v2\/tags?post=11711065"}],"curies":[{"name":"wp","href":"https:\/\/api.w.org\/{rel}","templated":true}]}}