{"id":11711102,"date":"2021-01-04T09:41:00","date_gmt":"2021-01-04T13:41:00","guid":{"rendered":"http:\/\/www.corumbaonline.com.br\/news\/?p=11711102"},"modified":"2021-01-04T10:57:17","modified_gmt":"2021-01-04T14:57:17","slug":"sesc-cultura-abre-programacao-de-2021-com-exposicao-artistica-e-cinema","status":"publish","type":"post","link":"https:\/\/www.corumbaonline.com.br\/news\/sesc-cultura-abre-programacao-de-2021-com-exposicao-artistica-e-cinema\/","title":{"rendered":"Sesc Cultura abre programa\u00e7\u00e3o de 2021 com exposi\u00e7\u00e3o art\u00edstica e cinema"},"content":{"rendered":"<p>O Sesc Cultura abre a programa\u00e7\u00e3o de 2021 com artes pl\u00e1sticas e cinema, programa\u00e7\u00e3o inteiramente gratuita.<\/p>\n<p>Nesta ter\u00e7a-feira (5) \u00e0s 19 horas, haver\u00e1 a vernissage de abertura da exposi\u00e7\u00e3o &#8220;Entrega&#8221; com obras de Thetis Selingardi, produzidas ao longo das \u00faltimas quatro d\u00e9cadas, incluindo esculturas e colagens.<\/p>\n<p>Destaca-se seu estilo expressionista abstrato que traduz toda sua pot\u00eancia e for\u00e7a pelas pinceladas e cores intensas, e ao mesmo tempo revela seu lado mais sens\u00edvel e \u00edntimo. A exposi\u00e7\u00e3o estar\u00e1 aberta para visita\u00e7\u00e3o at\u00e9 mar\u00e7o, das 13h \u00e0s 21h.<\/p>\n<p>Tamb\u00e9m no dia 05 de janeiro come\u00e7am os cursos de Artes Visuais: T\u00e9cnicas de Pintura, Express\u00e3o em Desenho e Modelagem e Cer\u00e2mica Curso, todos na modalidade presencial, com aulas at\u00e9 dezembro.<br \/>\n<b><br \/>\nCine Sesc \u2013<\/b>\u00a0Nos dias 6, quarta-feira, \u00e0s 19 horas \u00a0e 8 de janeiro, sexta-feira, em sess\u00f5es \u00e0s 15h e 19 horas, o Cine Sesc exibe \u00a0o longa Ar\u00e1bia (2018), com dire\u00e7\u00e3o de Affonso Uchoa, Jo\u00e3o Dumans. O drama brasileiro, que foi vencedor do 50\u00ba Festival de Bras\u00edlia do Cinema Brasileiro, se passa em Ouro Preto, Minas Gerais. Um jovem (Murilo Caliari) encontra por acaso o di\u00e1rio de um oper\u00e1rio metal\u00fargico que sofreu um acidente e por suas mem\u00f3rias embarca numa jornada pelas condi\u00e7\u00f5es de vida de trabalhadores marginalizados.<\/p>\n<p>A programa\u00e7\u00e3o, que marca a retomada das sess\u00f5es do Cine Sesc, ter\u00e1 filmes que prop\u00f5em ao espectador aproxima\u00e7\u00f5es com as din\u00e2micas e subjetividades de personagens brasileiros.<\/p>\n","protected":false},"excerpt":{"rendered":"<p>O Sesc Cultura abre a programa\u00e7\u00e3o de 2021 com artes pl\u00e1sticas e cinema, programa\u00e7\u00e3o inteiramente&#8230;<\/p>\n","protected":false},"author":9,"featured_media":0,"comment_status":"closed","ping_status":"closed","sticky":false,"template":"","format":"standard","meta":{"footnotes":""},"categories":[7],"tags":[],"class_list":["post-11711102","post","type-post","status-publish","format-standard","hentry","category-cultura"],"_links":{"self":[{"href":"https:\/\/www.corumbaonline.com.br\/news\/wp-json\/wp\/v2\/posts\/11711102","targetHints":{"allow":["GET"]}}],"collection":[{"href":"https:\/\/www.corumbaonline.com.br\/news\/wp-json\/wp\/v2\/posts"}],"about":[{"href":"https:\/\/www.corumbaonline.com.br\/news\/wp-json\/wp\/v2\/types\/post"}],"author":[{"embeddable":true,"href":"https:\/\/www.corumbaonline.com.br\/news\/wp-json\/wp\/v2\/users\/9"}],"replies":[{"embeddable":true,"href":"https:\/\/www.corumbaonline.com.br\/news\/wp-json\/wp\/v2\/comments?post=11711102"}],"version-history":[{"count":1,"href":"https:\/\/www.corumbaonline.com.br\/news\/wp-json\/wp\/v2\/posts\/11711102\/revisions"}],"predecessor-version":[{"id":11711103,"href":"https:\/\/www.corumbaonline.com.br\/news\/wp-json\/wp\/v2\/posts\/11711102\/revisions\/11711103"}],"wp:attachment":[{"href":"https:\/\/www.corumbaonline.com.br\/news\/wp-json\/wp\/v2\/media?parent=11711102"}],"wp:term":[{"taxonomy":"category","embeddable":true,"href":"https:\/\/www.corumbaonline.com.br\/news\/wp-json\/wp\/v2\/categories?post=11711102"},{"taxonomy":"post_tag","embeddable":true,"href":"https:\/\/www.corumbaonline.com.br\/news\/wp-json\/wp\/v2\/tags?post=11711102"}],"curies":[{"name":"wp","href":"https:\/\/api.w.org\/{rel}","templated":true}]}}