{"id":11711107,"date":"2021-01-04T10:10:00","date_gmt":"2021-01-04T14:10:00","guid":{"rendered":"http:\/\/www.corumbaonline.com.br\/news\/?p=11711107"},"modified":"2021-01-04T11:25:43","modified_gmt":"2021-01-04T15:25:43","slug":"bombeiros-combatem-incendio-em-residencia-na-area-central","status":"publish","type":"post","link":"https:\/\/www.corumbaonline.com.br\/news\/bombeiros-combatem-incendio-em-residencia-na-area-central\/","title":{"rendered":"Bombeiros combatem inc\u00eandio em resid\u00eancia na \u00e1rea central"},"content":{"rendered":"<p class=\"MsoNormal\">As 6h30 de hoje, 4 de janeiro, a equipe do Corpo de Bombeiros Militar de Corumb\u00e1 foi acionada via 193 para combater um inc\u00eandio em uma resid\u00eancia na alameda Bras\u00edlia esquina com a rua Albuquerque, \u00e1rea central da cidade.<\/p>\n<p class=\"MsoNormal\">No local, a equipe de combate inc\u00eandio e salvamento realizou a extin\u00e7\u00e3o do fogo de m\u00e9dia propor\u00e7\u00e3o e verificou que no momento n\u00e3o havia ningu\u00e9m no im\u00f3vel. Segundo os bombeiros, o inc\u00eandio teve in\u00edcio em um c\u00f4modo, provavelmente devido a um curto circuito na rede el\u00e9trica, em um fio de \u201cextens\u00e3o\u201d onde estavam v\u00e1rios aparelhos el\u00e9tricos plugados. Ap\u00f3s combate, extin\u00e7\u00e3o e rescaldo do inc\u00eandio, a equipe constatou perda de in\u00fameras pe\u00e7as de roupas, uma geladeira, um fog\u00e3o, um guarda-roupas e um armarinho.<\/p>\n","protected":false},"excerpt":{"rendered":"<p>As 6h30 de hoje, 4 de janeiro, a equipe do Corpo de Bombeiros Militar de&#8230;<\/p>\n","protected":false},"author":6,"featured_media":11711108,"comment_status":"closed","ping_status":"closed","sticky":false,"template":"","format":"standard","meta":{"footnotes":""},"categories":[18],"tags":[],"class_list":["post-11711107","post","type-post","status-publish","format-standard","has-post-thumbnail","hentry","category-seguranca"],"_links":{"self":[{"href":"https:\/\/www.corumbaonline.com.br\/news\/wp-json\/wp\/v2\/posts\/11711107","targetHints":{"allow":["GET"]}}],"collection":[{"href":"https:\/\/www.corumbaonline.com.br\/news\/wp-json\/wp\/v2\/posts"}],"about":[{"href":"https:\/\/www.corumbaonline.com.br\/news\/wp-json\/wp\/v2\/types\/post"}],"author":[{"embeddable":true,"href":"https:\/\/www.corumbaonline.com.br\/news\/wp-json\/wp\/v2\/users\/6"}],"replies":[{"embeddable":true,"href":"https:\/\/www.corumbaonline.com.br\/news\/wp-json\/wp\/v2\/comments?post=11711107"}],"version-history":[{"count":1,"href":"https:\/\/www.corumbaonline.com.br\/news\/wp-json\/wp\/v2\/posts\/11711107\/revisions"}],"predecessor-version":[{"id":11711109,"href":"https:\/\/www.corumbaonline.com.br\/news\/wp-json\/wp\/v2\/posts\/11711107\/revisions\/11711109"}],"wp:featuredmedia":[{"embeddable":true,"href":"https:\/\/www.corumbaonline.com.br\/news\/wp-json\/wp\/v2\/media\/11711108"}],"wp:attachment":[{"href":"https:\/\/www.corumbaonline.com.br\/news\/wp-json\/wp\/v2\/media?parent=11711107"}],"wp:term":[{"taxonomy":"category","embeddable":true,"href":"https:\/\/www.corumbaonline.com.br\/news\/wp-json\/wp\/v2\/categories?post=11711107"},{"taxonomy":"post_tag","embeddable":true,"href":"https:\/\/www.corumbaonline.com.br\/news\/wp-json\/wp\/v2\/tags?post=11711107"}],"curies":[{"name":"wp","href":"https:\/\/api.w.org\/{rel}","templated":true}]}}