{"id":11711121,"date":"2021-01-04T11:21:00","date_gmt":"2021-01-04T15:21:00","guid":{"rendered":"http:\/\/www.corumbaonline.com.br\/news\/?p=11711121"},"modified":"2021-01-04T11:55:07","modified_gmt":"2021-01-04T15:55:07","slug":"governador-anuncia-r-56-milhoes-para-combate-permanente-de-incendios-florestais","status":"publish","type":"post","link":"https:\/\/www.corumbaonline.com.br\/news\/governador-anuncia-r-56-milhoes-para-combate-permanente-de-incendios-florestais\/","title":{"rendered":"Governador anuncia R$ 56 milh\u00f5es para combate permanente de inc\u00eandios florestais"},"content":{"rendered":"<p>O governador Reinaldo Azambuja lan\u00e7ou o Plano Estadual de Combate a Inc\u00eandio Florestal, que vai reestruturar as for\u00e7as operacionais de Mato Grosso do Sul visando a conserva\u00e7\u00e3o e preserva\u00e7\u00e3o dos recursos naturais do Estado e a vida das pessoas.<\/p>\n<p>Ser\u00e3o investidos R$ 56,6 milh\u00f5es de recursos pr\u00f3prios na compra de ve\u00edculos e equipamentos, incluindo um avi\u00e3o Air Tractor, modelo norte-americano capacitado para combate de alta precis\u00e3o a inc\u00eandios florestais, al\u00e9m de treinamento dos bombeiros.\u00a0O investimento em tecnologia refor\u00e7a as miss\u00f5es de combate aos focos de calor, como as que ocorreram no ano passado no Pantanal e no Cerrado.<\/p>\n<p>O Plano de Trabalho de Combate a Inc\u00eandio Florestal, elaborado pela Semagro (secretaria de Meio Ambiente, Desenvolvimento Econ\u00f4mico, produ\u00e7\u00e3o e Agricultura Familiar) e Sejusp (secretaria de Justi\u00e7a e Seguran\u00e7a P\u00fablica) antecipa as estrat\u00e9gias e intensifica as a\u00e7\u00f5es de preven\u00e7\u00e3o e controle, fundamentais para reduzir os danos ambientais e proteger as comunidades ribeirinhas.<\/p>\n<p>Al\u00e9m de criar uma estrutura adequada para combater inc\u00eandios florestais de grandes propor\u00e7\u00f5es, o Estado desenvolve outras a\u00e7\u00f5es associadas ao plano, como a intensifica\u00e7\u00e3o da fiscaliza\u00e7\u00e3o preventiva ao longo das estradas e linh\u00f5es de energia e do monitoramento clim\u00e1tico.<\/p>\n<p>O plano de trabalho autorizado pelo governador Reinaldo Azambuja estima investimentos de R$ 56.629 milh\u00f5es, em 2021, para cria\u00e7\u00e3o de uma estrutura permanente.<\/p>\n","protected":false},"excerpt":{"rendered":"<p>O governador Reinaldo Azambuja lan\u00e7ou o Plano Estadual de Combate a Inc\u00eandio Florestal, que vai&#8230;<\/p>\n","protected":false},"author":13,"featured_media":11711122,"comment_status":"closed","ping_status":"closed","sticky":false,"template":"","format":"standard","meta":{"footnotes":""},"categories":[17],"tags":[],"class_list":["post-11711121","post","type-post","status-publish","format-standard","has-post-thumbnail","hentry","category-meio-ambiente"],"_links":{"self":[{"href":"https:\/\/www.corumbaonline.com.br\/news\/wp-json\/wp\/v2\/posts\/11711121","targetHints":{"allow":["GET"]}}],"collection":[{"href":"https:\/\/www.corumbaonline.com.br\/news\/wp-json\/wp\/v2\/posts"}],"about":[{"href":"https:\/\/www.corumbaonline.com.br\/news\/wp-json\/wp\/v2\/types\/post"}],"author":[{"embeddable":true,"href":"https:\/\/www.corumbaonline.com.br\/news\/wp-json\/wp\/v2\/users\/13"}],"replies":[{"embeddable":true,"href":"https:\/\/www.corumbaonline.com.br\/news\/wp-json\/wp\/v2\/comments?post=11711121"}],"version-history":[{"count":1,"href":"https:\/\/www.corumbaonline.com.br\/news\/wp-json\/wp\/v2\/posts\/11711121\/revisions"}],"predecessor-version":[{"id":11711123,"href":"https:\/\/www.corumbaonline.com.br\/news\/wp-json\/wp\/v2\/posts\/11711121\/revisions\/11711123"}],"wp:featuredmedia":[{"embeddable":true,"href":"https:\/\/www.corumbaonline.com.br\/news\/wp-json\/wp\/v2\/media\/11711122"}],"wp:attachment":[{"href":"https:\/\/www.corumbaonline.com.br\/news\/wp-json\/wp\/v2\/media?parent=11711121"}],"wp:term":[{"taxonomy":"category","embeddable":true,"href":"https:\/\/www.corumbaonline.com.br\/news\/wp-json\/wp\/v2\/categories?post=11711121"},{"taxonomy":"post_tag","embeddable":true,"href":"https:\/\/www.corumbaonline.com.br\/news\/wp-json\/wp\/v2\/tags?post=11711121"}],"curies":[{"name":"wp","href":"https:\/\/api.w.org\/{rel}","templated":true}]}}