{"id":11711141,"date":"2021-01-06T08:48:00","date_gmt":"2021-01-06T12:48:00","guid":{"rendered":"http:\/\/www.corumbaonline.com.br\/news\/?p=11711141"},"modified":"2021-01-06T09:23:54","modified_gmt":"2021-01-06T13:23:54","slug":"ifms-encerra-inscricoes-para-cursos-tecnicos-a-distancia-no-domingo","status":"publish","type":"post","link":"https:\/\/www.corumbaonline.com.br\/news\/ifms-encerra-inscricoes-para-cursos-tecnicos-a-distancia-no-domingo\/","title":{"rendered":"IFMS encerra inscri\u00e7\u00f5es para cursos t\u00e9cnicos a dist\u00e2ncia no domingo"},"content":{"rendered":"<p style=\"font-weight: 400;\">O Instituto Federal de Mato Grosso do Sul (IFMS) encerra no domingo, 10, as inscri\u00e7\u00f5es no processo seletivo para ingresso em cursos t\u00e9cnicos subsequentes ao ensino m\u00e9dio, oferecidos na modalidade a dist\u00e2ncia, no primeiro semestre de 2021.<\/p>\n<p style=\"font-weight: 400;\">S\u00e3o oferecidas 550 vagas para os cursos t\u00e9cnicos em Administra\u00e7\u00e3o e em Manuten\u00e7\u00e3o e Suporte em Inform\u00e1tica nos munic\u00edpios de \u00c1gua Clara, Aquidauana, Camapu\u00e3, Campo Grande, Corumb\u00e1, Costa Rica, Coxim, Dourados, Navira\u00ed e Ponta Por\u00e3.<\/p>\n<p style=\"font-weight: 400;\">Os cursos t\u00e9cnicos subsequentes s\u00e3o destinados a quem j\u00e1 concluiu ou ir\u00e1 concluir o ensino m\u00e9dio at\u00e9 a data da matr\u00edcula, prevista para mar\u00e7o.<\/p>\n<p style=\"font-weight: 400;\">Com dura\u00e7\u00e3o m\u00ednima de um ano e meio, os cursos t\u00e9cnicos ofertados t\u00eam encontros presenciais semanais.<\/p>\n<p style=\"font-weight: 400;\">O quadro completo de vagas, o cronograma e as regras do processo seletivo est\u00e3o dispon\u00edveis no edital de abertura, publicado na\u00a0<a href=\"http:\/\/www.ifms.edu.br:9000\/lists\/lt.php?tid=KxkGAlUPAFVWBEtRVVBdTlBRA1dOAAkIABsKAwFSB1RaVgEAVwsfVFBRUFIBAwdOU10CUU4NDFxVGwFQB1BPAlQDVFdUXFdVUVZUH1ICAwYCUlcDTghaXAYbDFZQBk8JVlZUH1AKVgBWAgNWVAIABw\">Central de Sele\u00e7\u00e3o do IFMS<\/a>.<\/p>\n<p style=\"font-weight: 400;\"><b><strong>Inscri\u00e7\u00f5es\u00a0<\/strong><\/b>&#8211; S\u00e3o gratuitas e devem ser feitas na\u00a0<a href=\"http:\/\/www.ifms.edu.br:9000\/lists\/lt.php?tid=KxkNV11cVgJQA0tTUwJdTlAHAgNOAFwIVBsMVwQFUwABU1cHA10fVFBRUFIBAwdOU10CUU4NDFxVGwFQB1BPAlQDVFdUXFdVUVZUH1ICAwYCUlcDTghaXAYbDFZQBk8JVlZUH1AKVgBWAgNWVAIABw\">P\u00e1gina do Candidato<\/a>\u00a0da Central de Sele\u00e7\u00e3o.<\/p>\n<p style=\"font-weight: 400;\">O candidato deve informar o n\u00famero do Cadastro de Pessoa F\u00edsica (CPF) em seu nome e escolher uma das op\u00e7\u00f5es de cursos\/campi ou polo\/turno oferecidos pelo IFMS no edital.<\/p>\n<p style=\"font-weight: 400;\">Tamb\u00e9m no ato da inscri\u00e7\u00e3o, o candidato deve informar se \u00e9 benefici\u00e1rio de a\u00e7\u00e3o afirmativa (cotista).<\/p>\n<p style=\"font-weight: 400;\">Metade das vagas ofertadas \u00e9 reservada aos candidatos que cursaram todo o ensino m\u00e9dio na rede p\u00fablica de ensino. Desse total, h\u00e1 reserva de vagas aos que comprovarem renda familiar\u00a0<i><em>per capita<\/em><\/i>\u00a0igual ou inferior a um sal\u00e1rio m\u00ednimo e meio, aos que se autodeclararem pretos, pardos ou ind\u00edgenas, e a pessoas com defici\u00eancia.<\/p>\n<p style=\"font-weight: 400;\">Candidatos pretos e pardos dever\u00e3o passar por uma banca de heteroidentifica\u00e7\u00e3o para que se comprove a veracidade da autodeclara\u00e7\u00e3o.<\/p>\n<p style=\"font-weight: 400;\"><b><strong>Sele\u00e7\u00e3o\u00a0<\/strong><\/b>&#8211; Ser\u00e1 feita por sorteio eletr\u00f4nico, previsto para ser realizado no dia 19 de janeiro, sob responsabilidade do Centro de Refer\u00eancia em Tecnologias Educacionais e Educa\u00e7\u00e3o a Dist\u00e2ncia do IFMS (Cread).<\/p>\n<p style=\"font-weight: 400;\">Cada candidato receber\u00e1 um n\u00famero de participa\u00e7\u00e3o no sorteio. A classifica\u00e7\u00e3o dos inscritos ser\u00e1 feita de acordo com a ordem dos n\u00fameros sorteados.<\/p>\n<p style=\"font-weight: 400;\">O resultado preliminar do sorteio ser\u00e1 divulgado no dia 20 de janeiro, e o final est\u00e1 previsto para o dia 25.<\/p>\n<p style=\"font-weight: 400;\"><b><strong>Etapas\u00a0<\/strong><\/b>&#8211; De acordo com o<a href=\"http:\/\/www.ifms.edu.br:9000\/lists\/lt.php?tid=KxkFVFBbAVEBUEsBDlZVTlBVUwNOAV1dAhsOBABQWwEABgALA14fVFBRUFIBAwdOU10CUU4NDFxVGwFQB1BPAlQDVFdUXFdVUVZUH1ICAwYCUlcDTghaXAYbDFZQBk8JVlZUH1AKVgBWAgNWVAIABw\">\u00a0cronograma do processo seletivo<\/a>, a convoca\u00e7\u00e3o para a heteroidentifica\u00e7\u00e3o ser\u00e1 divulgada no dia 27 de janeiro, sendo as bancas realizadas nos per\u00edodos de 3 a 5 de fevereiro, e de 8 a 12 do mesmo m\u00eas.<\/p>\n<p style=\"font-weight: 400;\">O resultado final do processo seletivo e a primeira chamada ser\u00e3o divulgados no dia 5 de mar\u00e7o, com matr\u00edculas previstas para o per\u00edodo de 8 a 10 de mar\u00e7o. A previs\u00e3o \u00e9 que as aulas tenham in\u00edcio no dia 22 de mar\u00e7o.<\/p>\n<p style=\"font-weight: 400;\">D\u00favidas sobre o edital devem ser enviadas ao e-mail\u00a0<a href=\"mailto:cread@ifms.edu.br\">cread@ifms.edu.br<\/a>.<\/p>\n<p style=\"font-weight: 400;\"><b><strong>Quadro de vagas\u00a0<\/strong><\/b><\/p>\n<table width=\"90%\">\n<tbody>\n<tr>\n<td><b><strong>Campus\/Polo<\/strong><\/b><\/td>\n<td><b><strong>Curso T\u00e9cnico Subsequente<\/strong><\/b><\/td>\n<td><b><strong>Encontros semanais<\/strong><\/b><\/td>\n<td><b><strong>Turno<\/strong><\/b><\/td>\n<td><b><strong>Vagas<\/strong><\/b><\/td>\n<\/tr>\n<tr>\n<td rowspan=\"2\">\u00c1gua Clara<\/td>\n<td>Administra\u00e7\u00e3o<\/td>\n<td>Quinta-feira<\/td>\n<td>Noturno<\/td>\n<td>40<\/td>\n<\/tr>\n<tr>\n<td>Manuten\u00e7\u00e3o e Suporte em Inform\u00e1tica<\/td>\n<td>Sexta-feira<\/td>\n<td>Noturno<\/td>\n<td>40<\/td>\n<\/tr>\n<tr>\n<td>Aquidauana<\/td>\n<td>Manuten\u00e7\u00e3o e Suporte em Inform\u00e1tica<\/td>\n<td>Ter\u00e7a-feira<\/td>\n<td>Noturno<\/td>\n<td>40<\/td>\n<\/tr>\n<tr>\n<td rowspan=\"2\">Camapu\u00e3<\/td>\n<td>Administra\u00e7\u00e3o<\/td>\n<td>Segunda-feira<\/td>\n<td>Noturno<\/td>\n<td>40<\/td>\n<\/tr>\n<tr>\n<td>Manuten\u00e7\u00e3o e Suporte em Inform\u00e1tica<\/td>\n<td>Quinta-feira<\/td>\n<td>Noturno<\/td>\n<td>40<\/td>\n<\/tr>\n<tr>\n<td rowspan=\"2\">Campo Grande<\/td>\n<td>Administra\u00e7\u00e3o<\/td>\n<td>Ter\u00e7a-feira<\/td>\n<td>Noturno<\/td>\n<td>40<\/td>\n<\/tr>\n<tr>\n<td>Manuten\u00e7\u00e3o e Suporte em Inform\u00e1tica<\/td>\n<td>Ter\u00e7a-feira<\/td>\n<td>Noturno<\/td>\n<td>40<\/td>\n<\/tr>\n<tr>\n<td>Corumb\u00e1<\/td>\n<td>Manuten\u00e7\u00e3o e Suporte em Inform\u00e1tica<\/td>\n<td>S\u00e1bado<\/td>\n<td>Matutino<\/td>\n<td>40<\/td>\n<\/tr>\n<tr>\n<td>Costa Rica<\/td>\n<td>Administra\u00e7\u00e3o<\/td>\n<td>Ter\u00e7a e quinta-feira<\/td>\n<td>Noturno<\/td>\n<td>40<\/td>\n<\/tr>\n<tr>\n<td>Coxim<\/td>\n<td>Administra\u00e7\u00e3o<\/td>\n<td>Segunda-feira<\/td>\n<td>Noturno<\/td>\n<td>40<\/td>\n<\/tr>\n<tr>\n<td>Dourados<\/td>\n<td>Administra\u00e7\u00e3o<\/td>\n<td>Quarta-feira<\/td>\n<td>Noturno<\/td>\n<td>40<\/td>\n<\/tr>\n<tr>\n<td>Navira\u00ed<\/td>\n<td>Administra\u00e7\u00e3o<\/td>\n<td>Quarta-feira<\/td>\n<td>Noturno<\/td>\n<td>40<\/td>\n<\/tr>\n<tr>\n<td rowspan=\"2\">Ponta Por\u00e3<\/td>\n<td>Administra\u00e7\u00e3o<\/td>\n<td>Quarta-feira<\/td>\n<td>Noturno<\/td>\n<td>40<\/td>\n<\/tr>\n<tr>\n<td>Manuten\u00e7\u00e3o e Suporte em Inform\u00e1tica<\/td>\n<td>Quinta-feira<\/td>\n<td>Noturno<\/td>\n<td>30<\/td>\n<\/tr>\n<\/tbody>\n<\/table>\n","protected":false},"excerpt":{"rendered":"<p>O Instituto Federal de Mato Grosso do Sul (IFMS) encerra no domingo, 10, as inscri\u00e7\u00f5es&#8230;<\/p>\n","protected":false},"author":9,"featured_media":0,"comment_status":"closed","ping_status":"closed","sticky":false,"template":"","format":"standard","meta":{"footnotes":""},"categories":[10],"tags":[],"class_list":["post-11711141","post","type-post","status-publish","format-standard","hentry","category-educacao"],"_links":{"self":[{"href":"https:\/\/www.corumbaonline.com.br\/news\/wp-json\/wp\/v2\/posts\/11711141","targetHints":{"allow":["GET"]}}],"collection":[{"href":"https:\/\/www.corumbaonline.com.br\/news\/wp-json\/wp\/v2\/posts"}],"about":[{"href":"https:\/\/www.corumbaonline.com.br\/news\/wp-json\/wp\/v2\/types\/post"}],"author":[{"embeddable":true,"href":"https:\/\/www.corumbaonline.com.br\/news\/wp-json\/wp\/v2\/users\/9"}],"replies":[{"embeddable":true,"href":"https:\/\/www.corumbaonline.com.br\/news\/wp-json\/wp\/v2\/comments?post=11711141"}],"version-history":[{"count":1,"href":"https:\/\/www.corumbaonline.com.br\/news\/wp-json\/wp\/v2\/posts\/11711141\/revisions"}],"predecessor-version":[{"id":11711142,"href":"https:\/\/www.corumbaonline.com.br\/news\/wp-json\/wp\/v2\/posts\/11711141\/revisions\/11711142"}],"wp:attachment":[{"href":"https:\/\/www.corumbaonline.com.br\/news\/wp-json\/wp\/v2\/media?parent=11711141"}],"wp:term":[{"taxonomy":"category","embeddable":true,"href":"https:\/\/www.corumbaonline.com.br\/news\/wp-json\/wp\/v2\/categories?post=11711141"},{"taxonomy":"post_tag","embeddable":true,"href":"https:\/\/www.corumbaonline.com.br\/news\/wp-json\/wp\/v2\/tags?post=11711141"}],"curies":[{"name":"wp","href":"https:\/\/api.w.org\/{rel}","templated":true}]}}