{"id":11711145,"date":"2021-01-06T09:19:00","date_gmt":"2021-01-06T13:19:00","guid":{"rendered":"http:\/\/www.corumbaonline.com.br\/news\/?p=11711145"},"modified":"2021-01-06T09:29:41","modified_gmt":"2021-01-06T13:29:41","slug":"mesmo-nao-sendo-o-principal-agente-transmissor-da-doenca-mais-de-800-criancas-em-ms-pegaram-a-covid-19","status":"publish","type":"post","link":"https:\/\/www.corumbaonline.com.br\/news\/mesmo-nao-sendo-o-principal-agente-transmissor-da-doenca-mais-de-800-criancas-em-ms-pegaram-a-covid-19\/","title":{"rendered":"Mesmo n\u00e3o sendo o principal agente transmissor da doen\u00e7a, mais de 800 crian\u00e7as em MS pegaram a covid-19"},"content":{"rendered":"<p>No Boletim Epidemiol\u00f3gico da Secretaria de Estado de Sa\u00fade um n\u00famero chama a aten\u00e7\u00e3o: do come\u00e7o da pandemia at\u00e9 5 de janeiro deste ano 823 crian\u00e7as com menos de um ano foram infectadas pelo coronav\u00edrus. Entre 1 e 9 anos, foram 4.064 positivados.<\/p>\n<p>Al\u00e9m de ser relativamente significativo, o dado choca porque significa que os beb\u00eas, possivelmente com pouco contato externo, podem ter adoecido no ambiente intradomiciliar, ou seja, \u00e9 muito prov\u00e1vel que a doen\u00e7a tenha vindo por um familiar.<\/p>\n<p>Para a infectologista e integrante do COE\/MS (Centro de Opera\u00e7\u00f5es de Emerg\u00eancias), Mariana Croda, esse n\u00famero pode ser ainda maior. \u201cAs crian\u00e7as t\u00eam nenhum ou poucos sintomas da doen\u00e7a e como o exame swab \u00e9 desconfort\u00e1vel para este grupo, muitas vezes a realiza\u00e7\u00e3o do teste \u00e9 evitada. Al\u00e9m disso, h\u00e1 poucos casos de interna\u00e7\u00f5es e, com isso, menos diagn\u00f3sticos dessa faixa et\u00e1ria\u201d.<\/p>\n<p>De acordo com a informa\u00e7\u00e3o da SES, nenhum \u00f3bito deste grupo foi registrado. \u201cOs pequenos n\u00e3o representam um vetor de transmiss\u00e3o da doen\u00e7a, \u00e9 importante que isso seja ressaltado, n\u00e3o s\u00e3o importantes na cadeia de transmiss\u00e3o e isso se deve a caracter\u00edstica da doen\u00e7a, conforme j\u00e1 comprovado por estudos cient\u00edficos\u201d, saliente Mariana Croda.<\/p>\n<p>Por\u00e9m, quando h\u00e1 casos de beb\u00eas positivados, independentemente dos resultados dos demais membros da fam\u00edlia, todos os residentes da casa s\u00e3o isolados.<\/p>\n<p>\u201cO foco \u00e9 a preven\u00e7\u00e3o em rela\u00e7\u00e3o \u00e0 popula\u00e7\u00e3o idosa, minimizar o contato dos idosos, porque eles representam o maior risco de morte\u201d, acrescenta a especialista.<\/p>\n<p><strong>Sobrevivente<\/strong><\/p>\n<p>No dia 21 de julho, o Hospital Regional de Mato Grosso do Sul (HRMS), refer\u00eancia no tratamento da Covid-19, recebeu um rec\u00e9m-nascido com fortes suspeitas de Covid-19 e que obteve a cura da doen\u00e7a. Segundo relatos da m\u00e3e, o beb\u00ea teve contato domiciliar com parentes e amigos com sintomas gripais. A crian\u00e7a, em seguida, teve febre alta e obstru\u00e7\u00e3o nasal, o que a levou a procurar o hospital.<\/p>\n<p>No dia 24 saiu o resultado positivo para a Covid-19. Desde ent\u00e3o, a crian\u00e7a, que hoje tem 1 m\u00eas e quatro dias de vida, esteve internada no CTI por 14 dias. No dia 05 de agosto, a crian\u00e7a recebeu alta do CTI e foi encaminhada para a enfermaria. \u00a0\u201cEla (a crian\u00e7a) respondeu muito bem ao protocolo m\u00e9dico dado as infec\u00e7\u00f5es e inflama\u00e7\u00f5es ocasionadas em decorr\u00eancia da Covid-19, mas nos primeiros dias nos deixou bem preocupados\u201d, relatou, na \u00e9poca, a m\u00e9dica pediatra e neonatologista do HRMS, Tatiana dos Santos Russi.<\/p>\n","protected":false},"excerpt":{"rendered":"<p>No Boletim Epidemiol\u00f3gico da Secretaria de Estado de Sa\u00fade um n\u00famero chama a aten\u00e7\u00e3o: do&#8230;<\/p>\n","protected":false},"author":13,"featured_media":11711146,"comment_status":"closed","ping_status":"closed","sticky":false,"template":"","format":"standard","meta":{"footnotes":""},"categories":[116,8,21],"tags":[],"class_list":["post-11711145","post","type-post","status-publish","format-standard","has-post-thumbnail","hentry","category-coronavirus","category-destaque","category-saude"],"_links":{"self":[{"href":"https:\/\/www.corumbaonline.com.br\/news\/wp-json\/wp\/v2\/posts\/11711145","targetHints":{"allow":["GET"]}}],"collection":[{"href":"https:\/\/www.corumbaonline.com.br\/news\/wp-json\/wp\/v2\/posts"}],"about":[{"href":"https:\/\/www.corumbaonline.com.br\/news\/wp-json\/wp\/v2\/types\/post"}],"author":[{"embeddable":true,"href":"https:\/\/www.corumbaonline.com.br\/news\/wp-json\/wp\/v2\/users\/13"}],"replies":[{"embeddable":true,"href":"https:\/\/www.corumbaonline.com.br\/news\/wp-json\/wp\/v2\/comments?post=11711145"}],"version-history":[{"count":1,"href":"https:\/\/www.corumbaonline.com.br\/news\/wp-json\/wp\/v2\/posts\/11711145\/revisions"}],"predecessor-version":[{"id":11711147,"href":"https:\/\/www.corumbaonline.com.br\/news\/wp-json\/wp\/v2\/posts\/11711145\/revisions\/11711147"}],"wp:featuredmedia":[{"embeddable":true,"href":"https:\/\/www.corumbaonline.com.br\/news\/wp-json\/wp\/v2\/media\/11711146"}],"wp:attachment":[{"href":"https:\/\/www.corumbaonline.com.br\/news\/wp-json\/wp\/v2\/media?parent=11711145"}],"wp:term":[{"taxonomy":"category","embeddable":true,"href":"https:\/\/www.corumbaonline.com.br\/news\/wp-json\/wp\/v2\/categories?post=11711145"},{"taxonomy":"post_tag","embeddable":true,"href":"https:\/\/www.corumbaonline.com.br\/news\/wp-json\/wp\/v2\/tags?post=11711145"}],"curies":[{"name":"wp","href":"https:\/\/api.w.org\/{rel}","templated":true}]}}