{"id":11711167,"date":"2021-01-06T11:53:00","date_gmt":"2021-01-06T15:53:00","guid":{"rendered":"http:\/\/www.corumbaonline.com.br\/news\/?p=11711167"},"modified":"2021-01-06T12:56:06","modified_gmt":"2021-01-06T16:56:06","slug":"saude-confirma-1-582-novos-casos-de-covid-e-anuncia-mais-28-obitos-pela-doenca","status":"publish","type":"post","link":"https:\/\/www.corumbaonline.com.br\/news\/saude-confirma-1-582-novos-casos-de-covid-e-anuncia-mais-28-obitos-pela-doenca\/","title":{"rendered":"Sa\u00fade confirma 1.582 novos casos de Covid e anuncia mais 28 \u00f3bitos pela doen\u00e7a"},"content":{"rendered":"<p style=\"box-sizing: border-box; margin-bottom: 2em; font-size: 16px; line-height: 1.8em; text-align: justify; color: #212529; font-family: 'Open Sans', sans-serif;\">Com a atualiza\u00e7\u00e3o desta quarta-feira (7) que confirmou mais 1.582 novos casos de Covid-19 em Mato Grosso do Sul, o n\u00famero total de infectados pela doen\u00e7a desde o in\u00edcio da pandemia sobe para 139.152 no Estado.<\/p>\n<p style=\"box-sizing: border-box; margin-top: 0px; margin-bottom: 2em; font-size: 16px; line-height: 1.8em; text-align: justify; color: #212529; font-family: 'Open Sans', sans-serif;\">Campo Grande (+565), Dourados (+299), Tr\u00eas lagoas (+94), Aquidauana (+39) e Navira\u00ed (+39) ocupam o topo da lista de munic\u00edpios com mais casos confirmados no Boletim Epidemiol\u00f3gico. A m\u00e9dia m\u00f3vel indica que na \u00faltima semana houve a confirma\u00e7\u00e3o de 960 casos di\u00e1rios da doen\u00e7a.<\/p>\n<p style=\"box-sizing: border-box; margin-top: 0px; margin-bottom: 2em; font-size: 16px; line-height: 1.8em; text-align: justify; color: #212529; font-family: 'Open Sans', sans-serif;\">De 13.332 casos ativos no Estado, 601 pacientes encontram-se internados em unidades hospitalares do Estado, sendo 302 em leitos cl\u00ednicos e 299 em leitos de unidade de terapia intensiva (UTI). A taxa de ocupa\u00e7\u00e3o global de leitos por macrorregi\u00e3o \u00e9 de 95% em Campo Grande, 81% em Dourados, 61% em Tr\u00eas Lagoas e 75% em Corumb\u00e1.<\/p>\n<p style=\"box-sizing: border-box; margin-top: 0px; margin-bottom: 2em; font-size: 16px; line-height: 1.8em; text-align: justify; color: #212529; font-family: 'Open Sans', sans-serif;\">As amostras em an\u00e1lise no Lacen e laborat\u00f3rios parceiros somam 1.542, enquanto os resultados que precisam ser liberados no sistema pelos munic\u00edpios s\u00e3o 6.050. \u201c\u00c9 de responsabilidade dos secret\u00e1rios municipais de sa\u00fade e equipes de vigil\u00e2ncia em sa\u00fade o encerramento dos casos\u201d, alertou o secret\u00e1rio de estado de sa\u00fade, Geraldo Resende.<\/p>\n<p style=\"box-sizing: border-box; margin-top: 0px; margin-bottom: 2em; font-size: 16px; line-height: 1.8em; text-align: justify; color: #212529; font-family: 'Open Sans', sans-serif;\"><img loading=\"lazy\" decoding=\"async\" class=\"wp-image-337661 size-full aligncenter\" style=\"box-sizing: border-box; vertical-align: middle; margin-top: 1em; margin-bottom: 1em;\" src=\"http:\/\/www.ms.gov.br\/wp-content\/uploads\/sites\/150\/2021\/01\/cenario-covid-6-janeiro.png\" sizes=\"auto, (max-width: 632px) 100vw, 632px\" srcset=\"http:\/\/www.ms.gov.br\/wp-content\/uploads\/sites\/150\/2021\/01\/cenario-covid-6-janeiro.png 632w, http:\/\/www.ms.gov.br\/wp-content\/uploads\/sites\/150\/2021\/01\/cenario-covid-6-janeiro-300x235.png 300w, http:\/\/www.ms.gov.br\/wp-content\/uploads\/sites\/150\/2021\/01\/cenario-covid-6-janeiro-306x240.png 306w\" alt=\"\" width=\"632\" height=\"495\" \/><\/p>\n<p style=\"box-sizing: border-box; margin-top: 0px; margin-bottom: 2em; font-size: 16px; line-height: 1.8em; text-align: justify; color: #212529; font-family: 'Open Sans', sans-serif;\">Nas \u00faltimas 24 horas foram notificados 28 \u00f3bitos em decorr\u00eancia da doen\u00e7a no Estado, sendo a maioria deles em Campo Grande com 15. Os munic\u00edpios de Amambai, Aquidauana, Rio Verde de Mato Grosso e Sonora registraram duas mortes cada. Anast\u00e1cio, Chapad\u00e3o do Sul, Dourados, F\u00e1tima do Sul e Ivinhema um \u00f3bito cada.<\/p>\n<p style=\"box-sizing: border-box; margin-top: 0px; margin-bottom: 2em; font-size: 16px; line-height: 1.8em; text-align: justify; color: #212529; font-family: 'Open Sans', sans-serif;\">A m\u00e9dia m\u00f3vel indica que 22,7 sul-mato-grossenses perderam a batalha para a doen\u00e7a por dia na \u00faltima semana no Estado. Os \u00f3bitos notificados hoje ocorreram entre os dias 1\u00b0 e 5 de janeiro de 2021. Com a atualiza\u00e7\u00e3o o total \u00f3bitos em decorr\u00eancia da doen\u00e7a sobe para 2.459 em Mato Grosso do Sul. \u201cEstamos caminhando para 2500 \u00f3bitos. \u00c9 uma marca que n\u00f3s nuca gostar\u00edamos de ter atingido\u201d, lamentou Resende durante live transmitida pelas redes sociais do Governo do Estado.<\/p>\n<p style=\"box-sizing: border-box; margin-top: 0px; margin-bottom: 2em; font-size: 16px; line-height: 1.8em; text-align: justify; color: #212529; font-family: 'Open Sans', sans-serif;\">Todos os detalhes do boletim Covid podem ser conferidos\u00a0<span style=\"box-sizing: border-box; color: #0000ff;\"><span style=\"box-sizing: border-box; font-weight: bolder;\"><a style=\"box-sizing: border-box; color: #0000ff; text-decoration-line: none; background-color: transparent;\" href=\"http:\/\/www.ms.gov.br\/wp-content\/uploads\/sites\/150\/2021\/01\/Boletim-Epidemiol%C3%B3gico-COVID-19-2021.01.06.pdf\">aqui<\/a><\/span><\/span>.<\/p>\n","protected":false},"excerpt":{"rendered":"<p>Com a atualiza\u00e7\u00e3o desta quarta-feira (7) que confirmou mais 1.582 novos casos de Covid-19 em&#8230;<\/p>\n","protected":false},"author":13,"featured_media":11711168,"comment_status":"closed","ping_status":"closed","sticky":false,"template":"","format":"standard","meta":{"footnotes":""},"categories":[116,8,21],"tags":[],"class_list":["post-11711167","post","type-post","status-publish","format-standard","has-post-thumbnail","hentry","category-coronavirus","category-destaque","category-saude"],"_links":{"self":[{"href":"https:\/\/www.corumbaonline.com.br\/news\/wp-json\/wp\/v2\/posts\/11711167","targetHints":{"allow":["GET"]}}],"collection":[{"href":"https:\/\/www.corumbaonline.com.br\/news\/wp-json\/wp\/v2\/posts"}],"about":[{"href":"https:\/\/www.corumbaonline.com.br\/news\/wp-json\/wp\/v2\/types\/post"}],"author":[{"embeddable":true,"href":"https:\/\/www.corumbaonline.com.br\/news\/wp-json\/wp\/v2\/users\/13"}],"replies":[{"embeddable":true,"href":"https:\/\/www.corumbaonline.com.br\/news\/wp-json\/wp\/v2\/comments?post=11711167"}],"version-history":[{"count":1,"href":"https:\/\/www.corumbaonline.com.br\/news\/wp-json\/wp\/v2\/posts\/11711167\/revisions"}],"predecessor-version":[{"id":11711169,"href":"https:\/\/www.corumbaonline.com.br\/news\/wp-json\/wp\/v2\/posts\/11711167\/revisions\/11711169"}],"wp:featuredmedia":[{"embeddable":true,"href":"https:\/\/www.corumbaonline.com.br\/news\/wp-json\/wp\/v2\/media\/11711168"}],"wp:attachment":[{"href":"https:\/\/www.corumbaonline.com.br\/news\/wp-json\/wp\/v2\/media?parent=11711167"}],"wp:term":[{"taxonomy":"category","embeddable":true,"href":"https:\/\/www.corumbaonline.com.br\/news\/wp-json\/wp\/v2\/categories?post=11711167"},{"taxonomy":"post_tag","embeddable":true,"href":"https:\/\/www.corumbaonline.com.br\/news\/wp-json\/wp\/v2\/tags?post=11711167"}],"curies":[{"name":"wp","href":"https:\/\/api.w.org\/{rel}","templated":true}]}}