{"id":11711174,"date":"2021-01-06T18:30:00","date_gmt":"2021-01-06T22:30:00","guid":{"rendered":"http:\/\/www.corumbaonline.com.br\/news\/?p=11711174"},"modified":"2021-01-06T18:38:54","modified_gmt":"2021-01-06T22:38:54","slug":"reme-abre-cadastro-para-aulas-temporarias-e-coordenacao-pedagogica-para-professores-efetivos","status":"publish","type":"post","link":"https:\/\/www.corumbaonline.com.br\/news\/reme-abre-cadastro-para-aulas-temporarias-e-coordenacao-pedagogica-para-professores-efetivos\/","title":{"rendered":"REME abre cadastro para aulas tempor\u00e1rias e coordena\u00e7\u00e3o pedag\u00f3gica para professores efetivos"},"content":{"rendered":"<p style=\"border: 0px; font-size: 17px; margin-bottom: 1.6em; outline: 0px; padding: 0px; vertical-align: baseline; color: #808285; font-family: 'Roboto Condensed', sans-serif;\">A Prefeitura de Corumb\u00e1, por meio da Secretaria Municipal de Educa\u00e7\u00e3o, definiu crit\u00e9rios e procedimentos para o cadastro de profissionais de Educa\u00e7\u00e3o, do quadro efetivo da Rede Municipal de Ensino (REME), para aulas tempor\u00e1rias no ano de 2021 e tamb\u00e9m para o cadastramento para atua\u00e7\u00e3o na Coordena\u00e7\u00e3o Pedag\u00f3gica das escolas da REME.<\/p>\n<p style=\"border: 0px; font-size: 17px; margin-top: 0px; margin-bottom: 1.6em; outline: 0px; padding: 0px; vertical-align: baseline; color: #808285; font-family: 'Roboto Condensed', sans-serif;\">As regras foram estabelecidas pelas Resolu\u00e7\u00f5es 001 e 002 da Secretaria Municipal de Educa\u00e7\u00e3o, publicadas na ter\u00e7a-feira, 05 de janeiro, do\u00a0<em style=\"border: 0px; font-weight: inherit; margin: 0px; outline: 0px; padding: 0px; vertical-align: baseline;\"><span style=\"border: 0px; font-style: inherit; font-weight: bold; margin: 0px; outline: 0px; padding: 0px; vertical-align: baseline;\"><a style=\"border: 0px; font-style: inherit; font-weight: inherit; margin: 0px; padding: 0px; vertical-align: baseline; background-color: transparent; text-decoration-line: none; color: #13505b; transition-duration: 0.2s; transition-timing-function: linear; transition-property: all;\" href=\"http:\/\/do.corumba.ms.gov.br\/portal\/edicoes\/download\/3914\">DIOCORUMB\u00c1<\/a><\/span><\/em>. A Resolu\u00e7\u00e3o 001 traz os crit\u00e9rios para cadastramento para atribui\u00e7\u00e3o de aulas tempor\u00e1rias. A n\u00b0 002 cont\u00e9m os procedimentos para o cadastro para atua\u00e7\u00e3o na Coordena\u00e7\u00e3o Pedag\u00f3gica no ano letivo de 2021.<\/p>\n<p style=\"border: 0px; font-size: 17px; margin-top: 0px; margin-bottom: 1.6em; outline: 0px; padding: 0px; vertical-align: baseline; color: #808285; font-family: 'Roboto Condensed', sans-serif;\">Para inscri\u00e7\u00e3o, os interessados devem acessar o link https:\/\/sites.google.com\/site\/portaldaremecorumbams\/home . Nele est\u00e3o dispon\u00edveis os formul\u00e1rios para inscri\u00e7\u00e3o nos dois cadastros.<\/p>\n<p style=\"border: 0px; font-size: 17px; margin-top: 0px; margin-bottom: 1.6em; outline: 0px; padding: 0px; vertical-align: baseline; color: #808285; font-family: 'Roboto Condensed', sans-serif;\">O formul\u00e1rio de inscri\u00e7\u00e3o para Coordenador Escolar estar\u00e1 dispon\u00edvel no endere\u00e7o eletr\u00f4nico http:\/\/semedcorumba.com.br\/coordenacao , a partir das 13 horas do dia 06 de janeiro de 2021 at\u00e9 \u00e0s 17 horas do dia 13 de janeiro de 2021. O formul\u00e1rio para Aulas Complementares estar\u00e1 dispon\u00edvel no endere\u00e7o eletr\u00f4nico http:\/\/semedcorumba.com.br\/aulas , a partir das 13 horas do dia 06 de janeiro de 2021 at\u00e9 as 17 horas do dia 13 de janeiro de 2021.<\/p>\n<p style=\"border: 0px; font-size: 17px; margin-top: 0px; margin-bottom: 1.6em; outline: 0px; padding: 0px; vertical-align: baseline; color: #808285; font-family: 'Roboto Condensed', sans-serif;\">Nas duas situa\u00e7\u00f5es, os interessados devem seguir adequadamente as instru\u00e7\u00f5es que constar\u00e3o da tela para a efetiva\u00e7\u00e3o de seu cadastro, o qual ocorrer\u00e1 exclusivamente pela internet e ser\u00e1 requisito essencial para a sua designa\u00e7\u00e3o.<\/p>\n<p style=\"border: 0px; font-size: 17px; margin-top: 0px; margin-bottom: 1.6em; outline: 0px; padding: 0px; vertical-align: baseline; color: #808285; font-family: 'Roboto Condensed', sans-serif;\">A \u00edntegra das resolu\u00e7\u00f5es pode ser conferida na edi\u00e7\u00e3o do dia 05 de janeiro do Di\u00e1rio Oficial do Munic\u00edpio de Corumb\u00e1.<\/p>\n","protected":false},"excerpt":{"rendered":"<p>A Prefeitura de Corumb\u00e1, por meio da Secretaria Municipal de Educa\u00e7\u00e3o, definiu crit\u00e9rios e procedimentos&#8230;<\/p>\n","protected":false},"author":70,"featured_media":11711175,"comment_status":"closed","ping_status":"closed","sticky":false,"template":"","format":"standard","meta":{"footnotes":""},"categories":[8,10],"tags":[],"class_list":["post-11711174","post","type-post","status-publish","format-standard","has-post-thumbnail","hentry","category-destaque","category-educacao"],"_links":{"self":[{"href":"https:\/\/www.corumbaonline.com.br\/news\/wp-json\/wp\/v2\/posts\/11711174","targetHints":{"allow":["GET"]}}],"collection":[{"href":"https:\/\/www.corumbaonline.com.br\/news\/wp-json\/wp\/v2\/posts"}],"about":[{"href":"https:\/\/www.corumbaonline.com.br\/news\/wp-json\/wp\/v2\/types\/post"}],"author":[{"embeddable":true,"href":"https:\/\/www.corumbaonline.com.br\/news\/wp-json\/wp\/v2\/users\/70"}],"replies":[{"embeddable":true,"href":"https:\/\/www.corumbaonline.com.br\/news\/wp-json\/wp\/v2\/comments?post=11711174"}],"version-history":[{"count":1,"href":"https:\/\/www.corumbaonline.com.br\/news\/wp-json\/wp\/v2\/posts\/11711174\/revisions"}],"predecessor-version":[{"id":11711176,"href":"https:\/\/www.corumbaonline.com.br\/news\/wp-json\/wp\/v2\/posts\/11711174\/revisions\/11711176"}],"wp:featuredmedia":[{"embeddable":true,"href":"https:\/\/www.corumbaonline.com.br\/news\/wp-json\/wp\/v2\/media\/11711175"}],"wp:attachment":[{"href":"https:\/\/www.corumbaonline.com.br\/news\/wp-json\/wp\/v2\/media?parent=11711174"}],"wp:term":[{"taxonomy":"category","embeddable":true,"href":"https:\/\/www.corumbaonline.com.br\/news\/wp-json\/wp\/v2\/categories?post=11711174"},{"taxonomy":"post_tag","embeddable":true,"href":"https:\/\/www.corumbaonline.com.br\/news\/wp-json\/wp\/v2\/tags?post=11711174"}],"curies":[{"name":"wp","href":"https:\/\/api.w.org\/{rel}","templated":true}]}}