{"id":11711201,"date":"2021-01-07T10:10:00","date_gmt":"2021-01-07T14:10:00","guid":{"rendered":"http:\/\/www.corumbaonline.com.br\/news\/?p=11711201"},"modified":"2021-01-07T11:44:55","modified_gmt":"2021-01-07T15:44:55","slug":"morre-genival-lacerda-icone-do-forro","status":"publish","type":"post","link":"https:\/\/www.corumbaonline.com.br\/news\/morre-genival-lacerda-icone-do-forro\/","title":{"rendered":"Morre Genival Lacerda, \u00edcone do forr\u00f3"},"content":{"rendered":"<p>O forr\u00f3 perdeu, na madrugada de hoje (7), um de seus maiores \u00edcones: o cantor e compositor Genival Lacerda, aos 89 anos, em decorr\u00eancia da covid-19. A not\u00edcia foi divulgada por familiares nas redes socais. Lacerda estava internado na unidade de terapia intensiva do Hospital da Unimed, no Recife, desde o final de novembro.<img decoding=\"async\" src=\"https:\/\/agenciabrasil.ebc.com.br\/ebc.png?id=1398118&amp;o=node\" \/><img decoding=\"async\" src=\"https:\/\/agenciabrasil.ebc.com.br\/ebc.gif?id=1398118&amp;o=node\" \/><\/p>\n<p>Nascido em Campina Grande, no ano de 1931, cidade que \u00e9 considerada a capital do forr\u00f3 na Para\u00edba, Lacerda foi autor de sucessos como S<em>everina Xique Xique, De quem \u00e9 esse jegue?\u00a0<\/em>e\u00a0<em>Radinho de Pilha<\/em>, em meio aos cerca de 70 discos lan\u00e7ados por ele \u2013 o primeiro deles, gravado em 1955, quando j\u00e1 havia se mudado para Pernambuco.<\/p>\n<p>Incentivado por seu concunhado,\u00a0o m\u00fasico Jackson do Pandeiro, Lacerda se mudou para o Rio de Janeiro em 1964, onde trabalhou em algumas casas de forr\u00f3. O salto na carreira s\u00f3 veio em 1975, quando lan\u00e7ou a m\u00fasica\u00a0<em>Severina Xique-Xique<\/em>\u00a0\u2013 famosa pelo verso &#8220;<em>ele t\u00e1 de olho \u00e9 na butique dela<\/em>&#8220;, feita em parceria com Jo\u00e3o Gon\u00e7alves. O disco vendeu cerca de 800 mil c\u00f3pias.<\/p>\n<h2>AVC e covid-19<\/h2>\n<p>Em maio, antes de ser contaminado pelo novo coronav\u00edrus, o m\u00fasico j\u00e1 havia sofrido um acidente vascular cerebral (AVC).<\/p>\n<p>Genival Lacerda vinha apresentando piora em seu quadro de sa\u00fade nos \u00faltimos dias, a ponto de a fam\u00edlia usar as redes sociais para pedir que as pessoas doassem sangue para ajud\u00e1-lo.<\/p>\n","protected":false},"excerpt":{"rendered":"<p>O forr\u00f3 perdeu, na madrugada de hoje (7), um de seus maiores \u00edcones: o cantor&#8230;<\/p>\n","protected":false},"author":4,"featured_media":11711202,"comment_status":"closed","ping_status":"closed","sticky":false,"template":"","format":"standard","meta":{"footnotes":""},"categories":[7],"tags":[],"class_list":["post-11711201","post","type-post","status-publish","format-standard","has-post-thumbnail","hentry","category-cultura"],"_links":{"self":[{"href":"https:\/\/www.corumbaonline.com.br\/news\/wp-json\/wp\/v2\/posts\/11711201","targetHints":{"allow":["GET"]}}],"collection":[{"href":"https:\/\/www.corumbaonline.com.br\/news\/wp-json\/wp\/v2\/posts"}],"about":[{"href":"https:\/\/www.corumbaonline.com.br\/news\/wp-json\/wp\/v2\/types\/post"}],"author":[{"embeddable":true,"href":"https:\/\/www.corumbaonline.com.br\/news\/wp-json\/wp\/v2\/users\/4"}],"replies":[{"embeddable":true,"href":"https:\/\/www.corumbaonline.com.br\/news\/wp-json\/wp\/v2\/comments?post=11711201"}],"version-history":[{"count":1,"href":"https:\/\/www.corumbaonline.com.br\/news\/wp-json\/wp\/v2\/posts\/11711201\/revisions"}],"predecessor-version":[{"id":11711203,"href":"https:\/\/www.corumbaonline.com.br\/news\/wp-json\/wp\/v2\/posts\/11711201\/revisions\/11711203"}],"wp:featuredmedia":[{"embeddable":true,"href":"https:\/\/www.corumbaonline.com.br\/news\/wp-json\/wp\/v2\/media\/11711202"}],"wp:attachment":[{"href":"https:\/\/www.corumbaonline.com.br\/news\/wp-json\/wp\/v2\/media?parent=11711201"}],"wp:term":[{"taxonomy":"category","embeddable":true,"href":"https:\/\/www.corumbaonline.com.br\/news\/wp-json\/wp\/v2\/categories?post=11711201"},{"taxonomy":"post_tag","embeddable":true,"href":"https:\/\/www.corumbaonline.com.br\/news\/wp-json\/wp\/v2\/tags?post=11711201"}],"curies":[{"name":"wp","href":"https:\/\/api.w.org\/{rel}","templated":true}]}}