{"id":11711206,"date":"2021-01-07T10:41:00","date_gmt":"2021-01-07T14:41:00","guid":{"rendered":"http:\/\/www.corumbaonline.com.br\/news\/?p=11711206"},"modified":"2021-01-07T11:57:52","modified_gmt":"2021-01-07T15:57:52","slug":"ifms-abre-vagas-para-especializacao-em-cinco-municipios","status":"publish","type":"post","link":"https:\/\/www.corumbaonline.com.br\/news\/ifms-abre-vagas-para-especializacao-em-cinco-municipios\/","title":{"rendered":"IFMS abre vagas para especializa\u00e7\u00e3o em cinco munic\u00edpios"},"content":{"rendered":"<div class=\"x_documentDescription\">O Instituto Federal de Mato Grosso do Sul (IFMS) publicou nessa quarta-feira, 6, editais de abertura de processos seletivos para ingresso no curso gratuito de especializa\u00e7\u00e3o em Doc\u00eancia para a Educa\u00e7\u00e3o Profissional, Cient\u00edfica e Tecnol\u00f3gica.<\/div>\n<div class=\"x_documentDescription\">\n<p>Ao todo, s\u00e3o oferecidas 200 vagas nos munic\u00edpios de Campo Grande (40), Corumb\u00e1 (40), Navira\u00ed (40), Ponta Por\u00e3 (40) e Tr\u00eas Lagoas (40), com ingresso no primeiro semestre letivo de 2021.<\/p>\n<p>Em todos os munic\u00edpios, h\u00e1 reserva de vagas para o p\u00fablico externo e para servidores do IFMS. Em Campo Grande, parte das vagas tamb\u00e9m \u00e9 destinada a professores\u00a0da rede municipal em exerc\u00edcio da doc\u00eancia e que n\u00e3o tenham curso de p\u00f3s-gradua\u00e7\u00e3o. Os interessados devem\u00a0ter diploma de ensino superior.<\/p>\n<p>Todos os editais est\u00e3o dispon\u00edveis na\u00a0<a class=\"x_external-link\" title=\"Central de Sele\u00e7\u00e3o do IFMS\" href=\"http:\/\/www.ifms.edu.br:9000\/lists\/lt.php?tid=KxkHA1wPW1YCV0sFD1kATlAAV1pOAF1eVBsBVFZRUFVRBlAAUlsfAFZTU1QPWAROAlwHUE4NXgFXG1lXUQBPAFIDDQsACFdWAgJfH1ICAwYCUlcDTghaXAYbDFZQBk8JVlZUH1AKVgBWAgNWVAIABw\" target=\"_blank\" rel=\"noopener noreferrer\">Central de Sele\u00e7\u00e3o do IFMS<\/a>. Confira os documentos na \u00edntegra:<\/p>\n<ul>\n<li><a class=\"x_external-link\" title=\"Edital n\u00ba 002\/2021\" href=\"http:\/\/www.ifms.edu.br:9000\/lists\/lt.php?tid=KxkNUVNeVgZRBEtRUlhXTlAHAFBOAQkNDxsNX1ADBlJTAVYFVQEfAFZTU1QPWAROAlwHUE4NXgFXG1lXUQBPAFIDDQsACFdWAgJfH1ICAwYCUlcDTghaXAYbDFZQBk8JVlZUH1AKVgBWAgNWVAIABw\" target=\"_blank\" rel=\"noopener noreferrer\">Edital n\u00ba 002\/2021<\/a>\u00a0&#8211; Corumb\u00e1, Ponta Por\u00e3 e Tr\u00eas Lagoas<\/li>\n<li><a class=\"x_external-link\" title=\"Edital n\u00ba 003\/2021\" href=\"http:\/\/www.ifms.edu.br:9000\/lists\/lt.php?tid=KxlQUwdcVgZQA0tQUQVQTlBTVwNOAFwLDxsBVQMDUwNUBFMLBA4fAFZTU1QPWAROAlwHUE4NXgFXG1lXUQBPAFIDDQsACFdWAgJfH1ICAwYCUlcDTghaXAYbDFZQBk8JVlZUH1AKVgBWAgNWVAIABw\" target=\"_blank\" rel=\"noopener noreferrer\">Edital n\u00ba 003\/2021<\/a>\u00a0&#8211; Campo Grande<\/li>\n<li class=\"x_last-item\"><a class=\"x_external-link\" title=\"Edital n\u00ba 004\/2021\" href=\"http:\/\/www.ifms.edu.br:9000\/lists\/lt.php?tid=KxkFBl0LVlNUUktVBwUATlBXAVBOWAAAABsIVwsLBldWBldQUQwfAFZTU1QPWAROAlwHUE4NXgFXG1lXUQBPAFIDDQsACFdWAgJfH1ICAwYCUlcDTghaXAYbDFZQBk8JVlZUH1AKVgBWAgNWVAIABw\" target=\"_blank\" rel=\"noopener noreferrer\">Edital n\u00ba 004\/2021<\/a>\u00a0&#8211; Navira\u00ed<\/li>\n<\/ul>\n<p><strong>Inscri\u00e7\u00f5es<\/strong>\u00a0&#8211; Ser\u00e3o gratuitas e dever\u00e3o ser feitas entre os dias 9 de janeiro e 2 de fevereiro.<\/p>\n<p>Em Corumb\u00e1, Navira\u00ed, Ponta Por\u00e3 e Tr\u00eas Lagoas, os interessados dever\u00e3o se inscrever na P\u00e1gina do Candidato da Central de Sele\u00e7\u00e3o. Em Campo Grande, a inscri\u00e7\u00e3o dever\u00e1 ser feita em formul\u00e1rio eletr\u00f4nico.<\/p>\n<p>No ato da inscri\u00e7\u00e3o, o interessado dever\u00e1 informar a que p\u00fablico pertence: servidor\u00a0do IFMS, p\u00fablico externo ou professor da rede municipal de ensino de Campo Grande, sendo que essa \u00faltima op\u00e7\u00e3o aparecer\u00e1 apenas no formul\u00e1rio da capital.<\/p>\n<p>Ao final da inscri\u00e7\u00e3o, ser\u00e1 gerado um comprovante que dever\u00e1 ser guardado pelo\u00a0candidato.<\/p>\n<p><strong>Sele\u00e7\u00e3o<\/strong>\u00a0&#8211; Em Campo Grande, Corumb\u00e1, Ponta Por\u00e3 e Tr\u00eas Lagoas, os candidatos ser\u00e3o selecionados por meio de sorteio eletr\u00f4nico a ser realizado at\u00e9 10 de fevereiro.<\/p>\n<p>Nesses munic\u00edpios, o resultado final do processo seletivo ser\u00e1 divulgado at\u00e9 18 de fevereiro, com matr\u00edculas entre os dias 22 e 26 do mesmo m\u00eas. As aulas ter\u00e3o in\u00edcio no dia 1\u00ba de mar\u00e7o.<\/p>\n<p>Em Navira\u00ed, a sele\u00e7\u00e3o ser\u00e1 feita por meio da aplica\u00e7\u00e3o de prova escrita, prevista para 14 de fevereiro, sendo seguidas\u00a0 normas para a garantia do distanciamento social; e entrevista online, a ser realizada no per\u00edodo de 3 a 5 de mar\u00e7o.<\/p>\n<p>A divulga\u00e7\u00e3o do resultado final est\u00e1 prevista para 10 de mar\u00e7o, com matr\u00edculas entre os dias 11 e 18 do mesmo m\u00eas. As aulas ter\u00e3o in\u00edcio no dia 23 de mar\u00e7o.<\/p>\n<p>Os editais informam que\u00a0<a class=\"x_internal-link\" title=\"durante a suspens\u00e3o das atividades presenciais no do IFMS\" href=\"http:\/\/www.ifms.edu.br:9000\/lists\/lt.php?tid=KxlTUAEAUQlXUEtUAVZVTlAEAlBOAQ8ODxsOAwAAVQZUVQMBAw8fAFZTU1QPWAROAlwHUE4NXgFXG1lXUQBPAFIDDQsACFdWAgJfH1ICAwYCUlcDTghaXAYbDFZQBk8JVlZUH1AKVgBWAgNWVAIABw\" target=\"_blank\" rel=\"noopener noreferrer\">durante a suspens\u00e3o das atividades presenciais no do IFMS<\/a>, em raz\u00e3o da pandemia de Covid-19, as aulas ser\u00e3o realizadas de forma remota.<\/p>\n<p><strong>Quadro de Vagas<\/strong><\/p>\n<table class=\"x_plain\" border=\"1\">\n<tbody>\n<tr>\n<td><strong>Campus<\/strong><\/td>\n<td><strong>Vagas<\/strong><\/td>\n<td><strong>P\u00fablico<\/strong><\/td>\n<td><strong>Hor\u00e1rio de aula<\/strong><\/td>\n<td><strong>Atendimento<\/strong><\/td>\n<\/tr>\n<tr>\n<td>Campo Grande<\/td>\n<td>40<\/td>\n<td>Externo\/Geral (15)<br \/>\nProfessores da rede municipal (10)<br \/>\nServidores do IFMS (15)<\/td>\n<td>Ter\u00e7as e quintas-feiras<br \/>\n19h \u00e0s 22h<\/td>\n<td><a class=\"x_email-link\" title=\"cerel.cg@ifms.edu.br\" href=\"mailto:cerel.cg@ifms.edu.br\" rel=\"noreferrer\">cerel.cg@ifms.edu.br<\/a><\/td>\n<\/tr>\n<tr>\n<td>Corumb\u00e1<\/td>\n<td>40<\/td>\n<td>Externo\/Geral (20)<br \/>\nServidores do IFMS (20)<\/td>\n<td>Quartas e quintas-feiras<br \/>\n18h \u00e0s 23h<\/td>\n<td><a class=\"x_email-link\" title=\"cerel.cb@ifms.edu.br\" href=\"mailto:cerel.cb@ifms.edu.br\" rel=\"noreferrer\">cerel.cb@ifms.edu.br<\/a><\/td>\n<\/tr>\n<tr>\n<td>Navira\u00ed<\/td>\n<td>40<\/td>\n<td>Externo\/Geral (20)<br \/>\nServidores do IFMS (20)<\/td>\n<td>Ter\u00e7as e quintas-feiras<br \/>\n18h30 \u00e0s 22h30<\/td>\n<td><a class=\"x_email-link\" title=\"cerel.nv@ifms.edu.br\" href=\"mailto:cerel.nv@ifms.edu.br\" rel=\"noreferrer\">cerel.nv@ifms.edu.br<\/a><\/td>\n<\/tr>\n<tr>\n<td>Ponta Por\u00e3<\/td>\n<td>40<\/td>\n<td>Externo\/Geral (20)<br \/>\nServidores do IFMS (20)<\/td>\n<td>Sextas-feiras (vespertino) e<br \/>\ns\u00e1bados (matutino)<\/td>\n<td><a class=\"x_email-link\" title=\"cerel.pp@ifms.edu.br\" href=\"mailto:cerel.pp@ifms.edu.br\" rel=\"noreferrer\">cerel.pp@ifms.edu.br<\/a><\/td>\n<\/tr>\n<tr>\n<td>Tr\u00eas Lagoas<\/td>\n<td>40<\/td>\n<td>Externo\/Geral (20)<br \/>\nServidores do IFMS (20)<\/td>\n<td>S\u00e1bados<br \/>\n7h \u00e0s 12h e 13h \u00e0s 18h<\/td>\n<td><a class=\"x_email-link\" title=\"cerel.tl@ifms.edu.br\" href=\"mailto:cerel.tl@ifms.edu.br\" rel=\"noreferrer\">cerel.tl@ifms.edu.br<\/a><\/td>\n<\/tr>\n<\/tbody>\n<\/table>\n<\/div>\n<div class=\"x_documentDescription\"><\/div>\n","protected":false},"excerpt":{"rendered":"<p>O Instituto Federal de Mato Grosso do Sul (IFMS) publicou nessa quarta-feira, 6, editais de&#8230;<\/p>\n","protected":false},"author":9,"featured_media":0,"comment_status":"closed","ping_status":"closed","sticky":false,"template":"","format":"standard","meta":{"footnotes":""},"categories":[10],"tags":[],"class_list":["post-11711206","post","type-post","status-publish","format-standard","hentry","category-educacao"],"_links":{"self":[{"href":"https:\/\/www.corumbaonline.com.br\/news\/wp-json\/wp\/v2\/posts\/11711206","targetHints":{"allow":["GET"]}}],"collection":[{"href":"https:\/\/www.corumbaonline.com.br\/news\/wp-json\/wp\/v2\/posts"}],"about":[{"href":"https:\/\/www.corumbaonline.com.br\/news\/wp-json\/wp\/v2\/types\/post"}],"author":[{"embeddable":true,"href":"https:\/\/www.corumbaonline.com.br\/news\/wp-json\/wp\/v2\/users\/9"}],"replies":[{"embeddable":true,"href":"https:\/\/www.corumbaonline.com.br\/news\/wp-json\/wp\/v2\/comments?post=11711206"}],"version-history":[{"count":1,"href":"https:\/\/www.corumbaonline.com.br\/news\/wp-json\/wp\/v2\/posts\/11711206\/revisions"}],"predecessor-version":[{"id":11711207,"href":"https:\/\/www.corumbaonline.com.br\/news\/wp-json\/wp\/v2\/posts\/11711206\/revisions\/11711207"}],"wp:attachment":[{"href":"https:\/\/www.corumbaonline.com.br\/news\/wp-json\/wp\/v2\/media?parent=11711206"}],"wp:term":[{"taxonomy":"category","embeddable":true,"href":"https:\/\/www.corumbaonline.com.br\/news\/wp-json\/wp\/v2\/categories?post=11711206"},{"taxonomy":"post_tag","embeddable":true,"href":"https:\/\/www.corumbaonline.com.br\/news\/wp-json\/wp\/v2\/tags?post=11711206"}],"curies":[{"name":"wp","href":"https:\/\/api.w.org\/{rel}","templated":true}]}}