{"id":11711208,"date":"2021-01-07T10:57:00","date_gmt":"2021-01-07T14:57:00","guid":{"rendered":"http:\/\/www.corumbaonline.com.br\/news\/?p=11711208"},"modified":"2021-01-07T12:23:56","modified_gmt":"2021-01-07T16:23:56","slug":"morre-alex-apolinario-4-dias-apos-parada-cardiorrespiratoria-em-campo","status":"publish","type":"post","link":"https:\/\/www.corumbaonline.com.br\/news\/morre-alex-apolinario-4-dias-apos-parada-cardiorrespiratoria-em-campo\/","title":{"rendered":"Morre Alex Apolin\u00e1rio, 4 dias ap\u00f3s parada cardiorrespirat\u00f3ria em campo"},"content":{"rendered":"<div class=\"post-item-wrap\">\n<p>O jogador brasileiro Alex Apolin\u00e1rio n\u00e3o resistiu \u00e0\u00a0<a href=\"https:\/\/agenciabrasil.ebc.com.br\/esportes\/noticia\/2021-01\/alex-apolinario-sofre-parada-cardiorrespiratoria-em-jogo-em-portugal\">parada cardiorrespirat\u00f3ria que sofreu no\u00a0\u00faltimo domingo (3)<\/a>\u00a0e faleceu nesta quinta-feira (8) \u00a0em Portugal. O meia, de 24 anos, defendia o clube portugu\u00eas Alverca, que publicou uma nota no Instagram comunicando a morte cerebral do atleta.<img decoding=\"async\" src=\"https:\/\/agenciabrasil.ebc.com.br\/ebc.png?id=1398122&amp;o=node\" \/><img decoding=\"async\" src=\"https:\/\/agenciabrasil.ebc.com.br\/ebc.gif?id=1398122&amp;o=node\" \/><\/p>\n<p>&#8220;Com profundo pesar comunicamos, de acordo com as informa\u00e7\u00f5es prestadas pelo corpo m\u00e9dico do Hospital de Vila Franca de Xira, o falecimento por morte cerebral do nosso atleta Alex Sandro dos Santos Apolin\u00e1rio, esta manh\u00e3.O FC Alverca Futebol SAD prestar\u00e1 todo o apoio necess\u00e1rio a seus familiares.\u00a0Neste momento de luto todas as atividades do FC Alverca est\u00e3o canceladas&#8221;, disse\u00a0o clube portugu\u00eas.<\/p>\n<p><iframe id=\"instagram-embed-0\" class=\"instagram-media instagram-media-rendered\" src=\"https:\/\/www.instagram.com\/p\/CJvnUkhhVNz\/embed\/captioned\/?cr=1&amp;v=13&amp;wp=485&amp;rd=https%3A%2F%2Fagenciabrasil.ebc.com.br&amp;rp=%2Fesportes%2Fnoticia%2F2021-01%2Fmorre-alex-apolinario-4-dias-apos-parada-cardiorrespiratoria-em-campo#%7B%22ci%22%3A0%2C%22os%22%3A3857.8049999196082%2C%22ls%22%3A3535.8599999453872%2C%22le%22%3A3810.899999924004%7D\" height=\"973\" frameborder=\"0\" scrolling=\"no\" allowfullscreen=\"allowfullscreen\" data-instgrm-payload-id=\"instagram-media-payload-0\" data-mce-fragment=\"1\"><\/iframe>O jogador teve a parada card\u00edaca aos 27 minutos da primeira etapa do duelo entre \u00a0Alverca e UFC Almerim, domingo passado. Ele chegou a ser reanimado com ajuda de um desfribilador, e depois foi encaminhado pelos bombeiros ao hospital local.<\/p>\n<p>Natural de Ribeir\u00e3o Preto (SP), Alex Apolin\u00e1rio chegou ao Alverca no in\u00edcio de 2019. No Brasil, teve passagens por Cruzeiro, \u00faltimo clube que atuou no pa\u00eds, Botafogo-SP e Athletico-PR. Pelas redes sociais, os clubes prestaram homenagens ao jogador.<\/p>\n<div class=\"twitter-tweet twitter-tweet-rendered\"><iframe id=\"twitter-widget-0\" class=\"\" title=\"Twitter Tweet\" src=\"https:\/\/platform.twitter.com\/embed\/index.html?creatorScreenName=agenciabrasil&amp;dnt=false&amp;embedId=twitter-widget-0&amp;frame=false&amp;hideCard=false&amp;hideThread=false&amp;id=1347176836036501504&amp;lang=pt&amp;origin=https%3A%2F%2Fagenciabrasil.ebc.com.br%2Fesportes%2Fnoticia%2F2021-01%2Fmorre-alex-apolinario-4-dias-apos-parada-cardiorrespiratoria-em-campo&amp;siteScreenName=agenciabrasil&amp;theme=light&amp;widgetsVersion=ed20a2b%3A1601588405575&amp;width=550px\" frameborder=\"0\" scrolling=\"no\" allowfullscreen=\"allowfullscreen\" data-tweet-id=\"1347176836036501504\" data-mce-fragment=\"1\"><\/iframe><\/div>\n<div class=\"twitter-tweet twitter-tweet-rendered\"><iframe id=\"twitter-widget-1\" class=\"\" title=\"Twitter Tweet\" src=\"https:\/\/platform.twitter.com\/embed\/index.html?creatorScreenName=agenciabrasil&amp;dnt=false&amp;embedId=twitter-widget-1&amp;frame=false&amp;hideCard=false&amp;hideThread=false&amp;id=1347183178075828224&amp;lang=pt&amp;origin=https%3A%2F%2Fagenciabrasil.ebc.com.br%2Fesportes%2Fnoticia%2F2021-01%2Fmorre-alex-apolinario-4-dias-apos-parada-cardiorrespiratoria-em-campo&amp;siteScreenName=agenciabrasil&amp;theme=light&amp;widgetsVersion=ed20a2b%3A1601588405575&amp;width=550px\" frameborder=\"0\" scrolling=\"no\" allowfullscreen=\"allowfullscreen\" data-tweet-id=\"1347183178075828224\" data-mce-fragment=\"1\"><\/iframe><\/div>\n<\/div>\n","protected":false},"excerpt":{"rendered":"<p>O jogador brasileiro Alex Apolin\u00e1rio n\u00e3o resistiu \u00e0\u00a0parada cardiorrespirat\u00f3ria que sofreu no\u00a0\u00faltimo domingo (3)\u00a0e faleceu&#8230;<\/p>\n","protected":false},"author":4,"featured_media":11711209,"comment_status":"closed","ping_status":"closed","sticky":false,"template":"","format":"standard","meta":{"footnotes":""},"categories":[11],"tags":[],"class_list":["post-11711208","post","type-post","status-publish","format-standard","has-post-thumbnail","hentry","category-esporte"],"_links":{"self":[{"href":"https:\/\/www.corumbaonline.com.br\/news\/wp-json\/wp\/v2\/posts\/11711208","targetHints":{"allow":["GET"]}}],"collection":[{"href":"https:\/\/www.corumbaonline.com.br\/news\/wp-json\/wp\/v2\/posts"}],"about":[{"href":"https:\/\/www.corumbaonline.com.br\/news\/wp-json\/wp\/v2\/types\/post"}],"author":[{"embeddable":true,"href":"https:\/\/www.corumbaonline.com.br\/news\/wp-json\/wp\/v2\/users\/4"}],"replies":[{"embeddable":true,"href":"https:\/\/www.corumbaonline.com.br\/news\/wp-json\/wp\/v2\/comments?post=11711208"}],"version-history":[{"count":1,"href":"https:\/\/www.corumbaonline.com.br\/news\/wp-json\/wp\/v2\/posts\/11711208\/revisions"}],"predecessor-version":[{"id":11711210,"href":"https:\/\/www.corumbaonline.com.br\/news\/wp-json\/wp\/v2\/posts\/11711208\/revisions\/11711210"}],"wp:featuredmedia":[{"embeddable":true,"href":"https:\/\/www.corumbaonline.com.br\/news\/wp-json\/wp\/v2\/media\/11711209"}],"wp:attachment":[{"href":"https:\/\/www.corumbaonline.com.br\/news\/wp-json\/wp\/v2\/media?parent=11711208"}],"wp:term":[{"taxonomy":"category","embeddable":true,"href":"https:\/\/www.corumbaonline.com.br\/news\/wp-json\/wp\/v2\/categories?post=11711208"},{"taxonomy":"post_tag","embeddable":true,"href":"https:\/\/www.corumbaonline.com.br\/news\/wp-json\/wp\/v2\/tags?post=11711208"}],"curies":[{"name":"wp","href":"https:\/\/api.w.org\/{rel}","templated":true}]}}