{"id":11711236,"date":"2021-01-09T08:18:00","date_gmt":"2021-01-09T12:18:00","guid":{"rendered":"http:\/\/www.corumbaonline.com.br\/news\/?p=11711236"},"modified":"2021-01-09T08:24:55","modified_gmt":"2021-01-09T12:24:55","slug":"ifms-divulga-resultado-final-e-1a-chamada-para-cursos-tecnicos-integrados","status":"publish","type":"post","link":"https:\/\/www.corumbaonline.com.br\/news\/ifms-divulga-resultado-final-e-1a-chamada-para-cursos-tecnicos-integrados\/","title":{"rendered":"IFMS divulga resultado final e 1\u00aa chamada para cursos t\u00e9cnicos integrados"},"content":{"rendered":"<p dir=\"ltr\">O Instituto Federal de Mato Grosso do Sul (IFMS) divulgou nesta sexta-feira, 8, o\u00a0<a title=\"resultado final do processo seletivo para ingresso nos cursos t\u00e9cnicos integrados\" href=\"http:\/\/www.ifms.edu.br:9000\/lists\/lt.php?tid=KxlTAVBaWwkCU0tSUVlWTlBWUFpOWwAKBhsAU1FVV1VbXFcHVw8fBAUAUVVWBVFOXFBTVU4NCgwAGwBQU1dPVAAHUQYBClBWVAdQH1ICAwYCUlcDTghaXAYbDFZQBk8JVlZUH1AKVgBWAgNWVAIABw\" target=\"_blank\" rel=\"noopener noreferrer\">resultado final do processo seletivo para ingresso nos\u00a0cursos t\u00e9cnicos integrados<\/a>\u00a0ao ensino m\u00e9dio no primeiro semestre letivo deste ano.<\/p>\n<p dir=\"ltr\">Foram oferecidas 1.520 vagas para 11 op\u00e7\u00f5es de cursos nos munic\u00edpios de Aquidauana, Campo Grande, Corumb\u00e1, Coxim, Dourados, Jardim, Navira\u00ed, Nova Andradina, Ponta Por\u00e3 e Tr\u00eas Lagoas.<\/p>\n<p dir=\"ltr\">Tamb\u00e9m foram divulgados os\u00a0<a title=\"nomes dos convocados em primeira chamada para matr\u00edculas\" href=\"http:\/\/www.ifms.edu.br:9000\/lists\/lt.php?tid=KxlXA1MAUgAFBUtaUgUETlBQUAFOAVtaBBsJBFZSAQYFUQUKXQkfBAUAUVVWBVFOXFBTVU4NCgwAGwBQU1dPVAAHUQYBClBWVAdQH1ICAwYCUlcDTghaXAYbDFZQBk8JVlZUH1AKVgBWAgNWVAIABw\" target=\"_blank\" rel=\"noopener noreferrer\">nomes dos convocados em primeira chamada para matr\u00edculas<\/a>, que dever\u00e3o ser feitas no per\u00edodo de 12 a 20 de janeiro, exclusivamente pela internet.<\/p>\n<p dir=\"ltr\">O resultado final e a primeira chamada est\u00e3o publicados na\u00a0<a title=\"Central de Sele\u00e7\u00e3o do IFMS\" href=\"http:\/\/www.ifms.edu.br:9000\/lists\/lt.php?tid=KxlWB11dWlQCBEtRU1VQTlAEVFBOAA0NBhsIBFEABFVTXAFUXQEfBAUAUVVWBVFOXFBTVU4NCgwAGwBQU1dPVAAHUQYBClBWVAdQH1ICAwYCUlcDTghaXAYbDFZQBk8JVlZUH1AKVgBWAgNWVAIABw\" target=\"_blank\" rel=\"noopener noreferrer\">Central de Sele\u00e7\u00e3o do IFMS<\/a>.<\/p>\n<p dir=\"ltr\"><strong>Matr\u00edculas\u00a0<\/strong>&#8211; Dever\u00e3o ser feitas pelo\u00a0<a title=\"sistema de matr\u00edculas do IFMS\" href=\"http:\/\/www.ifms.edu.br:9000\/lists\/lt.php?tid=KxkHVAMAWgEBUksGVgJUTlADAQdOAF0NBxsOVFMKUANbBgwDB10fBAUAUVVWBVFOXFBTVU4NCgwAGwBQU1dPVAAHUQYBClBWVAdQH1ICAwYCUlcDTghaXAYbDFZQBk8JVlZUH1AKVgBWAgNWVAIABw\" target=\"_blank\" rel=\"noopener noreferrer\">sistema de matr\u00edculas do IFMS<\/a>. As orienta\u00e7\u00f5es para que os candidatos se matriculem de forma online est\u00e3o dispon\u00edveis no documento de convoca\u00e7\u00e3o da primeira chamada.<\/p>\n<p dir=\"ltr\">Caso seja o primeiro acesso ao sistema, o candidato dever\u00e1 clicar na op\u00e7\u00e3o \u201cAinda n\u00e3o tem Login? Clique aqui para ativar o seu acesso\u201d, informando posteriormente o n\u00famero do seu Cadastro de Pessoa F\u00edsica (CPF), data de nascimento e o e-mail cadastrado na Central de Sele\u00e7\u00e3o.<\/p>\n<p dir=\"ltr\">Ap\u00f3s ativar o acesso, ser\u00e1 preciso acessar novamente o sistema e fazer login utilizando o n\u00famero do CPF do candidato, que tamb\u00e9m dever\u00e1 ser preenchido no campo senha.<\/p>\n<p dir=\"ltr\">No sistema, o candidato ser\u00e1 informado sobre o tipo, semestre, chamada, curso e campus para o qual est\u00e1 apto a solicitar a matr\u00edcula. Caso alguma informa\u00e7\u00e3o esteja incorreta, dever\u00e1 enviar um e-mail para\u00a0<a title=\"processoseletivo@ifms.edu.br\" href=\"mailto:processoseletivo@ifms.edu.br\" rel=\"noreferrer\">processoseletivo@ifms.edu.br<\/a>.<\/p>\n<p dir=\"ltr\">O\u00a0<a title=\"question\u00e1rio socioecon\u00f4mico\" href=\"http:\/\/www.ifms.edu.br:9000\/lists\/lt.php?tid=KxlUCgcMVVZSA0tSVFlUTlAAV1VOAAsJAxsJAAQHAAdVUgVTUFkfBAUAUVVWBVFOXFBTVU4NCgwAGwBQU1dPVAAHUQYBClBWVAdQH1ICAwYCUlcDTghaXAYbDFZQBk8JVlZUH1AKVgBWAgNWVAIABw\" target=\"_blank\" rel=\"noopener noreferrer\">question\u00e1rio socioecon\u00f4mico<\/a>\u00a0dever\u00e1 ser preenchido, e os documentos solicitados no edital de convoca\u00e7\u00e3o da primeira chamada anexados ao sistema online de inscri\u00e7\u00f5es.<\/p>\n<p dir=\"ltr\"><strong>Atendimento presencial\u00a0<\/strong>&#8211; Caso o candidato n\u00e3o tenha acesso \u00e0 internet, ser\u00e1 poss\u00edvel solicitar acesso a um computador do IFMS para fazer ele pr\u00f3prio a matr\u00edcula online.<\/p>\n<p dir=\"ltr\">Para agendar o dia e o hor\u00e1rio para o atendimento presencial, o candidato dever\u00e1 enviar um e-mail ou whatsapp para a Central de Relacionamento (Cerel) do campus onde ir\u00e1 estudar.\u00a0Os\u00a0<a title=\"endere\u00e7os, e-mails e telefones de contato\" href=\"http:\/\/www.ifms.edu.br:9000\/lists\/lt.php?tid=KxkECldZAgdUAEtUUQRQTlBXV1NOWw9eABsIBQYLUggHUVNTUQsfBAUAUVVWBVFOXFBTVU4NCgwAGwBQU1dPVAAHUQYBClBWVAdQH1ICAwYCUlcDTghaXAYbDFZQBk8JVlZUH1AKVgBWAgNWVAIABw\" target=\"_blank\" rel=\"noopener noreferrer\">endere\u00e7os, e-mails e telefones de contato<\/a>\u00a0est\u00e3o dispon\u00edveis na Central de Sele\u00e7\u00e3o.<\/p>\n<p dir=\"ltr\">Para tirar d\u00favidas com rela\u00e7\u00e3o \u00e0 matr\u00edcula online ou caso encontre algum erro no sistema, o candidato deve encaminhar e-mail para\u00a0<a title=\"processoseletivo@ifms.edu.br\" href=\"mailto:processoseletivo@ifms.edu.br\" rel=\"noreferrer\">processoseletivo@ifms.edu.br<\/a>, utilizando seu e-mail cadastrado na Central de Sele\u00e7\u00e3o.<\/p>\n<p dir=\"ltr\"><strong>Sele\u00e7\u00e3o\u00a0<\/strong>&#8211; Os candidatos foram classificados com base nas notas obtidas nas disciplinas de L\u00edngua Portuguesa, Matem\u00e1tica, Ci\u00eancias, Hist\u00f3ria e Geografia no 8\u00ba ano do ensino fundamental.<\/p>\n<p dir=\"ltr\">Foram registradas 3.175 inscri\u00e7\u00f5es no processo seletivo. O curso mais concorrido foi Inform\u00e1tica, oferecido em Campo Grande, com 12,2 candidatos por vaga no per\u00edodo matutino e 6,6 no vespertino, seguido do mesmo curso ofertado no per\u00edodo matutino em Corumb\u00e1, com 5,6 candidatos por vaga.<\/p>\n<p dir=\"ltr\">Alguns cursos tiveram o n\u00famero de inscritos menor que o n\u00famero de vagas ofertadas. Nesse caso, todos os candidatos com inscri\u00e7\u00e3o homologada foram convocados na primeira chamada para matr\u00edculas.<\/p>\n<p dir=\"ltr\"><strong>Novas chamadas\u00a0<\/strong>&#8211; Ap\u00f3s o per\u00edodo de matr\u00edculas da primeira chamada, caso ainda haja vagas a serem preenchidas, novas chamadas ser\u00e3o publicadas na Central de Sele\u00e7\u00e3o.<\/p>\n<p dir=\"ltr\">De acordo com o\u00a0<a title=\"novo cronograma do processo seletivo\" href=\"http:\/\/www.ifms.edu.br:9000\/lists\/lt.php?tid=KxkAUANdB1RVVktTVlZXTlABC1JOWAgOARsMUQEHWlNaAwIKAVofBAUAUVVWBVFOXFBTVU4NCgwAGwBQU1dPVAAHUQYBClBWVAdQH1ICAwYCUlcDTghaXAYbDFZQBk8JVlZUH1AKVgBWAgNWVAIABw\" target=\"_blank\" rel=\"noopener noreferrer\">novo cronograma do processo seletivo<\/a>, a divulga\u00e7\u00e3o da segunda chamada est\u00e1 prevista para 25 de janeiro, com matr\u00edculas no per\u00edodo de 27 de janeiro a 4 de fevereiro. A terceira e quarta chamadas, caso haja vagas dispon\u00edveis, ser\u00e3o publicadas no dias 9 e 26 de fevereiro, respectivamente.<\/p>\n","protected":false},"excerpt":{"rendered":"<p>O Instituto Federal de Mato Grosso do Sul (IFMS) divulgou nesta sexta-feira, 8, o\u00a0resultado final&#8230;<\/p>\n","protected":false},"author":9,"featured_media":0,"comment_status":"closed","ping_status":"closed","sticky":false,"template":"","format":"standard","meta":{"footnotes":""},"categories":[10],"tags":[],"class_list":["post-11711236","post","type-post","status-publish","format-standard","hentry","category-educacao"],"_links":{"self":[{"href":"https:\/\/www.corumbaonline.com.br\/news\/wp-json\/wp\/v2\/posts\/11711236","targetHints":{"allow":["GET"]}}],"collection":[{"href":"https:\/\/www.corumbaonline.com.br\/news\/wp-json\/wp\/v2\/posts"}],"about":[{"href":"https:\/\/www.corumbaonline.com.br\/news\/wp-json\/wp\/v2\/types\/post"}],"author":[{"embeddable":true,"href":"https:\/\/www.corumbaonline.com.br\/news\/wp-json\/wp\/v2\/users\/9"}],"replies":[{"embeddable":true,"href":"https:\/\/www.corumbaonline.com.br\/news\/wp-json\/wp\/v2\/comments?post=11711236"}],"version-history":[{"count":1,"href":"https:\/\/www.corumbaonline.com.br\/news\/wp-json\/wp\/v2\/posts\/11711236\/revisions"}],"predecessor-version":[{"id":11711237,"href":"https:\/\/www.corumbaonline.com.br\/news\/wp-json\/wp\/v2\/posts\/11711236\/revisions\/11711237"}],"wp:attachment":[{"href":"https:\/\/www.corumbaonline.com.br\/news\/wp-json\/wp\/v2\/media?parent=11711236"}],"wp:term":[{"taxonomy":"category","embeddable":true,"href":"https:\/\/www.corumbaonline.com.br\/news\/wp-json\/wp\/v2\/categories?post=11711236"},{"taxonomy":"post_tag","embeddable":true,"href":"https:\/\/www.corumbaonline.com.br\/news\/wp-json\/wp\/v2\/tags?post=11711236"}],"curies":[{"name":"wp","href":"https:\/\/api.w.org\/{rel}","templated":true}]}}