{"id":11711238,"date":"2021-01-09T08:33:00","date_gmt":"2021-01-09T12:33:00","guid":{"rendered":"http:\/\/www.corumbaonline.com.br\/news\/?p=11711238"},"modified":"2021-01-09T08:32:42","modified_gmt":"2021-01-09T12:32:42","slug":"cano-se-antecipa-a-anuncio-do-vasco-e-comemora-permanencia-de-benitez-ele-fica","status":"publish","type":"post","link":"https:\/\/www.corumbaonline.com.br\/news\/cano-se-antecipa-a-anuncio-do-vasco-e-comemora-permanencia-de-benitez-ele-fica\/","title":{"rendered":"Cano se antecipa a an\u00fancio do Vasco e comemora perman\u00eancia de Ben\u00edtez: &#8220;Ele fica&#8221;"},"content":{"rendered":"<div class=\"mc-column content-text active-extra-styles \" data-block-type=\"unstyled\" data-block-weight=\"38\" data-block-id=\"2\">\n<p class=\"content-text__container \" data-track-category=\"Link no Texto\" data-track-links=\"\">Cano se antecipou ao an\u00fancio oficial do Vasco e comemorou o que definiu como perman\u00eancia de Ben\u00edtez. Em uma postagem em uma rede social, o centroavante garantiu que o meia acertou a continuidade no time de S\u00e3o Janu\u00e1rio.<\/p>\n<\/div>\n<div class=\"wall protected-content\">\n<div class=\"mc-column content-text active-extra-styles \" data-block-type=\"unstyled\" data-block-weight=\"10\" data-block-id=\"3\">\n<p class=\"content-text__container \" data-track-category=\"Link no Texto\" data-track-links=\"\">&#8211; Ele fica &#8211; escreveu o camisa 14 no Instagram.<\/p>\n<\/div>\n<div class=\"mc-column content-text active-extra-styles \" data-block-type=\"unstyled\" data-block-weight=\"36\" data-block-id=\"4\">\n<p class=\"content-text__container \" data-track-category=\"Link no Texto\" data-track-links=\"\">Como mostrado pelo\u00a0<strong>ge<\/strong>, o Vasco encaminhou a renova\u00e7\u00e3o do empr\u00e9stimo com o Independiente por mais seis meses.\u00a0Alexandre Campello, atual presidente, ali\u00e1s, chegou a dizer que a expectativa era finalizar a negocia\u00e7\u00e3o ainda nesta sexta-feira.<\/p>\n<figure>\n<p><figure style=\"width: 647px\" class=\"wp-caption alignnone\"><img loading=\"lazy\" decoding=\"async\" class=\"i-amphtml-fill-content i-amphtml-replaced-content\" src=\"https:\/\/s2.glbimg.com\/TnIJMMLkSYPyo919d-MikhSUkHk=\/0x0:443x605\/984x0\/smart\/filters:strip_icc()\/i.s3.glbimg.com\/v1\/AUTH_bc8228b6673f488aa253bbcb03c80ec5\/internal_photos\/bs\/2021\/i\/c\/fgS3tcRZ6WKta7BuG5Nw\/whatsapp-image-2021-01-08-at-16.58.28.jpeg\" sizes=\"auto, (max-width: 1366px) 648px, 100vw\" srcset=\"https:\/\/s2.glbimg.com\/raXYhBdE3qfyR7iJJY5q1i7W6Y4=\/0x0:443x605\/1000x0\/smart\/filters:strip_icc()\/i.s3.glbimg.com\/v1\/AUTH_bc8228b6673f488aa253bbcb03c80ec5\/internal_photos\/bs\/2021\/i\/c\/fgS3tcRZ6WKta7BuG5Nw\/whatsapp-image-2021-01-08-at-16.58.28.jpeg 1000w, https:\/\/s2.glbimg.com\/TnIJMMLkSYPyo919d-MikhSUkHk=\/0x0:443x605\/984x0\/smart\/filters:strip_icc()\/i.s3.glbimg.com\/v1\/AUTH_bc8228b6673f488aa253bbcb03c80ec5\/internal_photos\/bs\/2021\/i\/c\/fgS3tcRZ6WKta7BuG5Nw\/whatsapp-image-2021-01-08-at-16.58.28.jpeg 984w, https:\/\/s2.glbimg.com\/Qh4CBOg-f4KCJSNUXzRdQgSrTgU=\/0x0:443x605\/640x0\/smart\/filters:strip_icc()\/i.s3.glbimg.com\/v1\/AUTH_bc8228b6673f488aa253bbcb03c80ec5\/internal_photos\/bs\/2021\/i\/c\/fgS3tcRZ6WKta7BuG5Nw\/whatsapp-image-2021-01-08-at-16.58.28.jpeg 640w, https:\/\/s2.glbimg.com\/ENiCpbA7Lmjj7uOmOFptaDSEaGo=\/0x0:443x605\/600x0\/smart\/filters:strip_icc()\/i.s3.glbimg.com\/v1\/AUTH_bc8228b6673f488aa253bbcb03c80ec5\/internal_photos\/bs\/2021\/i\/c\/fgS3tcRZ6WKta7BuG5Nw\/whatsapp-image-2021-01-08-at-16.58.28.jpeg 600w\" alt=\"Cano diz que Ben\u00edtez fica no Vasco \u2014 Foto: Reprodu\u00e7\u00e3o\" width=\"647\" height=\"885\" \/><figcaption class=\"wp-caption-text\">Cano diz que Ben\u00edtez fica no Vasco (Foto: Reprodu\u00e7\u00e3o)<\/figcaption><\/figure><\/figure>\n<p data-track-category=\"Link no Texto\" data-track-links=\"\">A postagem de Cano lembra uma de Piqu\u00e9 em 2017. Na ocasi\u00e3o, o zagueiro do Barcelona tamb\u00e9m publicou uma foto com Neymar, que negociava com o PSG, dizendo &#8220;fica&#8221;. Por\u00e9m, o atleta brasileiro acabou trocando de clube.<\/p>\n<div class=\"mc-column content-text active-extra-styles \" data-block-type=\"unstyled\" data-block-weight=\"66\" data-block-id=\"8\">\n<p class=\"content-text__container \" data-track-category=\"Link no Texto\" data-track-links=\"\">O acordo do Vasco com o time argentino prev\u00ea a renova\u00e7\u00e3o do empr\u00e9stimo por mais seis meses. O Vasco seguir\u00e1 com a op\u00e7\u00e3o de compra de 60% dos direitos do argentino por US$ 4 milh\u00f5es (R$ 20,5 milh\u00f5es). Os valores envolvidos n\u00e3o foram revelados. De acordo com a emissora argentina TYC Sports, o Independiente vai receber US$ 250 mil (cerca de R$ 1,3 milh\u00e3o) pelo empr\u00e9stimo.<\/p>\n<\/div>\n<div class=\"mc-column content-text active-extra-styles \" data-block-type=\"unstyled\" data-block-weight=\"41\" data-block-id=\"9\">\n<p class=\"content-text__container \" data-track-category=\"Link no Texto\" data-track-links=\"\">Contratado em fevereiro do ano passado, Ben\u00edtez disputou 26 jogos e marcou dois gols pelo Vasco. O meia caiu nas gra\u00e7as da torcida e fez seu \u00faltimo jogo no empate por 1 a 1 com o Fluminense, em 13 de dezembro.<\/p>\n<p data-track-category=\"Link no Texto\" data-track-links=\"\">\n<\/div>\n<\/div>\n<\/div>\n","protected":false},"excerpt":{"rendered":"<p>Cano se antecipou ao an\u00fancio oficial do Vasco e comemorou o que definiu como perman\u00eancia&#8230;<\/p>\n","protected":false},"author":50,"featured_media":0,"comment_status":"closed","ping_status":"closed","sticky":false,"template":"","format":"standard","meta":{"footnotes":""},"categories":[11],"tags":[],"class_list":["post-11711238","post","type-post","status-publish","format-standard","hentry","category-esporte"],"_links":{"self":[{"href":"https:\/\/www.corumbaonline.com.br\/news\/wp-json\/wp\/v2\/posts\/11711238","targetHints":{"allow":["GET"]}}],"collection":[{"href":"https:\/\/www.corumbaonline.com.br\/news\/wp-json\/wp\/v2\/posts"}],"about":[{"href":"https:\/\/www.corumbaonline.com.br\/news\/wp-json\/wp\/v2\/types\/post"}],"author":[{"embeddable":true,"href":"https:\/\/www.corumbaonline.com.br\/news\/wp-json\/wp\/v2\/users\/50"}],"replies":[{"embeddable":true,"href":"https:\/\/www.corumbaonline.com.br\/news\/wp-json\/wp\/v2\/comments?post=11711238"}],"version-history":[{"count":1,"href":"https:\/\/www.corumbaonline.com.br\/news\/wp-json\/wp\/v2\/posts\/11711238\/revisions"}],"predecessor-version":[{"id":11711239,"href":"https:\/\/www.corumbaonline.com.br\/news\/wp-json\/wp\/v2\/posts\/11711238\/revisions\/11711239"}],"wp:attachment":[{"href":"https:\/\/www.corumbaonline.com.br\/news\/wp-json\/wp\/v2\/media?parent=11711238"}],"wp:term":[{"taxonomy":"category","embeddable":true,"href":"https:\/\/www.corumbaonline.com.br\/news\/wp-json\/wp\/v2\/categories?post=11711238"},{"taxonomy":"post_tag","embeddable":true,"href":"https:\/\/www.corumbaonline.com.br\/news\/wp-json\/wp\/v2\/tags?post=11711238"}],"curies":[{"name":"wp","href":"https:\/\/api.w.org\/{rel}","templated":true}]}}