{"id":11711242,"date":"2021-01-08T16:10:00","date_gmt":"2021-01-08T20:10:00","guid":{"rendered":"http:\/\/www.corumbaonline.com.br\/news\/?p=11711242"},"modified":"2021-01-09T08:38:45","modified_gmt":"2021-01-09T12:38:45","slug":"recuperado-da-covid-19-vice-prefeito-assume-funcoes-na-prefeitura-de-corumba","status":"publish","type":"post","link":"https:\/\/www.corumbaonline.com.br\/news\/recuperado-da-covid-19-vice-prefeito-assume-funcoes-na-prefeitura-de-corumba\/","title":{"rendered":"Recuperado da Covid-19, vice-prefeito assume fun\u00e7\u00f5es na Prefeitura de Corumb\u00e1"},"content":{"rendered":"<p>O vice-prefeito Dirceu Migu\u00e9is Pinto assumiu nesta sexta-feira, 8 de janeiro, suas atribui\u00e7\u00f5es na Prefeitura de Corumb\u00e1. Aos 66 anos de idade, ele se recuperou da Covid-19. Dirceu apresentou sintomas leves da doen\u00e7a e cumpriu todo o per\u00edodo de quarentema isolado em casa.<\/p>\n<p>\u201cGra\u00e7as a Deus o Dirceu venceu o Coronav\u00edrus e est\u00e1 se juntando a gente, \u00e0 nossa equipe. Ele \u00e9 uma pessoa muito experiente, muito competente e ser\u00e1 extremamente importante para mais essa nossa gest\u00e3o \u00e0 frente da Prefeitura\u201d, comentou o prefeito Marcelo Iunes.<\/p>\n<p>\u201cPrimeiramente gostaria de agradecer todas as ora\u00e7\u00f5es e todo apoio que recebi desde quando fui diagnosticado, no final de dezembro. Essa \u00e9 uma doen\u00e7a muito s\u00e9ria, que infelizmente j\u00e1 tirou a vida de muitas pessoas em nossa cidade e em todo mundo. Gra\u00e7as a Deus n\u00e3o tive maiores complica\u00e7\u00f5es e hoje pude assumir minhas atribui\u00e7\u00f5es ao lado do prefeito Marcelo Iunes\u201d, afirmou Dirceu Migu\u00e9is Pinto.<\/p>\n<p>\u201cJ\u00e1 conversei bastante (com o prefeito) nessa parte t\u00e9cnica e vou atuar muito na \u00e1rea da infraestrutura, agroneg\u00f3cio, onde tenho uma relativa experi\u00eancia. Como j\u00e1 disse anteriormente, tamb\u00e9m quero atuar na \u00e1rea da Educa\u00e7\u00e3o, pois todo o principio b\u00e1sico de uma popula\u00e7\u00e3o se inicia na Secretaria da Educa\u00e7\u00e3o\u201d, continuou o vice-prefeito.<\/p>\n<p>\u201cVamos tamb\u00e9m dar apoio na \u00e1rea t\u00e9cnica, na \u00e1rea da ind\u00fastria e com\u00e9rcio, dentro daquilo que a gente tem de conhecimento nesse tempo que passei na C\u00e2mara\u201d, finalizou Dirceu Migu\u00e9is.<\/p>\n","protected":false},"excerpt":{"rendered":"<p>O vice-prefeito Dirceu Migu\u00e9is Pinto assumiu nesta sexta-feira, 8 de janeiro, suas atribui\u00e7\u00f5es na Prefeitura&#8230;<\/p>\n","protected":false},"author":70,"featured_media":11711243,"comment_status":"closed","ping_status":"closed","sticky":false,"template":"","format":"standard","meta":{"footnotes":""},"categories":[19],"tags":[],"class_list":["post-11711242","post","type-post","status-publish","format-standard","has-post-thumbnail","hentry","category-politica"],"_links":{"self":[{"href":"https:\/\/www.corumbaonline.com.br\/news\/wp-json\/wp\/v2\/posts\/11711242","targetHints":{"allow":["GET"]}}],"collection":[{"href":"https:\/\/www.corumbaonline.com.br\/news\/wp-json\/wp\/v2\/posts"}],"about":[{"href":"https:\/\/www.corumbaonline.com.br\/news\/wp-json\/wp\/v2\/types\/post"}],"author":[{"embeddable":true,"href":"https:\/\/www.corumbaonline.com.br\/news\/wp-json\/wp\/v2\/users\/70"}],"replies":[{"embeddable":true,"href":"https:\/\/www.corumbaonline.com.br\/news\/wp-json\/wp\/v2\/comments?post=11711242"}],"version-history":[{"count":1,"href":"https:\/\/www.corumbaonline.com.br\/news\/wp-json\/wp\/v2\/posts\/11711242\/revisions"}],"predecessor-version":[{"id":11711244,"href":"https:\/\/www.corumbaonline.com.br\/news\/wp-json\/wp\/v2\/posts\/11711242\/revisions\/11711244"}],"wp:featuredmedia":[{"embeddable":true,"href":"https:\/\/www.corumbaonline.com.br\/news\/wp-json\/wp\/v2\/media\/11711243"}],"wp:attachment":[{"href":"https:\/\/www.corumbaonline.com.br\/news\/wp-json\/wp\/v2\/media?parent=11711242"}],"wp:term":[{"taxonomy":"category","embeddable":true,"href":"https:\/\/www.corumbaonline.com.br\/news\/wp-json\/wp\/v2\/categories?post=11711242"},{"taxonomy":"post_tag","embeddable":true,"href":"https:\/\/www.corumbaonline.com.br\/news\/wp-json\/wp\/v2\/tags?post=11711242"}],"curies":[{"name":"wp","href":"https:\/\/api.w.org\/{rel}","templated":true}]}}