{"id":11711268,"date":"2021-01-11T08:15:00","date_gmt":"2021-01-11T12:15:00","guid":{"rendered":"http:\/\/www.corumbaonline.com.br\/news\/?p=11711268"},"modified":"2021-01-11T10:33:41","modified_gmt":"2021-01-11T14:33:41","slug":"eleitor-tem-ate-esta-semana-para-justificar-ausencia-no-1o-turno","status":"publish","type":"post","link":"https:\/\/www.corumbaonline.com.br\/news\/eleitor-tem-ate-esta-semana-para-justificar-ausencia-no-1o-turno\/","title":{"rendered":"Eleitor tem at\u00e9 esta semana para justificar aus\u00eancia no 1\u00ba turno"},"content":{"rendered":"<p>O eleitor que n\u00e3o compareceu \u00e0s urnas no primeiro turno das elei\u00e7\u00f5es municipais<span id=\"OBJ_PREFIX_DWT375_com_zimbra_date\">\u00a0de novembro<\/span>\u00a0tem at\u00e9 esta semana para justificar a aus\u00eancia. Caso o procedimento n\u00e3o seja realizado, ser\u00e1 preciso pagar uma multa. Quem n\u00e3o regularizar a situa\u00e7\u00e3o pode ficar sujeito a restri\u00e7\u00f5es.<img decoding=\"async\" src=\"https:\/\/agenciabrasil.ebc.com.br\/ebc.png?id=1398343&amp;o=node\" \/><img decoding=\"async\" src=\"https:\/\/agenciabrasil.ebc.com.br\/ebc.gif?id=1398343&amp;o=node\" \/><\/p>\n<p>O prazo vence na\u00a0<span id=\"OBJ_PREFIX_DWT334_com_zimbra_date\" role=\"link\">quinta<\/span>-feira (14) para quem faltou ao primeiro turno das elei\u00e7\u00f5es municipais 2020. Para o segundo turno, o limite \u00e9\u00a0<span id=\"OBJ_PREFIX_DWT376_com_zimbra_date\"><span id=\"OBJ_PREFIX_DWT335_com_zimbra_date\" role=\"link\">28 de janeiro<\/span><\/span>.<\/p>\n<p>O Tribunal Superior Eleitoral (TSE) recomenda que a justificativa seja feita, preferencialmente, por meio do aplicativo e-T\u00edtulo, dispon\u00edvel para celulares com sistemas operacionais Android ou iOS.<\/p>\n<p>O procedimento pode ser feito tamb\u00e9m pela internet, por meio do\u00a0<a href=\"https:\/\/justifica.tse.jus.br\/\" target=\"_blank\" rel=\"noopener\">Sistema Justifica<\/a>. Ou ainda de modo presencial, no Cart\u00f3rio Eleitoral. Em qualquer um dos casos, o eleitor precisar\u00e1 preencher um Requerimento de Justificativa Eleitoral (RJE), descrevendo por que n\u00e3o votou. O TSE pede que seja anexada documenta\u00e7\u00e3o que comprove a raz\u00e3o da falta.<\/p>\n<p>Isso porque o RJE pode ser recusado pela Justi\u00e7a Eleitoral, se a justificativa n\u00e3o for plaus\u00edvel ou se o formul\u00e1rio for preenchido com informa\u00e7\u00f5es que n\u00e3o permitam identificar corretamente o eleitor, por exemplo.<\/p>\n<p>Se tiver o requerimento negado, para regularizar a situa\u00e7\u00e3o o eleitor precisar\u00e1 pagar a mesma multa de quem perdeu o prazo para a justificativa. O valor da multa pode variar, de acordo com o estipulado pelo ju\u00edzo de cada zona eleitoral. Existe a possibilidade de o eleitor solicitar isen\u00e7\u00e3o, se puder comprovar que n\u00e3o tem recursos para arcar com a penalidade.<\/p>\n<p>Cada justificativa \u00e9 v\u00e1lida somente para o turno ao qual o eleitor n\u00e3o compareceu por estar fora de seu domic\u00edlio eleitoral. Ou seja, se n\u00e3o tiver votado no primeiro e no segundo turno da elei\u00e7\u00e3o,\u00a0<span id=\"OBJ_PREFIX_DWT378_com_zimbra_date\"><span id=\"OBJ_PREFIX_DWT337_com_zimbra_date\" role=\"link\">ter<\/span><\/span>\u00e1 de justificar a aus\u00eancia de cada um, separadamente, obedecendo aos mesmos requisitos e prazos de cada turno.<\/p>\n<p>Nas elei\u00e7\u00f5es 2020 foi registrada absten\u00e7\u00e3o recorde tanto no primeiro (23,14% do eleitorado) quanto no segundo (29,5%). Quando foram realizadas as vota\u00e7\u00f5es, o Brasil tinha 147.918.483 eleitores aptos a votar.<\/p>\n<p>A justificativa para a aus\u00eancia \u00e9 necess\u00e1ria porque o voto \u00e9 obrigat\u00f3rio para quem tem entre 18 e 70 anos, conforme o Artigo 14 da Constitui\u00e7\u00e3o. Quem n\u00e3o justificar e n\u00e3o pagar a multa para regularizar a situa\u00e7\u00e3o junto \u00e0 Justi\u00e7a Eleitoral fica sujeito a uma s\u00e9rie de restri\u00e7\u00f5es legais, impedido de:<\/p>\n<p>&#8211; obter passaporte\u00a0ou carteira de identidade;<\/p>\n<p>&#8211; receber vencimentos, remunera\u00e7\u00e3o, sal\u00e1rio ou proventos de fun\u00e7\u00e3o ou emprego p\u00fablico, aut\u00e1rquico ou paraestatal, bem como funda\u00e7\u00f5es governamentais, empresas, institutos e sociedades de qualquer natureza, mantidas ou subvencionadas pelo governo ou que exer\u00e7am servi\u00e7o p\u00fablico delegado, correspondentes ao segundo m\u00eas subsequente ao da elei\u00e7\u00e3o;<\/p>\n<p>&#8211; participar de concorr\u00eancia p\u00fablica ou administrativa da Uni\u00e3o, dos estados, dos territ\u00f3rios, do Distrito Federal, dos munic\u00edpios ou das respectivas autarquias;<\/p>\n<p>&#8211; obter empr\u00e9stimos nas autarquias, nas sociedades de economia mista, nas caixas econ\u00f4micas federais e estaduais, nos institutos e caixas de Previd\u00eancia Social, bem como em qualquer estabelecimento de cr\u00e9dito mantido pelo governo, ou de cuja administra\u00e7\u00e3o este participe, e com essas entidades celebrar contratos;<\/p>\n<p>&#8211; inscrever-se em concurso ou prova para cargo ou fun\u00e7\u00e3o p\u00fablica, e neles ser investido ou empossado;<\/p>\n<p>&#8211;\u00a0renovar matr\u00edcula em estabelecimento de ensino oficial ou fiscalizado pelo governo;<\/p>\n<p>&#8211; praticar qualquer ato para o qual se exija quita\u00e7\u00e3o do servi\u00e7o militar ou imposto de renda;<\/p>\n<p>&#8211; obter certid\u00e3o de quita\u00e7\u00e3o eleitoral;<\/p>\n<p>&#8211; obter qualquer documento perante reparti\u00e7\u00f5es diplom\u00e1ticas a que estiver subordinado.<\/p>\n","protected":false},"excerpt":{"rendered":"<p>O eleitor que n\u00e3o compareceu \u00e0s urnas no primeiro turno das elei\u00e7\u00f5es municipais\u00a0de novembro\u00a0tem at\u00e9&#8230;<\/p>\n","protected":false},"author":4,"featured_media":0,"comment_status":"closed","ping_status":"closed","sticky":false,"template":"","format":"standard","meta":{"footnotes":""},"categories":[101,19],"tags":[],"class_list":["post-11711268","post","type-post","status-publish","format-standard","hentry","category-eleicoes","category-politica"],"_links":{"self":[{"href":"https:\/\/www.corumbaonline.com.br\/news\/wp-json\/wp\/v2\/posts\/11711268","targetHints":{"allow":["GET"]}}],"collection":[{"href":"https:\/\/www.corumbaonline.com.br\/news\/wp-json\/wp\/v2\/posts"}],"about":[{"href":"https:\/\/www.corumbaonline.com.br\/news\/wp-json\/wp\/v2\/types\/post"}],"author":[{"embeddable":true,"href":"https:\/\/www.corumbaonline.com.br\/news\/wp-json\/wp\/v2\/users\/4"}],"replies":[{"embeddable":true,"href":"https:\/\/www.corumbaonline.com.br\/news\/wp-json\/wp\/v2\/comments?post=11711268"}],"version-history":[{"count":1,"href":"https:\/\/www.corumbaonline.com.br\/news\/wp-json\/wp\/v2\/posts\/11711268\/revisions"}],"predecessor-version":[{"id":11711269,"href":"https:\/\/www.corumbaonline.com.br\/news\/wp-json\/wp\/v2\/posts\/11711268\/revisions\/11711269"}],"wp:attachment":[{"href":"https:\/\/www.corumbaonline.com.br\/news\/wp-json\/wp\/v2\/media?parent=11711268"}],"wp:term":[{"taxonomy":"category","embeddable":true,"href":"https:\/\/www.corumbaonline.com.br\/news\/wp-json\/wp\/v2\/categories?post=11711268"},{"taxonomy":"post_tag","embeddable":true,"href":"https:\/\/www.corumbaonline.com.br\/news\/wp-json\/wp\/v2\/tags?post=11711268"}],"curies":[{"name":"wp","href":"https:\/\/api.w.org\/{rel}","templated":true}]}}