{"id":11711379,"date":"2021-01-15T11:17:00","date_gmt":"2021-01-15T15:17:00","guid":{"rendered":"http:\/\/www.corumbaonline.com.br\/news\/?p=11711379"},"modified":"2021-01-15T11:45:56","modified_gmt":"2021-01-15T15:45:56","slug":"prefeitura-atendeu-347-familias-afetadas-pela-enxurrada-da-quarta-feira-trabalho-agora-segue-nos-cras","status":"publish","type":"post","link":"https:\/\/www.corumbaonline.com.br\/news\/prefeitura-atendeu-347-familias-afetadas-pela-enxurrada-da-quarta-feira-trabalho-agora-segue-nos-cras\/","title":{"rendered":"Prefeitura atendeu 347 fam\u00edlias afetadas pela enxurrada da quarta-feira; trabalho agora segue nos CRAS"},"content":{"rendered":"<p>A Prefeitura de Corumb\u00e1 j\u00e1 atendeu 347 fam\u00edlias afetadas pela enxurrada da \u00faltima quarta-feira, dia 13 de janeiro. Praticamente todas moram no Cristo Redentor e no Cravo Vermelho, onde a grande quantidade de \u00e1gua em um curto espa\u00e7o de tempo provocou alagamentos. N\u00e3o houve nenhum registro de feridos, apenas danos materiais.<\/p>\n<p>De acordo com os dados do Inmet (Instituto Nacional de Meteorologia), Corumb\u00e1 foi a cidade brasileira onde mais choveu no \u00faltimo dia 13. Segundo o CEMADEN (Centro Nacional de Monitoramento e Alertas de Desastres Naturais), a precipita\u00e7\u00e3o pluviom\u00e9trica foi de 187,2 mil\u00edmetros em aproximadamente 8 horas.<\/p>\n<p>No mesmo dia, a Prefeitura montou uma estrutura emergencial na escola Jos\u00e9 de Souza Damy para atender as pessoas afetadas pelas \u00e1guas. Foram 220 fam\u00edlias assistidas no dia 13 e 127 no dia 14. Equipes da Defesa Civil, da Secretaria de Infraestrutura e Servi\u00e7os P\u00fablicos e da Guarda Municipal ficaram de plant\u00e3o tamb\u00e9m durante a noite a madrugada desses dois dias.<\/p>\n<p>Contrariando a previs\u00e3o meteorol\u00f3gica para o per\u00edodo, a chuva deu uma tr\u00e9gua e n\u00e3o houve necessidade de acionar os plantonistas. A Secretaria Municipal de Assist\u00eancia Social e Cidadania, que coordena a a\u00e7\u00e3o, encerraria na noite da quinta-feira o atendimento na escola Damy, mas como houve procura da popula\u00e7\u00e3o, os trabalhos seguiram no local at\u00e9 parte da manh\u00e3 desta sexta-feira, 15.<\/p>\n<p>\u201cA partir de agora nosso trabalho segue nos CRAS (Centro de Refer\u00eancia de Assist\u00eancia Social), onde as fam\u00edlias necessitadas podem procurar atendimento especializado. Toda doa\u00e7\u00e3o que recebemos e que ainda n\u00e3o foram repassadas ser\u00e3o levadas para estes locais e ficar\u00e3o \u00e0 disposi\u00e7\u00e3o da comunidade\u201d, explicou a secret\u00e1ria municipal de Assist\u00eancia, Amanda Balancieri Iunes.<\/p>\n<p>\u201c\u00c9 importante neste momento agradecer todas as doa\u00e7\u00f5es. A popula\u00e7\u00e3o foi muito sol\u00edcita no pedido das doa\u00e7\u00f5es, o povo de Corumb\u00e1 est\u00e1 de parab\u00e9ns por esse olhar carinhoso, por esta demonstra\u00e7\u00e3o de amor ao pr\u00f3ximo, assim como as entidades as ONGs que nos ajudaram. Quem ainda tiver algum donativo pode direcionar para qualquer um dos CRAS\u201d, completou Amanda.<\/p>\n<p>Todos os colch\u00f5es doados pela comunidade j\u00e1 foram entregues, assim como os alimentos e boa parte das roupas. Todas as fam\u00edlias afetadas tamb\u00e9m receberam sacol\u00f5es e itens de higiene pessoal. A Prefeitura est\u00e1 trabalhando para adquirir mais colch\u00f5es e outros produtos, com lonas e cobertores. Servidores est\u00e3o visitando cada uma das casas afetadas para fazer um atendimento individual e levantar a necessidade de cada fam\u00edlia.<\/p>\n","protected":false},"excerpt":{"rendered":"<p>A Prefeitura de Corumb\u00e1 j\u00e1 atendeu 347 fam\u00edlias afetadas pela enxurrada da \u00faltima quarta-feira, dia&#8230;<\/p>\n","protected":false},"author":70,"featured_media":11711380,"comment_status":"closed","ping_status":"closed","sticky":false,"template":"","format":"standard","meta":{"footnotes":""},"categories":[14],"tags":[],"class_list":["post-11711379","post","type-post","status-publish","format-standard","has-post-thumbnail","hentry","category-geral"],"_links":{"self":[{"href":"https:\/\/www.corumbaonline.com.br\/news\/wp-json\/wp\/v2\/posts\/11711379","targetHints":{"allow":["GET"]}}],"collection":[{"href":"https:\/\/www.corumbaonline.com.br\/news\/wp-json\/wp\/v2\/posts"}],"about":[{"href":"https:\/\/www.corumbaonline.com.br\/news\/wp-json\/wp\/v2\/types\/post"}],"author":[{"embeddable":true,"href":"https:\/\/www.corumbaonline.com.br\/news\/wp-json\/wp\/v2\/users\/70"}],"replies":[{"embeddable":true,"href":"https:\/\/www.corumbaonline.com.br\/news\/wp-json\/wp\/v2\/comments?post=11711379"}],"version-history":[{"count":1,"href":"https:\/\/www.corumbaonline.com.br\/news\/wp-json\/wp\/v2\/posts\/11711379\/revisions"}],"predecessor-version":[{"id":11711381,"href":"https:\/\/www.corumbaonline.com.br\/news\/wp-json\/wp\/v2\/posts\/11711379\/revisions\/11711381"}],"wp:featuredmedia":[{"embeddable":true,"href":"https:\/\/www.corumbaonline.com.br\/news\/wp-json\/wp\/v2\/media\/11711380"}],"wp:attachment":[{"href":"https:\/\/www.corumbaonline.com.br\/news\/wp-json\/wp\/v2\/media?parent=11711379"}],"wp:term":[{"taxonomy":"category","embeddable":true,"href":"https:\/\/www.corumbaonline.com.br\/news\/wp-json\/wp\/v2\/categories?post=11711379"},{"taxonomy":"post_tag","embeddable":true,"href":"https:\/\/www.corumbaonline.com.br\/news\/wp-json\/wp\/v2\/tags?post=11711379"}],"curies":[{"name":"wp","href":"https:\/\/api.w.org\/{rel}","templated":true}]}}