{"id":11711483,"date":"2021-01-19T10:33:00","date_gmt":"2021-01-19T14:33:00","guid":{"rendered":"http:\/\/www.corumbaonline.com.br\/news\/?p=11711483"},"modified":"2021-01-19T12:22:55","modified_gmt":"2021-01-19T16:22:55","slug":"povo-das-aguas-inicia-atendimento-aos-ribeirinhos-da-parte-alta-do-rio-paraguai","status":"publish","type":"post","link":"https:\/\/www.corumbaonline.com.br\/news\/povo-das-aguas-inicia-atendimento-aos-ribeirinhos-da-parte-alta-do-rio-paraguai\/","title":{"rendered":"Povo das \u00c1guas inicia atendimento aos ribeirinhos da parte alta do rio Paraguai"},"content":{"rendered":"<p style=\"border: 0px; font-size: 17px; margin-bottom: 1.6em; outline: 0px; padding: 0px; vertical-align: baseline; color: #808285; font-family: 'Roboto Condensed', sans-serif;\">A Prefeitura de Corumb\u00e1 iniciou na manh\u00e3 de hoje, 19 de janeiro, os atendimentos do programa social Povo das \u00c1guas \u00e0s fam\u00edlias residentes na regi\u00e3o da parte alta do rio Paraguai e rio S\u00e3o Louren\u00e7o. \u00a0Nesta ter\u00e7a, a presta\u00e7\u00e3o de servi\u00e7os acontece na regi\u00e3o do Castelo.<\/p>\n<p style=\"border: 0px; font-size: 17px; margin-top: 0px; margin-bottom: 1.6em; outline: 0px; padding: 0px; vertical-align: baseline; color: #808285; font-family: 'Roboto Condensed', sans-serif;\">Os profissionais da Prefeitura partiram na noite de ontem, dia 18, para o atendimento aos ribeirinhos. A secret\u00e1ria Municipal de Assist\u00eancia Social e Cidadania, Amanda Balancieri Iunes, acompanhou a partida das equipes. Ela destacou que o programa social tem import\u00e2ncia fundamental no cotidiano das fam\u00edlias que moram em regi\u00f5es de dif\u00edcil acesso do Pantanal corumbaense, uma vez que leva a\u00e7\u00f5es m\u00e9dicas, odontol\u00f3gicas, sociais, assistenciais, educacionais e de fomento a pequenas produ\u00e7\u00f5es.<\/p>\n<p style=\"border: 0px; font-size: 17px; margin-top: 0px; margin-bottom: 1.6em; outline: 0px; padding: 0px; vertical-align: baseline; color: #808285; font-family: 'Roboto Condensed', sans-serif;\">A secret\u00e1ria ressaltou que a atua\u00e7\u00e3o do Programa Social Povo das \u00c1guas atende um r\u00edgido protocolo de biosseguran\u00e7a contra a Covid-19. Todos os servidores s\u00e3o testados antes da viagem. A medida busca evitar que a doen\u00e7a atinja os ribeirinhos que vivem nas regi\u00f5es de dif\u00edcil acesso do Pantanal corumbaense.<\/p>\n<p style=\"border: 0px; font-size: 17px; margin-top: 0px; margin-bottom: 1.6em; outline: 0px; padding: 0px; vertical-align: baseline; color: #808285; font-family: 'Roboto Condensed', sans-serif;\">Conforme o cronograma estabelecido pela Secretaria Municipal de Assist\u00eancia Social e Cidadania, at\u00e9 o dia 25 de janeiro ser\u00e3o assistidos os ribeirinhos do Alto Pantanal. Entre 28 de janeiro e 05 de fevereiro, a equipe retorna ao Taquari; de 12 a 19 de fevereiro ser\u00e3o atendidas as fam\u00edlias do Baixo Pantanal; e de 26 de fevereiro a 04 de mar\u00e7o os do Alto Pantanal. Desta forma, a Prefeitura completa as a\u00e7\u00f5es previstas para 2020, mas que sofreram altera\u00e7\u00e3o por causa da pandemia da Covid-19.<\/p>\n<p style=\"border: 0px; font-size: 17px; margin-top: 0px; margin-bottom: 1.6em; outline: 0px; padding: 0px; vertical-align: baseline; color: #808285; font-family: 'Roboto Condensed', sans-serif;\"><span style=\"border: 0px; font-style: inherit; font-weight: bold; margin: 0px; outline: 0px; padding: 0px; vertical-align: baseline;\">Cronograma<\/span><\/p>\n<p style=\"border: 0px; font-size: 17px; margin-top: 0px; margin-bottom: 1.6em; outline: 0px; padding: 0px; vertical-align: baseline; color: #808285; font-family: 'Roboto Condensed', sans-serif;\">Na quarta-feira, dia 20, o atendimento chega aos moradores da regi\u00e3o do Porto Santa Catarina, das 08h \u00e0s 12h, e das 14h \u00e0s 18h as equipes v\u00e3o atender no Porto Parada Dura, na casa do senhor Gilcimar e dona Jocy.<\/p>\n<p style=\"border: 0px; font-size: 17px; margin-top: 0px; margin-bottom: 1.6em; outline: 0px; padding: 0px; vertical-align: baseline; color: #808285; font-family: 'Roboto Condensed', sans-serif;\">No dia 21, quinta-feira, ser\u00e1 a vez dos moradores das regi\u00f5es S\u00e3o Francisco e Mato Grande, das 08h \u00e0s 12 horas no porto da Casa do senhor Daniel. Das 15h \u00e0s 17 horas o atendimento ser\u00e1 no Porto Bonfim e Porto S\u00e3o Pedro.<\/p>\n<p style=\"border: 0px; font-size: 17px; margin-top: 0px; margin-bottom: 1.6em; outline: 0px; padding: 0px; vertical-align: baseline; color: #808285; font-family: 'Roboto Condensed', sans-serif;\">Para a sexta-feira, 22 de janeiro, ser\u00e3o atendidos os moradores do Amolar e Barra S\u00e3o Louren\u00e7o, das 08h \u00e0s 12 horas, na Escola Municipal Rural de Educa\u00e7\u00e3o Integral \u2013 P\u00f3lo S\u00e3o Louren\u00e7o e Extens\u00f5es.<\/p>\n<p style=\"border: 0px; font-size: 17px; margin-top: 0px; margin-bottom: 1.6em; outline: 0px; padding: 0px; vertical-align: baseline; color: #808285; font-family: 'Roboto Condensed', sans-serif;\">No s\u00e1bado, 23, os servi\u00e7os ser\u00e3o prestados na regi\u00e3o do rio S\u00e3o Louren\u00e7o e Porto Novo Horizonte, das 09h \u00e0s 13h no Porto Mangueiral e Porto Novo Horizonte.<\/p>\n<p style=\"border: 0px; font-size: 17px; margin-top: 0px; margin-bottom: 1.6em; outline: 0px; padding: 0px; vertical-align: baseline; color: #808285; font-family: 'Roboto Condensed', sans-serif;\">O domingo, 24 de janeiro, reserva a descida do rio at\u00e9 a regi\u00e3o Domingos Ramos, onde as equipes atender\u00e3o na segunda-feira, dia 25, no Porto Maracangalha das 08h \u00e0s 12 horas. No mesmo dia acontecer\u00e3o atendimentos nas regi\u00f5es do Tagiloma, Tuiui\u00fa, Piuval e Capim Gordura na descida do rio. As equipes, que partiram na segunda, 18, \u00e0s 20 horas, retornam a Corumb\u00e1 no dia 25.<\/p>\n<p style=\"border: 0px; font-size: 17px; margin-top: 0px; margin-bottom: 1.6em; outline: 0px; padding: 0px; vertical-align: baseline; color: #808285; font-family: 'Roboto Condensed', sans-serif;\"><span style=\"border: 0px; font-style: inherit; font-weight: bold; margin: 0px; outline: 0px; padding: 0px; vertical-align: baseline;\">Levantamento<\/span><\/p>\n<p style=\"border: 0px; font-size: 17px; margin-top: 0px; margin-bottom: 1.6em; outline: 0px; padding: 0px; vertical-align: baseline; color: #808285; font-family: 'Roboto Condensed', sans-serif;\">Parceria da Prefeitura com o Governo do Estado permitir\u00e1 a realiza\u00e7\u00e3o de um\u00a0 levantamento, referente \u00e0s formas de abastecimento de \u00e1gua da popula\u00e7\u00e3o ribeirinha, que fazem divisa com o rio Paraguai, na Serra do Amolar.<\/p>\n<p style=\"border: 0px; font-size: 17px; margin-top: 0px; margin-bottom: 1.6em; outline: 0px; padding: 0px; vertical-align: baseline; color: #808285; font-family: 'Roboto Condensed', sans-serif;\">A iniciativa tem objetivo avaliar o impacto na qualidade da \u00e1gua para consumo humano nas regi\u00f5es atingidas pelos inc\u00eandios na regi\u00e3o do Pantanal, e tamb\u00e9m para organizar um poss\u00edvel monitoramento da qualidade da \u00e1gua para consumo, bem como apurar a atual situa\u00e7\u00e3o das condi\u00e7\u00f5es de abastecimento de \u00e1gua nas popula\u00e7\u00f5es ribeirinhas.<\/p>\n<div id=\"gallery-1\" class=\"gallery galleryid-108960 gallery-columns-3 gallery-size-large\" style=\"border: 0px; font-size: 17px; margin: 0px -10px; padding-top: 0px; padding-bottom: 0px; vertical-align: baseline; color: #808285; font-family: 'Roboto Condensed', sans-serif;\">\n<figure class=\"gallery-item\" style=\"box-sizing: inherit; display: inline-block; vertical-align: top; width: 331.047px; padding: 10px; border-radius: 2px; max-width: 33.33%;\">\n<div class=\"gallery-icon landscape\" style=\"border: 1px solid #eaeaea; font-style: inherit; font-weight: inherit; padding: 0px; vertical-align: baseline; border-radius: 2px 2px 0px 0px; overflow: hidden;\"><a style=\"border: 0px; font-style: inherit; font-weight: inherit; margin: 0px; padding: 0px; vertical-align: baseline; background-color: transparent; text-decoration-line: none; color: #13505b; transition-duration: 0.2s; transition-timing-function: linear; transition-property: all;\" href=\"https:\/\/www.corumba.ms.gov.br\/2021\/01\/povo-das-aguas-inicia-atendimento-aos-ribeirinhos-da-parte-alta-do-rio-paraguai\/whatsapp-image-2021-01-19-at-08-58-17-1-2\/\"><img loading=\"lazy\" decoding=\"async\" class=\"attachment-large size-large\" style=\"border-width: 0px; border-style: initial; vertical-align: middle;\" src=\"https:\/\/www.corumba.ms.gov.br\/wp-content\/uploads\/2021\/01\/WhatsApp-Image-2021-01-19-at-08.58.17-1-1-1024x683.jpeg\" sizes=\"auto, (max-width: 1024px) 100vw, 1024px\" srcset=\"https:\/\/www.corumba.ms.gov.br\/wp-content\/uploads\/2021\/01\/WhatsApp-Image-2021-01-19-at-08.58.17-1-1-1024x683.jpeg 1024w, https:\/\/www.corumba.ms.gov.br\/wp-content\/uploads\/2021\/01\/WhatsApp-Image-2021-01-19-at-08.58.17-1-1-300x200.jpeg 300w, https:\/\/www.corumba.ms.gov.br\/wp-content\/uploads\/2021\/01\/WhatsApp-Image-2021-01-19-at-08.58.17-1-1-768x512.jpeg 768w, https:\/\/www.corumba.ms.gov.br\/wp-content\/uploads\/2021\/01\/WhatsApp-Image-2021-01-19-at-08.58.17-1-1.jpeg 1200w\" alt=\"\" width=\"1024\" height=\"683\" aria-describedby=\"gallery-1-108962\" \/><\/a><\/div><figcaption id=\"gallery-1-108962\" class=\"wp-caption-text gallery-caption\" style=\"color: #000000; padding: 10px; border-radius: 0px 0px 2px 2px; border-right: 1px solid #eaeaea; border-bottom: 1px solid #eaeaea; border-left: 1px solid #eaeaea; border-image: initial; border-top: none; font-size: 0.9em;\">Profissionais da Prefeitura partiram na noite da segunda-feira, para os atendimentos (Foto: Cl\u00f3vis Neto\/PMC)<\/figcaption><\/figure>\n<figure class=\"gallery-item\" style=\"box-sizing: inherit; display: inline-block; vertical-align: top; width: 331.047px; padding: 10px; border-radius: 2px; max-width: 33.33%;\">\n<div class=\"gallery-icon landscape\" style=\"border: 1px solid #eaeaea; font-style: inherit; font-weight: inherit; padding: 0px; vertical-align: baseline; border-radius: 2px 2px 0px 0px; overflow: hidden;\"><a style=\"border: 0px; font-style: inherit; font-weight: inherit; margin: 0px; padding: 0px; vertical-align: baseline; background-color: transparent; text-decoration-line: none; color: #13505b; transition-duration: 0.2s; transition-timing-function: linear; transition-property: all;\" href=\"https:\/\/www.corumba.ms.gov.br\/2021\/01\/povo-das-aguas-inicia-atendimento-aos-ribeirinhos-da-parte-alta-do-rio-paraguai\/whatsapp-image-2021-01-19-at-08-58-17\/\"><img loading=\"lazy\" decoding=\"async\" class=\"attachment-large size-large\" style=\"border-width: 0px; border-style: initial; vertical-align: middle;\" src=\"https:\/\/www.corumba.ms.gov.br\/wp-content\/uploads\/2021\/01\/WhatsApp-Image-2021-01-19-at-08.58.17-1024x683.jpeg\" sizes=\"auto, (max-width: 1024px) 100vw, 1024px\" srcset=\"https:\/\/www.corumba.ms.gov.br\/wp-content\/uploads\/2021\/01\/WhatsApp-Image-2021-01-19-at-08.58.17-1024x683.jpeg 1024w, https:\/\/www.corumba.ms.gov.br\/wp-content\/uploads\/2021\/01\/WhatsApp-Image-2021-01-19-at-08.58.17-300x200.jpeg 300w, https:\/\/www.corumba.ms.gov.br\/wp-content\/uploads\/2021\/01\/WhatsApp-Image-2021-01-19-at-08.58.17-768x512.jpeg 768w, https:\/\/www.corumba.ms.gov.br\/wp-content\/uploads\/2021\/01\/WhatsApp-Image-2021-01-19-at-08.58.17.jpeg 1200w\" alt=\"\" width=\"1024\" height=\"683\" aria-describedby=\"gallery-1-108963\" \/><\/a><\/div><figcaption id=\"gallery-1-108963\" class=\"wp-caption-text gallery-caption\" style=\"color: #000000; padding: 10px; border-radius: 0px 0px 2px 2px; border-right: 1px solid #eaeaea; border-bottom: 1px solid #eaeaea; border-left: 1px solid #eaeaea; border-image: initial; border-top: none; font-size: 0.9em;\">Profissionais da Prefeitura partiram na noite da segunda-feira, para os atendimentos (Foto: Cl\u00f3vis Neto\/PMC)<\/figcaption><\/figure>\n<figure class=\"gallery-item\" style=\"box-sizing: inherit; display: inline-block; vertical-align: top; width: 331.047px; padding: 10px; border-radius: 2px; max-width: 33.33%;\">\n<div class=\"gallery-icon landscape\" style=\"border: 1px solid #eaeaea; font-style: inherit; font-weight: inherit; padding: 0px; vertical-align: baseline; border-radius: 2px 2px 0px 0px; overflow: hidden;\"><a style=\"border: 0px; font-style: inherit; font-weight: inherit; margin: 0px; padding: 0px; vertical-align: baseline; background-color: transparent; text-decoration-line: none; color: #13505b; transition-duration: 0.2s; transition-timing-function: linear; transition-property: all;\" href=\"https:\/\/www.corumba.ms.gov.br\/2021\/01\/povo-das-aguas-inicia-atendimento-aos-ribeirinhos-da-parte-alta-do-rio-paraguai\/whatsapp-image-2021-01-19-at-08-58-18\/\"><img loading=\"lazy\" decoding=\"async\" class=\"attachment-large size-large\" style=\"border-width: 0px; border-style: initial; vertical-align: middle;\" src=\"https:\/\/www.corumba.ms.gov.br\/wp-content\/uploads\/2021\/01\/WhatsApp-Image-2021-01-19-at-08.58.18-1024x683.jpeg\" sizes=\"auto, (max-width: 1024px) 100vw, 1024px\" srcset=\"https:\/\/www.corumba.ms.gov.br\/wp-content\/uploads\/2021\/01\/WhatsApp-Image-2021-01-19-at-08.58.18-1024x683.jpeg 1024w, https:\/\/www.corumba.ms.gov.br\/wp-content\/uploads\/2021\/01\/WhatsApp-Image-2021-01-19-at-08.58.18-300x200.jpeg 300w, https:\/\/www.corumba.ms.gov.br\/wp-content\/uploads\/2021\/01\/WhatsApp-Image-2021-01-19-at-08.58.18-768x512.jpeg 768w, https:\/\/www.corumba.ms.gov.br\/wp-content\/uploads\/2021\/01\/WhatsApp-Image-2021-01-19-at-08.58.18.jpeg 1200w\" alt=\"\" width=\"1024\" height=\"683\" aria-describedby=\"gallery-1-108964\" \/><\/a><\/div><figcaption id=\"gallery-1-108964\" class=\"wp-caption-text gallery-caption\" style=\"color: #000000; padding: 10px; border-radius: 0px 0px 2px 2px; border-right: 1px solid #eaeaea; border-bottom: 1px solid #eaeaea; border-left: 1px solid #eaeaea; border-image: initial; border-top: none; font-size: 0.9em;\">Profissionais da Prefeitura partiram na noite da segunda-feira, para os atendimentos (Foto: Cl\u00f3vis Neto\/PMC)<\/figcaption><\/figure>\n<figure class=\"gallery-item\" style=\"box-sizing: inherit; display: inline-block; vertical-align: top; width: 331.047px; padding: 10px; border-radius: 2px; max-width: 33.33%;\">\n<div class=\"gallery-icon landscape\" style=\"border: 1px solid #eaeaea; font-style: inherit; font-weight: inherit; padding: 0px; vertical-align: baseline; border-radius: 2px 2px 0px 0px; overflow: hidden;\"><a style=\"border: 0px; font-style: inherit; font-weight: inherit; margin: 0px; padding: 0px; vertical-align: baseline; background-color: transparent; text-decoration-line: none; color: #13505b; transition-duration: 0.2s; transition-timing-function: linear; transition-property: all;\" href=\"https:\/\/www.corumba.ms.gov.br\/2021\/01\/povo-das-aguas-inicia-atendimento-aos-ribeirinhos-da-parte-alta-do-rio-paraguai\/whatsapp-image-2021-01-19-at-08-58-19-1\/\"><img loading=\"lazy\" decoding=\"async\" class=\"attachment-large size-large\" style=\"border-width: 0px; border-style: initial; vertical-align: middle;\" src=\"https:\/\/www.corumba.ms.gov.br\/wp-content\/uploads\/2021\/01\/WhatsApp-Image-2021-01-19-at-08.58.19-1-1024x683.jpeg\" sizes=\"auto, (max-width: 1024px) 100vw, 1024px\" srcset=\"https:\/\/www.corumba.ms.gov.br\/wp-content\/uploads\/2021\/01\/WhatsApp-Image-2021-01-19-at-08.58.19-1-1024x683.jpeg 1024w, https:\/\/www.corumba.ms.gov.br\/wp-content\/uploads\/2021\/01\/WhatsApp-Image-2021-01-19-at-08.58.19-1-300x200.jpeg 300w, https:\/\/www.corumba.ms.gov.br\/wp-content\/uploads\/2021\/01\/WhatsApp-Image-2021-01-19-at-08.58.19-1-768x512.jpeg 768w, https:\/\/www.corumba.ms.gov.br\/wp-content\/uploads\/2021\/01\/WhatsApp-Image-2021-01-19-at-08.58.19-1.jpeg 1200w\" alt=\"\" width=\"1024\" height=\"683\" aria-describedby=\"gallery-1-108965\" \/><\/a><\/div><figcaption id=\"gallery-1-108965\" class=\"wp-caption-text gallery-caption\" style=\"color: #000000; padding: 10px; border-radius: 0px 0px 2px 2px; border-right: 1px solid #eaeaea; border-bottom: 1px solid #eaeaea; border-left: 1px solid #eaeaea; border-image: initial; border-top: none; font-size: 0.9em;\">Profissionais da Prefeitura partiram na noite da segunda-feira, para os atendimentos (Foto: Cl\u00f3vis Neto\/PMC)<\/figcaption><\/figure>\n<figure class=\"gallery-item\" style=\"box-sizing: inherit; display: inline-block; vertical-align: top; width: 331.047px; padding: 10px; border-radius: 2px; max-width: 33.33%;\">\n<div class=\"gallery-icon landscape\" style=\"border: 1px solid #eaeaea; font-style: inherit; font-weight: inherit; padding: 0px; vertical-align: baseline; border-radius: 2px 2px 0px 0px; overflow: hidden;\"><a style=\"border: 0px; font-style: inherit; font-weight: inherit; margin: 0px; padding: 0px; vertical-align: baseline; background-color: transparent; text-decoration-line: none; color: #13505b; transition-duration: 0.2s; transition-timing-function: linear; transition-property: all;\" href=\"https:\/\/www.corumba.ms.gov.br\/2021\/01\/povo-das-aguas-inicia-atendimento-aos-ribeirinhos-da-parte-alta-do-rio-paraguai\/whatsapp-image-2021-01-19-at-08-58-19-2\/\"><img loading=\"lazy\" decoding=\"async\" class=\"attachment-large size-large\" style=\"border-width: 0px; border-style: initial; vertical-align: middle;\" src=\"https:\/\/www.corumba.ms.gov.br\/wp-content\/uploads\/2021\/01\/WhatsApp-Image-2021-01-19-at-08.58.19-2-1024x683.jpeg\" sizes=\"auto, (max-width: 1024px) 100vw, 1024px\" srcset=\"https:\/\/www.corumba.ms.gov.br\/wp-content\/uploads\/2021\/01\/WhatsApp-Image-2021-01-19-at-08.58.19-2-1024x683.jpeg 1024w, https:\/\/www.corumba.ms.gov.br\/wp-content\/uploads\/2021\/01\/WhatsApp-Image-2021-01-19-at-08.58.19-2-300x200.jpeg 300w, https:\/\/www.corumba.ms.gov.br\/wp-content\/uploads\/2021\/01\/WhatsApp-Image-2021-01-19-at-08.58.19-2-768x512.jpeg 768w, https:\/\/www.corumba.ms.gov.br\/wp-content\/uploads\/2021\/01\/WhatsApp-Image-2021-01-19-at-08.58.19-2.jpeg 1200w\" alt=\"\" width=\"1024\" height=\"683\" aria-describedby=\"gallery-1-108966\" \/><\/a><\/div><figcaption id=\"gallery-1-108966\" class=\"wp-caption-text gallery-caption\" style=\"color: #000000; padding: 10px; border-radius: 0px 0px 2px 2px; border-right: 1px solid #eaeaea; border-bottom: 1px solid #eaeaea; border-left: 1px solid #eaeaea; border-image: initial; border-top: none; font-size: 0.9em;\">Profissionais da Prefeitura partiram na noite da segunda-feira, para os atendimentos (Foto: Cl\u00f3vis Neto\/PMC)<\/figcaption><\/figure>\n<figure class=\"gallery-item\" style=\"box-sizing: inherit; display: inline-block; vertical-align: top; width: 331.047px; padding: 10px; border-radius: 2px; max-width: 33.33%;\">\n<div class=\"gallery-icon landscape\" style=\"border: 1px solid #eaeaea; font-style: inherit; font-weight: inherit; padding: 0px; vertical-align: baseline; border-radius: 2px 2px 0px 0px; overflow: hidden;\"><a style=\"border: 0px; font-style: inherit; font-weight: inherit; margin: 0px; padding: 0px; vertical-align: baseline; background-color: transparent; text-decoration-line: none; color: #13505b; transition-duration: 0.2s; transition-timing-function: linear; transition-property: all;\" href=\"https:\/\/www.corumba.ms.gov.br\/2021\/01\/povo-das-aguas-inicia-atendimento-aos-ribeirinhos-da-parte-alta-do-rio-paraguai\/whatsapp-image-2021-01-19-at-08-58-19-3\/\"><img loading=\"lazy\" decoding=\"async\" class=\"attachment-large size-large\" style=\"border-width: 0px; border-style: initial; vertical-align: middle;\" src=\"https:\/\/www.corumba.ms.gov.br\/wp-content\/uploads\/2021\/01\/WhatsApp-Image-2021-01-19-at-08.58.19-3-1024x683.jpeg\" sizes=\"auto, (max-width: 1024px) 100vw, 1024px\" srcset=\"https:\/\/www.corumba.ms.gov.br\/wp-content\/uploads\/2021\/01\/WhatsApp-Image-2021-01-19-at-08.58.19-3-1024x683.jpeg 1024w, https:\/\/www.corumba.ms.gov.br\/wp-content\/uploads\/2021\/01\/WhatsApp-Image-2021-01-19-at-08.58.19-3-300x200.jpeg 300w, https:\/\/www.corumba.ms.gov.br\/wp-content\/uploads\/2021\/01\/WhatsApp-Image-2021-01-19-at-08.58.19-3-768x512.jpeg 768w, https:\/\/www.corumba.ms.gov.br\/wp-content\/uploads\/2021\/01\/WhatsApp-Image-2021-01-19-at-08.58.19-3.jpeg 1200w\" alt=\"\" width=\"1024\" height=\"683\" aria-describedby=\"gallery-1-108967\" \/><\/a><\/div><figcaption id=\"gallery-1-108967\" class=\"wp-caption-text gallery-caption\" style=\"color: #000000; padding: 10px; border-radius: 0px 0px 2px 2px; border-right: 1px solid #eaeaea; border-bottom: 1px solid #eaeaea; border-left: 1px solid #eaeaea; border-image: initial; border-top: none; font-size: 0.9em;\">Profissionais da Prefeitura partiram na noite da segunda-feira, para os atendimentos (Foto: Cl\u00f3vis Neto\/PMC)<\/figcaption><\/figure>\n<figure class=\"gallery-item\" style=\"box-sizing: inherit; display: inline-block; vertical-align: top; width: 331.047px; padding: 10px; border-radius: 2px; max-width: 33.33%;\">\n<div class=\"gallery-icon landscape\" style=\"border: 1px solid #eaeaea; font-style: inherit; font-weight: inherit; padding: 0px; vertical-align: baseline; border-radius: 2px 2px 0px 0px; overflow: hidden;\"><a style=\"border: 0px; font-style: inherit; font-weight: inherit; margin: 0px; padding: 0px; vertical-align: baseline; background-color: transparent; text-decoration-line: none; color: #13505b; transition-duration: 0.2s; transition-timing-function: linear; transition-property: all;\" href=\"https:\/\/www.corumba.ms.gov.br\/2021\/01\/povo-das-aguas-inicia-atendimento-aos-ribeirinhos-da-parte-alta-do-rio-paraguai\/whatsapp-image-2021-01-19-at-08-58-19\/\"><img loading=\"lazy\" decoding=\"async\" class=\"attachment-large size-large\" style=\"border-width: 0px; border-style: initial; vertical-align: middle;\" src=\"https:\/\/www.corumba.ms.gov.br\/wp-content\/uploads\/2021\/01\/WhatsApp-Image-2021-01-19-at-08.58.19-1024x683.jpeg\" sizes=\"auto, (max-width: 1024px) 100vw, 1024px\" srcset=\"https:\/\/www.corumba.ms.gov.br\/wp-content\/uploads\/2021\/01\/WhatsApp-Image-2021-01-19-at-08.58.19-1024x683.jpeg 1024w, https:\/\/www.corumba.ms.gov.br\/wp-content\/uploads\/2021\/01\/WhatsApp-Image-2021-01-19-at-08.58.19-300x200.jpeg 300w, https:\/\/www.corumba.ms.gov.br\/wp-content\/uploads\/2021\/01\/WhatsApp-Image-2021-01-19-at-08.58.19-768x512.jpeg 768w, https:\/\/www.corumba.ms.gov.br\/wp-content\/uploads\/2021\/01\/WhatsApp-Image-2021-01-19-at-08.58.19.jpeg 1200w\" alt=\"\" width=\"1024\" height=\"683\" aria-describedby=\"gallery-1-108968\" \/><\/a><\/div><figcaption id=\"gallery-1-108968\" class=\"wp-caption-text gallery-caption\" style=\"color: #000000; padding: 10px; border-radius: 0px 0px 2px 2px; border-right: 1px solid #eaeaea; border-bottom: 1px solid #eaeaea; border-left: 1px solid #eaeaea; border-image: initial; border-top: none; font-size: 0.9em;\">Profissionais da Prefeitura partiram na noite da segunda-feira, para os atendimentos (Foto: Cl\u00f3vis Neto\/PMC)<\/figcaption><\/figure>\n<figure class=\"gallery-item\" style=\"box-sizing: inherit; display: inline-block; vertical-align: top; width: 331.047px; padding: 10px; border-radius: 2px; max-width: 33.33%;\">\n<div class=\"gallery-icon landscape\" style=\"border: 1px solid #eaeaea; font-style: inherit; font-weight: inherit; padding: 0px; vertical-align: baseline; border-radius: 2px 2px 0px 0px; overflow: hidden;\"><a style=\"border: 0px; font-style: inherit; font-weight: inherit; margin: 0px; padding: 0px; vertical-align: baseline; background-color: transparent; text-decoration-line: none; color: #13505b; transition-duration: 0.2s; transition-timing-function: linear; transition-property: all;\" href=\"https:\/\/www.corumba.ms.gov.br\/2021\/01\/povo-das-aguas-inicia-atendimento-aos-ribeirinhos-da-parte-alta-do-rio-paraguai\/whatsapp-image-2021-01-19-at-08-58-20-1\/\"><img loading=\"lazy\" decoding=\"async\" class=\"attachment-large size-large\" style=\"border-width: 0px; border-style: initial; vertical-align: middle;\" src=\"https:\/\/www.corumba.ms.gov.br\/wp-content\/uploads\/2021\/01\/WhatsApp-Image-2021-01-19-at-08.58.20-1-1024x683.jpeg\" sizes=\"auto, (max-width: 1024px) 100vw, 1024px\" srcset=\"https:\/\/www.corumba.ms.gov.br\/wp-content\/uploads\/2021\/01\/WhatsApp-Image-2021-01-19-at-08.58.20-1-1024x683.jpeg 1024w, https:\/\/www.corumba.ms.gov.br\/wp-content\/uploads\/2021\/01\/WhatsApp-Image-2021-01-19-at-08.58.20-1-300x200.jpeg 300w, https:\/\/www.corumba.ms.gov.br\/wp-content\/uploads\/2021\/01\/WhatsApp-Image-2021-01-19-at-08.58.20-1-768x512.jpeg 768w, https:\/\/www.corumba.ms.gov.br\/wp-content\/uploads\/2021\/01\/WhatsApp-Image-2021-01-19-at-08.58.20-1.jpeg 1200w\" alt=\"\" width=\"1024\" height=\"683\" aria-describedby=\"gallery-1-108969\" \/><\/a><\/div><figcaption id=\"gallery-1-108969\" class=\"wp-caption-text gallery-caption\" style=\"color: #000000; padding: 10px; border-radius: 0px 0px 2px 2px; border-right: 1px solid #eaeaea; border-bottom: 1px solid #eaeaea; border-left: 1px solid #eaeaea; border-image: initial; border-top: none; font-size: 0.9em;\">Profissionais da Prefeitura partiram na noite da segunda-feira, para os atendimentos (Foto: Cl\u00f3vis Neto\/PMC)<\/figcaption><\/figure>\n<figure class=\"gallery-item\" style=\"box-sizing: inherit; display: inline-block; vertical-align: top; width: 331.047px; padding: 10px; border-radius: 2px; max-width: 33.33%;\">\n<div class=\"gallery-icon landscape\" style=\"border: 1px solid #eaeaea; font-style: inherit; font-weight: inherit; padding: 0px; vertical-align: baseline; border-radius: 2px 2px 0px 0px; overflow: hidden;\"><a style=\"border: 0px; font-style: inherit; font-weight: inherit; margin: 0px; padding: 0px; vertical-align: baseline; background-color: transparent; text-decoration-line: none; color: #13505b; transition-duration: 0.2s; transition-timing-function: linear; transition-property: all;\" href=\"https:\/\/www.corumba.ms.gov.br\/2021\/01\/povo-das-aguas-inicia-atendimento-aos-ribeirinhos-da-parte-alta-do-rio-paraguai\/whatsapp-image-2021-01-19-at-08-58-20-2\/\"><img loading=\"lazy\" decoding=\"async\" class=\"attachment-large size-large\" style=\"border-width: 0px; border-style: initial; vertical-align: middle;\" src=\"https:\/\/www.corumba.ms.gov.br\/wp-content\/uploads\/2021\/01\/WhatsApp-Image-2021-01-19-at-08.58.20-2-1024x683.jpeg\" sizes=\"auto, (max-width: 1024px) 100vw, 1024px\" srcset=\"https:\/\/www.corumba.ms.gov.br\/wp-content\/uploads\/2021\/01\/WhatsApp-Image-2021-01-19-at-08.58.20-2-1024x683.jpeg 1024w, https:\/\/www.corumba.ms.gov.br\/wp-content\/uploads\/2021\/01\/WhatsApp-Image-2021-01-19-at-08.58.20-2-300x200.jpeg 300w, https:\/\/www.corumba.ms.gov.br\/wp-content\/uploads\/2021\/01\/WhatsApp-Image-2021-01-19-at-08.58.20-2-768x512.jpeg 768w, https:\/\/www.corumba.ms.gov.br\/wp-content\/uploads\/2021\/01\/WhatsApp-Image-2021-01-19-at-08.58.20-2.jpeg 1200w\" alt=\"\" width=\"1024\" height=\"683\" aria-describedby=\"gallery-1-108970\" \/><\/a><\/div><figcaption id=\"gallery-1-108970\" class=\"wp-caption-text gallery-caption\" style=\"color: #000000; padding: 10px; border-radius: 0px 0px 2px 2px; border-right: 1px solid #eaeaea; border-bottom: 1px solid #eaeaea; border-left: 1px solid #eaeaea; border-image: initial; border-top: none; font-size: 0.9em;\">Profissionais da Prefeitura partiram na noite da segunda-feira, para os atendimentos (Foto: Cl\u00f3vis Neto\/PMC)<\/figcaption><\/figure>\n<figure class=\"gallery-item\" style=\"box-sizing: inherit; display: inline-block; margin-bottom: 2em; vertical-align: top; width: 331.047px; padding: 10px; border-radius: 2px; max-width: 33.33%;\">\n<div class=\"gallery-icon landscape\" style=\"border: 1px solid #eaeaea; font-style: inherit; font-weight: inherit; padding: 0px; vertical-align: baseline; border-radius: 2px 2px 0px 0px; overflow: hidden;\"><a style=\"border: 0px; font-style: inherit; font-weight: inherit; margin: 0px; padding: 0px; vertical-align: baseline; background-color: transparent; text-decoration-line: none; color: #13505b; transition-duration: 0.2s; transition-timing-function: linear; transition-property: all;\" href=\"https:\/\/www.corumba.ms.gov.br\/2021\/01\/povo-das-aguas-inicia-atendimento-aos-ribeirinhos-da-parte-alta-do-rio-paraguai\/whatsapp-image-2021-01-19-at-08-58-20\/\"><img loading=\"lazy\" decoding=\"async\" class=\"attachment-large size-large\" style=\"border-width: 0px; border-style: initial; vertical-align: middle;\" src=\"https:\/\/www.corumba.ms.gov.br\/wp-content\/uploads\/2021\/01\/WhatsApp-Image-2021-01-19-at-08.58.20-1024x683.jpeg\" sizes=\"auto, (max-width: 1024px) 100vw, 1024px\" srcset=\"https:\/\/www.corumba.ms.gov.br\/wp-content\/uploads\/2021\/01\/WhatsApp-Image-2021-01-19-at-08.58.20-1024x683.jpeg 1024w, https:\/\/www.corumba.ms.gov.br\/wp-content\/uploads\/2021\/01\/WhatsApp-Image-2021-01-19-at-08.58.20-300x200.jpeg 300w, https:\/\/www.corumba.ms.gov.br\/wp-content\/uploads\/2021\/01\/WhatsApp-Image-2021-01-19-at-08.58.20-768x512.jpeg 768w, https:\/\/www.corumba.ms.gov.br\/wp-content\/uploads\/2021\/01\/WhatsApp-Image-2021-01-19-at-08.58.20.jpeg 1200w\" alt=\"\" width=\"1024\" height=\"683\" aria-describedby=\"gallery-1-108971\" \/><\/a><\/div><figcaption id=\"gallery-1-108971\" class=\"wp-caption-text gallery-caption\" style=\"color: #000000; padding: 10px; border-radius: 0px 0px 2px 2px; border-right: 1px solid #eaeaea; border-bottom: 1px solid #eaeaea; border-left: 1px solid #eaeaea; border-image: initial; border-top: none; font-size: 0.9em;\">Profissionais da Prefeitura partiram na noite da segunda-feira, para os atendimentos (Foto: Cl\u00f3vis Neto\/PMC)<\/figcaption><\/figure>\n<\/div>\n","protected":false},"excerpt":{"rendered":"<p>A Prefeitura de Corumb\u00e1 iniciou na manh\u00e3 de hoje, 19 de janeiro, os atendimentos do&#8230;<\/p>\n","protected":false},"author":70,"featured_media":11711484,"comment_status":"closed","ping_status":"closed","sticky":false,"template":"","format":"standard","meta":{"footnotes":""},"categories":[14],"tags":[],"class_list":["post-11711483","post","type-post","status-publish","format-standard","has-post-thumbnail","hentry","category-geral"],"_links":{"self":[{"href":"https:\/\/www.corumbaonline.com.br\/news\/wp-json\/wp\/v2\/posts\/11711483","targetHints":{"allow":["GET"]}}],"collection":[{"href":"https:\/\/www.corumbaonline.com.br\/news\/wp-json\/wp\/v2\/posts"}],"about":[{"href":"https:\/\/www.corumbaonline.com.br\/news\/wp-json\/wp\/v2\/types\/post"}],"author":[{"embeddable":true,"href":"https:\/\/www.corumbaonline.com.br\/news\/wp-json\/wp\/v2\/users\/70"}],"replies":[{"embeddable":true,"href":"https:\/\/www.corumbaonline.com.br\/news\/wp-json\/wp\/v2\/comments?post=11711483"}],"version-history":[{"count":1,"href":"https:\/\/www.corumbaonline.com.br\/news\/wp-json\/wp\/v2\/posts\/11711483\/revisions"}],"predecessor-version":[{"id":11711485,"href":"https:\/\/www.corumbaonline.com.br\/news\/wp-json\/wp\/v2\/posts\/11711483\/revisions\/11711485"}],"wp:featuredmedia":[{"embeddable":true,"href":"https:\/\/www.corumbaonline.com.br\/news\/wp-json\/wp\/v2\/media\/11711484"}],"wp:attachment":[{"href":"https:\/\/www.corumbaonline.com.br\/news\/wp-json\/wp\/v2\/media?parent=11711483"}],"wp:term":[{"taxonomy":"category","embeddable":true,"href":"https:\/\/www.corumbaonline.com.br\/news\/wp-json\/wp\/v2\/categories?post=11711483"},{"taxonomy":"post_tag","embeddable":true,"href":"https:\/\/www.corumbaonline.com.br\/news\/wp-json\/wp\/v2\/tags?post=11711483"}],"curies":[{"name":"wp","href":"https:\/\/api.w.org\/{rel}","templated":true}]}}